{"id":74,"date":"2026-04-20T14:20:12","date_gmt":"2026-04-20T12:20:12","guid":{"rendered":"https:\/\/www.kanvas.no\/abracadabra\/2026\/04\/20\/informasjonshefte\/"},"modified":"2026-04-20T14:20:12","modified_gmt":"2026-04-20T12:20:12","slug":"informasjonshefte","status":"publish","type":"post","link":"https:\/\/www.kanvas.no\/abracadabra\/2026\/04\/20\/informasjonshefte\/","title":{"rendered":"Informasjonshefte"},"content":{"rendered":"<div class=\"t2-featured-content-layout alignwide wp-block-t2-featured-content-layout dont-print\">\n<div class=\"t2-featured-query-post t2-featured-content wp-block-t2-featured-query-post t2-featured-content-layout-col-4 t2-featured-content-layout-col-2-mobile\">\n\t\t\t\t\t<a class=\"t2-post-link wp-block-t2-post-link\" href=\"#om-barnehagen\"><\/p>\n<figure class=\"t2-post-featured-image has-image-ratio-16-9 wp-block-t2-post-featured-image\"><img decoding=\"async\" src=\"https:\/\/backstage.mykid.no\/_ajax\/download?t=eyJ0eXAiOiJKV1QiLCJhbGciOiJIUzI1NiJ9.eyJpYXQiOjE3NzY2ODc2MTIsImV4cCI6MjA5MjY4NzYxMiwiZmlsZV9pZCI6InM0V3psUTd4MnZhcDZxaWlFZnZGeFB3K2FVRDVLUDZ0TVRrTi9QM0JEckdLbzA0TnpMNWIydm14bUdzdHN2ZFpjZTV0aC9QbjJYR2U5NGp3R002akFoM1NBeHVXR1crVDhIaVNYVGd3bFhVV0g4TWlMWlVaSVZxZ2Jaa1hwNzhyV3NmVnZuOHhTUTNkK3dmazNXdGlVaGt6YnNLSTc3anFIeDNXM1BlWFFPSEJyK2hZUlY4RVZIbFU0RWZLNGFiMCIsImZpbGVuYW1lIjoiNl81NDdfODQ1NjgyMDEzNjAxMmI4OGZlMzRhZGYwYzgxNTU5MWUuanBnIn0.ufW8RmkcqXlhuJGsnUaE1o7HFlfKQH70GbPDiaeJXeg\" alt=\"\" \/><\/figure>\n<div class=\"wp-block-group alignfull is-layout-flow\">\n<h2 class=\"t2-post-title wp-block-t2-post-title fluid-2\">Om barnehagen<\/h2>\n<div class=\"t2-post-excerpt wp-block-t2-excerpt\">\n\t\t\t\t\t\t\t\tHer finner du fakta om barnehagen, \u00e5pningstider og kontaktinformasjon.\n\t\t\t\t\t\t\t<\/div>\n<\/p><\/div>\n<p>\t\t\t\t\t<\/a>\n\t\t\t\t<\/div>\n<div class=\"t2-featured-query-post t2-featured-content wp-block-t2-featured-query-post t2-featured-content-layout-col-4 t2-featured-content-layout-col-2-mobile\">\n\t\t\t\t\t<a class=\"t2-post-link wp-block-t2-post-link\" href=\"#ny-i-barnehagen\"><\/p>\n<figure class=\"t2-post-featured-image has-image-ratio-16-9 wp-block-t2-post-featured-image\"><img decoding=\"async\" src=\"https:\/\/backstage.mykid.no\/_ajax\/download?t=eyJ0eXAiOiJKV1QiLCJhbGciOiJIUzI1NiJ9.eyJpYXQiOjE3NzY2ODc2MTIsImV4cCI6MjA5MjY4NzYxMiwiZmlsZV9pZCI6Im1saXBJamxIaCtObFFhSmxxZFdVTnMwZGtKRFBST21iZytneHRrQzZETVNIZ01Na2p2dXg3alEvdjl3SWVmQ2lVaEFvOHlMcXFjYUJlVEFwS3lraXZpSVZhQ1lkMWdGcjdhcW5ocTBpWDhuTHlRM3NWb2VrYVc3Q3VVNGFCVXl5Q3NNMVJRU2VVejZRd2sybTg4N3FDdHNSS3Z5Wm9JZlA2Y0RIYm5UNDZmalduZnVCaTNMUVBEaUJaTEtWYmhBeCIsImZpbGVuYW1lIjoiNl81NDdfMWM5NWY1YzQ1OTdiYjYxYTRkOGRkZjA3NTk0NmZhYzUuanBnIn0.jBAUhTx8-knBg9JOpBY8UJ3Yualio4M9NNCCYJGSSZc\" alt=\"\" \/><\/figure>\n<div class=\"wp-block-group alignfull is-layout-flow\">\n<h2 class=\"t2-post-title wp-block-t2-post-title fluid-2\">Ny i barnehagen<\/h2>\n<div class=\"t2-post-excerpt wp-block-t2-excerpt\">\n\t\t\t\t\t\t\t\tHer finner du info om tilvenning, startsamtalen og hva du b\u00f8r vite f\u00f8r oppstart.\n\t\t\t\t\t\t\t<\/div>\n<\/p><\/div>\n<p>\t\t\t\t\t<\/a>\n\t\t\t\t<\/div>\n<div class=\"t2-featured-query-post t2-featured-content wp-block-t2-featured-query-post t2-featured-content-layout-col-4 t2-featured-content-layout-col-2-mobile\">\n\t\t\t\t\t<a class=\"t2-post-link wp-block-t2-post-link\" href=\"#praktisk-info\"><\/p>\n<figure class=\"t2-post-featured-image has-image-ratio-16-9 wp-block-t2-post-featured-image\"><img decoding=\"async\" src=\"https:\/\/backstage.mykid.no\/_ajax\/download?t=eyJ0eXAiOiJKV1QiLCJhbGciOiJIUzI1NiJ9.eyJpYXQiOjE3NzY2ODc2MTIsImV4cCI6MjA5MjY4NzYxMiwiZmlsZV9pZCI6IlVvdDk1VVg5LytDL0xIaFozeDFIWEh0b2tyTXNFSU5LaFMxT0FmczRMbFIxK2w4M2pnZS85RHZ4cEE0L0x6TDFWYkY4czkwdEJzQm5sNU9nVUNwMDQyS0gxVVZIS0FsM3JrQ1hSdVZHNm4rbXdCMzI2MzBOUkhtN2NVR1V5R2ovUzVKUFIveDVGRWthZmVNdHdsQmpUc29DNU0rTXNWUUVta1I0NnphR3lSTy9mOWowZmV3TXVsYW8xSjJiMlJDeCIsImZpbGVuYW1lIjoiNl81NDdfMGU1ZGRhODFmMDRkNzE2NGJkMzU3OTM2MjZmOTU3MDIuanBnIn0.IFUHh2NgHnZKItJKGwaf2dGQemwoMnBh-vxZIrwzOOs\" alt=\"\" \/><\/figure>\n<div class=\"wp-block-group alignfull is-layout-flow\">\n<h2 class=\"t2-post-title wp-block-t2-post-title fluid-2\">Praktisk info<\/h2>\n<div class=\"t2-post-excerpt wp-block-t2-excerpt\">\n\t\t\t\t\t\t\t\tHer finner du informasjon om bl.a. kl\u00e6r og utstyr, mat, soving, sykt barn, ferie og forsikring.\n\t\t\t\t\t\t\t<\/div>\n<\/p><\/div>\n<p>\t\t\t\t\t<\/a>\n\t\t\t\t<\/div>\n<div class=\"t2-featured-query-post t2-featured-content wp-block-t2-featured-query-post t2-featured-content-layout-col-4 t2-featured-content-layout-col-2-mobile\">\n\t\t\t\t\t<a class=\"t2-post-link wp-block-t2-post-link\" href=\"#barnehagehverdagen\"><\/p>\n<figure class=\"t2-post-featured-image has-image-ratio-16-9 wp-block-t2-post-featured-image\"><img decoding=\"async\" src=\"https:\/\/backstage.mykid.no\/_ajax\/download?t=eyJ0eXAiOiJKV1QiLCJhbGciOiJIUzI1NiJ9.eyJpYXQiOjE3NzY2ODc2MTIsImV4cCI6MjA5MjY4NzYxMiwiZmlsZV9pZCI6IjlxN1ZrWmhqOXNzNUJZSUFETHQyRUQ4UzcxeEc4Y2plUzFrMHNXMEZjQ2dLcTczOVFEK1R6Tk9LSjlzdTFxV3Z1Q1c4YUovenp1VUE4SDA2b1o5eE95cXdONFNpL09FenlZaFJXUTJ0MGZCb2phc200amQ5cVJUY3ByVzJLZXdTYkdaVGdoSnh5RDNqZm9uYzE3R3czSHZJaHVrai9uWkZPb1hNTkNUTW9VamJldGNyVExINmNMeWRzcUphNmZvRCIsImZpbGVuYW1lIjoiNl81NDdfZDA5ZDlhODczN2ZmNzBkMGZkZTY0ZmVmNzA5NTFmNTUuanBnIn0.BpIkxR_TL_EtlR6WJvMr5MHiO2C5Dybbt_s4UXUvRK0\" alt=\"\" \/><\/figure>\n<div class=\"wp-block-group alignfull is-layout-flow\">\n<h2 class=\"t2-post-title wp-block-t2-post-title fluid-2\">Barnehagehverdagen<\/h2>\n<div class=\"t2-post-excerpt wp-block-t2-excerpt\">\n\t\t\t\t\t\t\t\tHer finner du informasjon om bl.a. dagsrytme, aktiviteter og bemanning.\n\t\t\t\t\t\t\t<\/div>\n<\/p><\/div>\n<p>\t\t\t\t\t<\/a>\n\t\t\t\t<\/div>\n<div class=\"t2-featured-query-post t2-featured-content wp-block-t2-featured-query-post t2-featured-content-layout-col-4 t2-featured-content-layout-col-2-mobile\">\n\t\t\t\t\t<a class=\"t2-post-link wp-block-t2-post-link\" href=\"#foreldresamarbeid\"><\/p>\n<figure class=\"t2-post-featured-image has-image-ratio-16-9 wp-block-t2-post-featured-image\"><img decoding=\"async\" src=\"https:\/\/backstage.mykid.no\/_ajax\/download?t=eyJ0eXAiOiJKV1QiLCJhbGciOiJIUzI1NiJ9.eyJpYXQiOjE3NzY2ODc2MTIsImV4cCI6MjA5MjY4NzYxMiwiZmlsZV9pZCI6ImI0NndsaDBWUUtCWXJNZFU1T08xalNvdzU4ZlEyUHRqVG5jckt0RnZmN2pkMGYwQktJSzdBSlMxRVZnZmU0NzlucmJRditGMHlacTNGK2lnRXpzK1hsTXl5RXIyMldKdlZiMjlhOW90bjRSb1pyQll2NlQ3bHIvb1o2NW1zQkZQazhpdFBZVGEwQ2UvQ0hKQ1NqT1NIa3ZvT2RSdE5ENWlaNi9FMlBWUUVJMWgvdzVIQzRnR2NzNGRVd2JiemN6VCIsImZpbGVuYW1lIjoiNl81NDdfZTg4NDE3ZmJjYmUwZWI5YWM0NDM5NzU4MTY3MzMzNWMuanBnIn0.b2yNIBIsZyAOdPmciRuwFDxvc9v2WG4bY0Bf-jG7mw4\" alt=\"\" \/><\/figure>\n<div class=\"wp-block-group alignfull is-layout-flow\">\n<h2 class=\"t2-post-title wp-block-t2-post-title fluid-2\">Foreldresamarbeid<\/h2>\n<div class=\"t2-post-excerpt wp-block-t2-excerpt\">\n\t\t\t\t\t\t\t\tHer finner du informasjon om bl.a. MyKid, foreldresamtaler og -m\u00f8ter, SU, foreldrebetaling og foreldreunders\u00f8kelsen.\n\t\t\t\t\t\t\t<\/div>\n<\/p><\/div>\n<p>\t\t\t\t\t<\/a>\n\t\t\t\t<\/div>\n<div class=\"t2-featured-query-post t2-featured-content wp-block-t2-featured-query-post t2-featured-content-layout-col-4 t2-featured-content-layout-col-2-mobile\">\n\t\t\t\t\t<a class=\"t2-post-link wp-block-t2-post-link\" href=\"#arshjul\"><\/p>\n<figure class=\"t2-post-featured-image has-image-ratio-16-9 wp-block-t2-post-featured-image\"><img decoding=\"async\" src=\"https:\/\/backstage.mykid.no\/_ajax\/download?t=eyJ0eXAiOiJKV1QiLCJhbGciOiJIUzI1NiJ9.eyJpYXQiOjE3NzY2ODc2MTIsImV4cCI6MjA5MjY4NzYxMiwiZmlsZV9pZCI6IjZvV05reUgvbFhIeUI2dmg2ayszZHFLQ0NaREhTZjlydXJGQno5RTFOK0g2dExDV3V0cUc4MGhKMytHS2ZMTzgvV0s0d3l3Wk56N3NRS0RGeGRreXliSXJqVGFaU0xqZDdxWXJ6TWRhdjI3SEZkRXVTSEplMFR1dDhvdnVmL0Evc0YxVVY2SFV5K01jUW03Q2hpckE1dzlZMkFIZ3U3TW41MVM3T2pBOVhwRDBWWGYyMmFkVVhZQ1NERnFiSDg0byIsImZpbGVuYW1lIjoiNl81NDdfOTE3MTc4MDgyMTJhZGJlYWUzMTEwOWQ2N2ZjOTcyM2EuanBnIn0.cBPefVBBoa_rI3XOypdi9S4gxVd0E3ra3GndXzc19ok\" alt=\"\" \/><\/figure>\n<div class=\"wp-block-group alignfull is-layout-flow\">\n<h2 class=\"t2-post-title wp-block-t2-post-title fluid-2\">\u00c5rshjul<\/h2>\n<div class=\"t2-post-excerpt wp-block-t2-excerpt\">\n\t\t\t\t\t\t\t\tHer finner du oversikt over merkedager, planleggingsdager, ferielukket mm.\n\t\t\t\t\t\t\t<\/div>\n<\/p><\/div>\n<p>\t\t\t\t\t<\/a>\n\t\t\t\t<\/div>\n<\/div>\n<div class=\"text-content\">\n<div id=\"om-barnehagen\">\n<h2>Om barnehagen<\/h2>\n<figure class=\"wp-block-image has-image-ratio-16-9 size-full\"><img decoding=\"async\" src=\"https:\/\/backstage.mykid.no\/_ajax\/download?t=eyJ0eXAiOiJKV1QiLCJhbGciOiJIUzI1NiJ9.eyJpYXQiOjE3NzY2ODc2MTIsImV4cCI6MjA5MjY4NzYxMiwiZmlsZV9pZCI6InM0V3psUTd4MnZhcDZxaWlFZnZGeFB3K2FVRDVLUDZ0TVRrTi9QM0JEckdLbzA0TnpMNWIydm14bUdzdHN2ZFpjZTV0aC9QbjJYR2U5NGp3R002akFoM1NBeHVXR1crVDhIaVNYVGd3bFhVV0g4TWlMWlVaSVZxZ2Jaa1hwNzhyV3NmVnZuOHhTUTNkK3dmazNXdGlVaGt6YnNLSTc3anFIeDNXM1BlWFFPSEJyK2hZUlY4RVZIbFU0RWZLNGFiMCIsImZpbGVuYW1lIjoiNl81NDdfODQ1NjgyMDEzNjAxMmI4OGZlMzRhZGYwYzgxNTU5MWUuanBnIn0.ufW8RmkcqXlhuJGsnUaE1o7HFlfKQH70GbPDiaeJXeg\" alt=\"\" \/><\/figure>\n<p><span style=\"font-size:16px\"><strong>OM OSS:<\/strong><\/span><\/p>\n<p>Abra Cadabra Kanvas-barnehage er en 4-avdelings barnehage&nbsp;som startet opp i mai 2006. Fra januar 2025 ble Abra Cadabra en del av den ideelle barnehagestiftelsen Kanvas. Vi holder til i et nytt og flott barnehagebygg&nbsp;i Mellomvegen p\u00e5 Ulve i n\u00e6rheten av Frol skole. Vi ligger landlig til, men likevel sentrumsn\u00e6rt.<\/p>\n<p>V\u00e5r \u00e5pningstid er 06.45\/06.30 -16.30. Barnehagen \u00e5pner 0630 dersom foreldre melder inn behov for dette minimum tre virkedager i forkant.<br \/>\n&nbsp;<\/p>\n<p><span style=\"font-size:16px\"><strong>V\u00c5R VISJON:<\/strong><\/span><\/p>\n<p>Vi i Abra Cadabra Kanvas-barnehage mener barndommen er og skal v\u00e6re en magisk tid. Noe eget en kan se tilbake p\u00e5 med glede. En tid der gode opplevelser, trygge omgivelser og mange venner er hverdagen. Magien skjer, slik vi ser det, idet en utvikler seg, i samspill med andre lekende barn og voksne. N\u00e5r en f\u00e5r lov, tid og anledning til\u00e5 v\u00e6re seg selv, f\u00e5r lov og tid til \u00e5 utforske, leke, l\u00e6re og utvikle seg. Barndommen skal v\u00e6re en tid der det kribler i magen og der mulighetene er uendelige.<\/p>\n<p>Abra Cadabra ble til for \u00e5 dyrke barndommens magiske vesen &#8211; et sted der de gode \u00f8yeblikkene og de spennende dagene er i flertall. Det er v\u00e5rt utgangspunkt for \u00e5 pirre barnas nysgjerrighet og gi grunnlag for livslang l\u00e6ring.&nbsp;<\/p>\n<p style=\"margin-top:14.0pt;margin-bottom:0pt;margin-left:0in;text-align:left\"><span style=\"font-size:16px\"><strong>BARNEHAGE\u00c5RET 2025 &#8211; 2026:<\/strong><\/span><\/p>\n<p>Barnehage\u00e5ret 2025-2026 vil avdelingene v\u00e6re delt i to sm\u00e5barnsavdelinger (1-2 \u00e5r) og to storbarnsavdelinger (2-6 \u00e5r);<\/p>\n<ul>\n<li><span style=\"font-size:16px\"><strong>SM\u00c5BARNSBASEN:<\/strong><\/span>\n<ul>\n<li><strong>HOKUS:<\/strong> 12 BARN &#8211; 4 ANSATTE. Her jobber Elisabeth, Kjersti, Camilla.&nbsp;<\/li>\n<li><strong>SIMASALABIM:&nbsp;<\/strong>9 BARN &#8211; 3 ANSATTE. Her jobber Marte, Karine&nbsp;og Toril.<\/li>\n<\/ul>\n<\/li>\n<li><span style=\"font-size:16px\"><strong>STORBARNSBASEN:<\/strong><\/span>\n<ul>\n<li><strong>POKUS:<\/strong> 16 BARN &#8211; 3 ANSATTE. Her jobber Lena, Bj\u00f8rn&nbsp;og Stine.<\/li>\n<li><strong>FILIOKUS:<\/strong> 16 BARN &#8211; 3 VOKSNE. Her jobber Linn Beate, Grete,&nbsp;Enver, Mari&nbsp;og Suzan (l\u00e6rling).\n<ul>\n<li>Anja vil v\u00e6re p\u00e5 b\u00e5de Filiokus og Pokus<\/li>\n<\/ul>\n<\/li>\n<\/ul>\n<\/li>\n<\/ul>\n<p>&nbsp;<\/p>\n<p><span style=\"font-size:16px\"><strong>KONTAKTINFO:&nbsp;<\/strong><\/span><\/p>\n<p><span style=\"font-size:14px\">Telefon: 74056090<\/span><\/p>\n<p><span style=\"font-size:14px\">Epost: abracadabra@kanvas.no<\/span><\/p>\n<p>&nbsp;<\/p>\n<\/p><\/div>\n<div id=\"ny-i-barnehagen\">\n<h2>Ny i barnehagen<\/h2>\n<figure class=\"wp-block-image has-image-ratio-16-9 size-full\"><img decoding=\"async\" src=\"https:\/\/backstage.mykid.no\/_ajax\/download?t=eyJ0eXAiOiJKV1QiLCJhbGciOiJIUzI1NiJ9.eyJpYXQiOjE3NzY2ODc2MTIsImV4cCI6MjA5MjY4NzYxMiwiZmlsZV9pZCI6Im1saXBJamxIaCtObFFhSmxxZFdVTnMwZGtKRFBST21iZytneHRrQzZETVNIZ01Na2p2dXg3alEvdjl3SWVmQ2lVaEFvOHlMcXFjYUJlVEFwS3lraXZpSVZhQ1lkMWdGcjdhcW5ocTBpWDhuTHlRM3NWb2VrYVc3Q3VVNGFCVXl5Q3NNMVJRU2VVejZRd2sybTg4N3FDdHNSS3Z5Wm9JZlA2Y0RIYm5UNDZmalduZnVCaTNMUVBEaUJaTEtWYmhBeCIsImZpbGVuYW1lIjoiNl81NDdfMWM5NWY1YzQ1OTdiYjYxYTRkOGRkZjA3NTk0NmZhYzUuanBnIn0.jBAUhTx8-knBg9JOpBY8UJ3Yualio4M9NNCCYJGSSZc\" alt=\"\" \/><\/figure>\n<h3>F\u00f8r oppstart<\/h3>\n<p>F\u00f8r barnet begynner i barnehagen&nbsp;mottar de foresatte en sms med beskjed om \u00e5 registrere barnet og foresatte i kommunikasjonsplattformen MyKid. I MyKid skal dere fylle ut kontaktinformasjon og andre opplysninger som er viktig for barnets opphold i barnehagen, blant annet et samtykkeskjema og en egenerkl\u00e6ring om barnets helse.<\/p>\n<p>Foreldre som ikke bor sammen skal fylle ut hvert sitt skjema.<\/p>\n<p>Opplysninger om barnets helse er taushetsbelagt og det vil v\u00e6re begrenset&nbsp;tilgang til informasjonen i barnehagen.<\/p>\n<p>&nbsp;<\/p>\n<p>&nbsp;<\/p>\n<p>De fleste som starter i barnehagen er rundt 1 \u00e5r n\u00e5r de starter, og starter derfor p\u00e5 sm\u00e5barnsavdelingene.&nbsp;<\/p>\n<p>P\u00e5 sm\u00e5barn vektlegges det RO og HVERDAGSKVALITET. En god morgen, en god frokostsituasjon og gode overganger skaper en god og trygg start p\u00e5 dagen. En god start p\u00e5 dagen gir ogs\u00e5 et godt utgangspunkt for resten av dagen.&nbsp;<\/p>\n<p>Sm\u00e5barnsavdelingene ta bevisste valg i forhold til aktiviteter i hverdagen, og tilvenning, tilknytning, gode og rolige dager, trygghet og omsorg vil alltid ha hovedprioritet. Hverdagsrutinene tar den tiden det tar, og aktiviteter vi har planlagt skal ikke g\u00e5 utover kvaliteten i hverdagsrutinene. Vi planlegger for det spontane, og er opptatt av \u00e5 <strong>GRIPE \u00d8YEBLIKKET &amp; MULIGHETENE SOM OPPST\u00c5R<\/strong>.<\/p>\n<p>Barna skal g\u00e5 i barnehagen i mange \u00e5r, og vi trenger ikke, og skal ikke gj\u00f8re ALT det f\u00f8rste \u00e5ret. Det f\u00f8rste \u00e5ret i barnehagen handler om trygghet og omsorg, \u00e5 bli kjent med og trygg p\u00e5 andre barn og voksne, f\u00e5 dekt sine behov for trygghet, omsorg, mat, s\u00f8vn, leik osv. For de minste er hverdagen og dens aktiviteter mer enn nok, s\u00e5 lenge det er kvalitet over det vi gj\u00f8r.<\/p>\n<p>N\u00e5r barna kommer p\u00e5 storbarnsavdelingene er det fortsatt trygghet, tilknytning og kvalitet over hverdagsrutinene v\u00e5re som har hovedfokus. Men n\u00e5r barna g\u00e5r p\u00e5 storbarnsavdelingene vil de oppleve mer, utforske p\u00e5 nye m\u00e5ter, ha mer utetid, mer samlek med andre og utvikle relasjoner og vennskap gjennom lek og samspill. Dette er en naturlig utvikling som kommer etterhvert som barna blir st\u00f8rre, og vi tar alltid utgangspunkt i barnas behov.&nbsp;&nbsp;<\/p>\n<h3>Tilvenning<\/h3>\n<p>Les mer om tilvenning her:&nbsp;<a href=\"https:\/\/www.kanvas.no\/2023\/07\/26\/tilvenning-i-barnehagen\/\">Tilvenning i barnehagen &#8211; Kanvas<\/a><\/p>\n<p style=\"margin: 0cm\"><strong>Informasjon om oppstartsdato:<\/strong><\/p>\n<p style=\"margin: 0cm\">Dette sendes ut i et velkomstbrev som dere mottar p\u00e5 epost s\u00e5 snart neste barnehage\u00e5rs avdelinger er klare.&nbsp;<\/p>\n<p style=\"margin: 0cm\">&nbsp;<\/p>\n<p style=\"margin: 0cm\"><strong>Kontaktperson:<\/strong><\/p>\n<p style=\"margin: 0cm\">F\u00f8rste dag vil dere f\u00e5 en kontaktperson. Kontaktpersonens oppgaver vil v\u00e6re \u00e5:<\/p>\n<ul>\n<li style=\"margin: 0cm\">\u00f8nske velkommen<\/li>\n<li style=\"margin: 0cm\">vise rundt i barnehagen<\/li>\n<li style=\"margin: 0cm\">presentere de andre ansatte p\u00e5 avdelingen<\/li>\n<li style=\"margin: 0cm\">tilbringe tid og bli kjent med barnet og foreldrene<\/li>\n<li style=\"margin: 0cm\">snakke med foreldrene om barnehagens innhold, svare p\u00e5 sp\u00f8rsm\u00e5l, gi r\u00e5d og veiledning<\/li>\n<li style=\"margin: 0cm\">hjelpe barnet inn i samspill og lek med andre barn<\/li>\n<li style=\"margin: 0cm\">sitte ved samme bord \u00e5 spise<\/li>\n<li style=\"margin: 0cm\">l\u00e6re barnet rutiner og regler etterhvert som de dukker opp<\/li>\n<li style=\"margin: 0cm\">avgj\u00f8re sammen med foreldre n\u00e5r de kan g\u00e5 og n\u00e5r de kan komme tilbake.&nbsp;<\/li>\n<\/ul>\n<p style=\"margin: 0cm\"><strong>Tilvenningsdager:<\/strong><\/p>\n<p style=\"margin: 0cm\">Vi setter av tre dager der hovedfokus er oppstart og tilvenning for det nye barnet.<\/p>\n<ul>\n<li style=\"margin: 0cm\">1. dag: ca. 2 timer. Kommer kl. 0930. Foreldre er i barnehagen og i n\u00e6rheten&nbsp;hele tiden.&nbsp;<\/li>\n<li style=\"margin: 0cm\">2. dag: ca. 4 timer. Kommer kl. 0930. Personalet overtar mer ansvar for barnet. Foreldre kan dra en tur hvis man ser at det vil g\u00e5 fint, men m\u00e5 v\u00e6re tilgjengelig for \u00e5 komme tilbake p\u00e5 kort varsel.&nbsp;<\/li>\n<li style=\"margin: 0cm\">3. dag: Barnet kan leveres til vanlig tid, og foreldrene kan g\u00e5 etter en stund. Henting etter avtale.<\/li>\n<\/ul>\n<p style=\"margin: 0cm\">Det anbefales at man tilstreber \u00e5 ha kortere dager i starten, da det er krevende for et lite barn \u00e5 starte i barnehagen. V\u00e5r erfaring viser at kortere dager gj\u00f8r at barnet blir raskere trygg og det sjeldnere kommer sterke reaksjoner p\u00e5 oppstarten.&nbsp;<\/p>\n<p style=\"margin: 0cm\">&nbsp;<\/p>\n<p style=\"margin: 0cm\"><strong>Mat:<\/strong><\/p>\n<p style=\"margin: 0cm\">De to f\u00f8rste dagene trenger ikke barnet ha med matpakke, da det kommer etter frokosttid. Fra dag tre m\u00e5 det ha med frokost hvis det skal spise det i barnehagen. All annen mat f\u00e5r det i barnehagen.<\/p>\n<p style=\"margin: 0cm\">&nbsp;<\/p>\n<h3>Startsamtalen<\/h3>\n<p>Om startsamtalen i Kanvas:&nbsp;<a href=\"https:\/\/www.kanvas.no\/2023\/07\/06\/startsamtale-foreldresamtaler-og-foreldremoter\/\">Startsamtale, foreldresamtaler og foreldrem\u00f8ter &#8211; Kanvas<\/a><\/p>\n<p>Startsamtalen gjennomf\u00f8res som regel p\u00e5 dag to eller tre i tilvenningen. Personalet gj\u00f8r avtale med foreldrene f\u00f8rste dag p\u00e5 n\u00e5r startsamtalen gjennomf\u00f8res.<\/p>\n<p>Det settes av 30 min til samtalen, og det er \u00f8nskelig at foreldrene har tenkt gjennom punktene i startsamtalen i forkant.&nbsp;<\/p>\n<p>&nbsp;<\/p>\n<\/p><\/div>\n<div id=\"praktisk-info\">\n<h2>Praktisk info<\/h2>\n<figure class=\"wp-block-image has-image-ratio-16-9 size-full\"><img decoding=\"async\" src=\"https:\/\/backstage.mykid.no\/_ajax\/download?t=eyJ0eXAiOiJKV1QiLCJhbGciOiJIUzI1NiJ9.eyJpYXQiOjE3NzY2ODc2MTIsImV4cCI6MjA5MjY4NzYxMiwiZmlsZV9pZCI6IlVvdDk1VVg5LytDL0xIaFozeDFIWEh0b2tyTXNFSU5LaFMxT0FmczRMbFIxK2w4M2pnZS85RHZ4cEE0L0x6TDFWYkY4czkwdEJzQm5sNU9nVUNwMDQyS0gxVVZIS0FsM3JrQ1hSdVZHNm4rbXdCMzI2MzBOUkhtN2NVR1V5R2ovUzVKUFIveDVGRWthZmVNdHdsQmpUc29DNU0rTXNWUUVta1I0NnphR3lSTy9mOWowZmV3TXVsYW8xSjJiMlJDeCIsImZpbGVuYW1lIjoiNl81NDdfMGU1ZGRhODFmMDRkNzE2NGJkMzU3OTM2MjZmOTU3MDIuanBnIn0.IFUHh2NgHnZKItJKGwaf2dGQemwoMnBh-vxZIrwzOOs\" alt=\"\" \/><\/figure>\n<h3>Kl\u00e6r og utstyr<\/h3>\n<p>I barnehagen er det viktig \u00e5 ha kl\u00e6r til all slags v\u00e6r. Dette er n\u00f8dvendig for at barna skal kunne trives ute rett og slett &#8211; det er ikke g\u00f8y \u00e5 fryse, bli v\u00e5t eller bli for varm.<\/p>\n<p><strong><u>Kl\u00e6r og utstyr barna trenger hele \u00e5ret:<\/u><\/strong><\/p>\n<ul>\n<li>2 sett med skiftet\u00f8y; body, str\u00f8mpebukse, genser, t-skjorte, sokker, regnt\u00f8y og st\u00f8vler<\/li>\n<li>Drikkeflaske<\/li>\n<li>Vogn m\/seler, vognpose &#8211;&nbsp; etter avtale med bhg.&nbsp;<\/li>\n<li>Smokk\/kos &#8211; for de som bruker det<\/li>\n<\/ul>\n<p><u><strong>Utstyr som trengs h\u00f8st\/vinter\/v\u00e5r:<\/strong><\/u><\/p>\n<ul>\n<li>Ull-\/fleecegenser\/bukse<\/li>\n<li>Ullsokker<\/li>\n<li>2-3 par votter<\/li>\n<li>Tynn lue, varm lue<\/li>\n<li>Hals\/buff<\/li>\n<li>Vinterdress\/parkdress<\/li>\n<li>Varme st\u00f8vler\/cherrox<\/li>\n<li>Gode, varme vintersko<\/li>\n<li>Kuldekrem<\/li>\n<\/ul>\n<p><u><strong>Utstyr som trengs p\u00e5 sommeren:<\/strong><\/u><\/p>\n<ul>\n<li>T-skjorter, shortser<\/li>\n<li>Joggesko<\/li>\n<li>Solhatt\/caps\/skaut<\/li>\n<li>Solbriller<\/li>\n<li>Solkrem<\/li>\n<\/ul>\n<p>NB: Alle eiendeler som tas med til barnehagen <u>m\u00e5<\/u> merkes med navn!<\/p>\n<h3>Bringe og hente<\/h3>\n<p><span style=\"font-size:16px\"><strong>GREIT \u00c5 VITE<\/strong><\/span><\/p>\n<ul>\n<li><strong>Barnehagens \u00e5pningstid:<\/strong> 0630\/0645 &#8211; 1630. Ved behov for \u00e5pningstid 0630 skal det meldes inn p\u00e5 opppholdstid inne p\u00e5 Mykid senest 3 virkedager f\u00f8r. Det er greit \u00e5 endre om man ikke f\u00e5r behov likevel, men gi oss beskjed ogs\u00e5 p\u00e5 SMS.&nbsp;<\/li>\n<li>&nbsp;<\/li>\n<li><strong>Oversikt over kl\u00e6r og utstyr:&nbsp;<\/strong>Vi \u00f8nsker at kl\u00e6r i garderoben tas med hjem hver fredag, slik at dere foreldre har en oversikt over hva barnet faktisk har av kl\u00e6r og utstyr i barnehagen.&nbsp;<\/li>\n<li>&nbsp;<\/li>\n<li><strong>Ved sykdom eller vanlig fridag: <\/strong>Gi beskjed via Mykid s\u00e5 tidlig som mulig, og seinest kl. 0845. Om dere vet det kvelden f\u00f8r er det \u00f8nskelig at dere registrerer det p\u00e5 Mykid, da det er viktig for planlegging og organisering av dagen.<\/li>\n<li>&nbsp;&nbsp;<\/li>\n<li><strong>Kjernetid:<\/strong> Vi har ingen fast kjernetid i barnehagen, og om dere \u00f8nsker \u00e5 komme litt utp\u00e5 dagen er det helt greit. Men gi oss da beksjed om det p\u00e5 Mykid.<\/li>\n<li>&nbsp;<\/li>\n<li><strong>L\u00e5n av barnehagen:&nbsp;<\/strong>Det er muligheter for \u00e5 l\u00e5ne barnehagen som man \u00f8nsker det, f.eks. til bursdager, sosiale treff i regi av foreldre, bakedager, gjenbruksdag el.l. Ta&nbsp;kontakt med daglig leder for \u00e5 avtale dette!<\/li>\n<li>&nbsp;<\/li>\n<li><strong>Dugnad:<\/strong> P\u00e5 v\u00e5rparten arrangeres det dugnad for foreldre, der det vil v\u00e6re ulike arbeidsoppgaver ut fra behov. Dette er en sosial m\u00f8teplass der foreldre blir bedre kjent med hverandre p\u00e5 tvers av avdelinger, barns alder og kj\u00f8nn. Dugnaden ledes av foreldrerepresentantene.&nbsp;<\/li>\n<\/ul>\n<p>&nbsp;<\/p>\n<p>&nbsp;<\/p>\n<h3>Mat og m\u00e5ltider<\/h3>\n<p>I Kanvas f\u00f8lger vi Helsedirektoratets retningslinjer for mat og m\u00e5ltider i barnehagen.<\/p>\n<p>Les mer om mat og m\u00e5ltider i Kanvas-barnehagene her:&nbsp;<a href=\"https:\/\/www.kanvas.no\/nytt-og-nyttig\/sunn-mat-i-barnehagen\/\">Sunn mat i barnehagen &#8211; Kanvas<\/a><\/p>\n<p>&nbsp;<\/p>\n<p><strong>MAT I BARNEHAGEN<\/strong><\/p>\n<p>Hos oss har barna med seg frokost om de vil spise det i barnehagen.<\/p>\n<p><strong>P\u00e5 sm\u00e5barn:<\/strong>&nbsp;Her har de tidligfrokost for de barna som kommer tidlig. I tillegg er det felles frokost fra 0830-0900.<\/p>\n<p><strong>P\u00e5 storbarn: <\/strong>Frokost p\u00e5 avdelinga fra kl. 0730-0815. Frokosten avsluttes kl. 0815, s\u00e5 barn som kommer etter dette m\u00e5 ha spist&nbsp;hjemme.&nbsp;<\/p>\n<p>De \u00f8vrige m\u00e5ltidene holder barnehagen med. Vi har sm\u00f8rem\u00e5ltid hver dag der det er fokus p\u00e5 sunn og variert kost, og der frukt og gr\u00f8nnsaker alltid skal v\u00e6re representert p\u00e5 bordet.&nbsp;<\/p>\n<p>I Abra Cadabra barnehage jobber vi med MATMOT. Det vil si \u00e5 ha mot til \u00e5 utforske og smake p\u00e5 ny type mat for barna. Vi pr\u00f8ver l\u00e6re barna \u00e5 ha positivitet og nysgjerrighet for \u00e5 pr\u00f8ve \u00e5 smake p\u00e5 ny mat, for eksperimentering av maten. Hva lukter den? Hvordan ser den ut, hva ligner den p\u00e5? Hvordan smaker den?<\/p>\n<p>Under m\u00e5ltidet har vi fokus p\u00e5 tilgjengelighet og mulighet for \u00e5 smake og kjenne p\u00e5 ulike gr\u00f8nnsaker og frukter. Noen barn trenger lengre tid f\u00f8r de vil smake, og da er det viktig at gr\u00f8nnsakene\/frukta er tilgjengelig. Vi har alltid noen basisgr\u00f8nnsaker som alltid er p\u00e5 fatet, samtidig som vi varierer med andre innspill over litt tid.&nbsp;Gjennom \u00e5 tilby rikelig med frukt og gr\u00f8nt, bidrar vi til FEM OM DAGEN, og et sunt og n\u00e6ringsrikt kosthold.<\/p>\n<p>M\u00e5ltidene i barnehagen skal v\u00e6re preget av matglede. Det kan handle om at man sitter sammen med andre, har fine samtaler under m\u00e5ltidet, t\u00f8rre \u00e5 smake p\u00e5 noe man synes er litt skummelt, spise mat man har v\u00e6rt med \u00e5 forberede\/tilberedt og&nbsp;\u00e5 spise mat ute p\u00e5 tur.<\/p>\n<p>&nbsp;<\/p>\n<p>&nbsp;<\/p>\n<p>&nbsp;<\/p>\n<h3>Tur<\/h3>\n<p>Barnehagen har egen buss. Denne er det de st\u00f8rste som benytter seg av, og da g\u00e5r turen ofte til Stiklestad, Vulusj\u00f8en, Torsbustaden, Sk\u00e5nes og R\u00f8stad. Her f\u00e5r barna oppleve b\u00e5de fjell, fj\u00e6re, skog og n\u00e6rmilj\u00f8.&nbsp;&nbsp;<\/p>\n<p>De som er litt yngre p\u00e5 storbarnsavdelingene g\u00e5r p\u00e5 turer i n\u00e6romr\u00e5det, til f.eks. Ulve, Ness-skogen, Frol skole og&nbsp;Heir-skogen.<\/p>\n<p>Sm\u00e5barnsavdelingene&nbsp;g\u00e5r p\u00e5 spontane trilleturer i n\u00e6romr\u00e5det, da de trenger \u00e5 ta enda mer hensyn til soving, mat, og det \u00e5 skape trygge og gode dager&nbsp;for barna.&nbsp;<\/p>\n<p>N\u00e5r barna skal p\u00e5 tur er det som regel avreise fra barnehagen kl. 0930. Barna m\u00e5 da v\u00e6re i barnehagen i god tid f\u00f8r dette. Om man trenger \u00e5 komme senere, gj\u00f8r man avtale med personalet om levering p\u00e5 turm\u00e5let.&nbsp;<\/p>\n<h3>Bursdagsfeiring<\/h3>\n<p>Hos oss \u00f8nsker vi&nbsp;ikke at bursdagsfeiring skal handle om at man m\u00e5 spise noe, men at det er barnet som f\u00e5r v\u00e6re i fokus denne dagen. Derfor har vi ingen spesielle matretter eller kosemat som barnet kan velge mellom n\u00e5r det er bursdagsfeiringer hos oss. Vi har alltid ei bursdagssamling for barnet der det f\u00e5r v\u00e6re i hovedfokus, og krone, ballong og &quot;raketter&quot; h\u00f8rer alltid med!&nbsp;<\/p>\n<p><strong>NB!<\/strong> N\u00e5r barn skal invitere andre barn til bursdagsfeiring p\u00e5 fritiden, kan invitasjoner leveres ut i hyllene i barnehagen. Men husk da at man ikke utelater ett eller to barn &#8211; inviter f.eks. alle i samme \u00e5rskull, alle p\u00e5 samme avdeling, begge storbarnsavdelingene el.l. Om dere er usikre p\u00e5 hvem som er i samme \u00e5rskull, avdeling el.l., s\u00e5 ta kontakt med personalet s\u00e5 f\u00e5r dere hjelp til \u00e5 finne ut det.&nbsp;&nbsp;<\/p>\n<h3>Feriestengt og -avvikling<\/h3>\n<p>Kanvas-barnehagene&nbsp;holder stengt jul- og nytt\u00e5rsaften, onsdag f\u00f8r skj\u00e6rtorsdag og 5 planleggingsdager i l\u00f8pet av barnehage\u00e5ret. Barna skal i tillegg ha fire ukers ferie i l\u00f8pet av barnehage\u00e5ret. Barn som skal slutte i barnehagen m\u00e5 avvikle ferien f\u00f8r 1. august.<\/p>\n<p><strong>Barnehagen har stengt:<\/strong><\/p>\n<ul>\n<li>6 planleggingsdager i l\u00f8pet av \u00e5ret (likedan som Levanger kommune)<\/li>\n<li>hele julen f.o.m. 24.desember t.o.m. 1. januar<\/li>\n<li>onsdag f\u00f8r skj\u00e6rtorsdag<\/li>\n<li>tre uker i juli (som regel uke 28, 29 og 30)<\/li>\n<\/ul>\n<p>&nbsp;<\/p>\n<h3>Samtykker<\/h3>\n<p>Foreldre fyller ut et samtykkeskjema&nbsp;i MyKid&nbsp;f\u00f8r barnet starter i barnehagen. I dette skjemaet fyller dere ut om dere f.eks. tillater at det tas bilder av barnet, og om dere tillater at barnet kan bli med p\u00e5 tur med offentlig transport.<\/p>\n<p>Foreldre kan gj\u00f8re endringer i samtykkeskjemaet&nbsp;gjennom \u00e5ret.<\/p>\n<p>&nbsp;<\/p>\n<h3>Personvern<\/h3>\n<p>Alle barnehager har en lovp\u00e5lagt plikt til \u00e5 s\u00f8rge for at personopplysninger er tilfredsstillende sikret for \u00e5 unng\u00e5 krenkelser av personvernet til ansatte, barn og foreldre. Barnehagen skal gjennom planlagte og systematiske tiltak s\u00f8rge for tilfredsstillende informasjonssikkerhet med hensyn til konfidensialitet, integritet og tilgjengelighet ved behandling av personopplysninger. Personopplysninger skal ikke lagres lenger enn det som er n\u00f8dvendig.<\/p>\n<h2>Samtykke<\/h2>\n<p>Lagring av personopplysninger om barn og foresatte forutsetter at samtykkeskjema er fylt ut og signert. Dette gj\u00f8res p\u00e5 MyKid.<\/p>\n<h2>Barnemapper<\/h2>\n<p>Hver barnehage har et digitalt barnemappearkiv der all dokumentasjon om barn som g\u00e5r i barnehagen arkiveres. Daglig leder i barnehagen, eller stedfortredende, er ansvarlig for tilgangskontroll. Kun ansatte som jobber med barnet har tilgang til mappen.<\/p>\n<p>Foresatte har normalt tilgang til informasjonen i barnemappen, for eksempel startsamtale og oppf\u00f8lgingssamtaler. Dokumenter som er utarbeidet for eventuell intern saksforberedelse kan unntas fra innsyn. Barnets foresatte har som hovedregel rett til innsyn i alt som omhandler sitt barn. For \u00e5 vurdere krav om innsyn skal barnehagen motta skriftlig henvendelse som vil bli besvart skriftlig. E-posthenvendelse regnes her som skriftlig henvendelse. Eventuelle kopier av dokumenter fra barnemappen skal leveres direkte til den som har f\u00e5tt tillatelse til innsyn.<\/p>\n<p>N\u00e5r barnet slutter i barnehagen, vil opplysningene som hovedregel enten overf\u00f8res til foresatte eller bli slettet av barnehagen. Unntak fra dette kan v\u00e6re barnehagens behov for \u00e5 dokumentere saksbehandling i en konkret sak knyttet til et barn, for eksempel en barnevernssak.<\/p>\n<h2>Trygg h\u00e5ndtering av digitale enheter<\/h2>\n<p>Av personvernhensyn skal ikke digitale kommunikasjonsmidler (eks. smartklokke, mobiltelefon e.l.) medbringes barnehagen.<\/p>\n<p>Alle digitale enheter som benyttes i jobbsammenheng, som PC, nettbrett og mobiltelefon, skal v\u00e6re passordbeskyttet. PC og nettbrett skal oppbevares nedl\u00e5st etter \u00e5pningstid. Personlige enheter skal som en hovedregel ikke benyttes i jobbsammenheng. To-faktor autentisering ved p\u00e5logging m\u00e5 benyttes der enhet&nbsp;benyttes til annet enn n\u00f8dstilfelle.&nbsp;<\/p>\n<h2>Bilder av barn &#8211; retningslinjer for ansatte<\/h2>\n<p>Det kan kun tas identifiserbare bilder av barn som er godkjent for fotografering, og bildene kan kun deles etter godkjenning fra foresatte &#8211; ref. samtykkeskjema. Alle Kanvas-barnehager utarbeider egne retningslinjer for h\u00e5ndtering av bilder av barn.<\/p>\n<h2>Bilder av barn &#8211; retningslinjer for foresatte<\/h2>\n<p>Det skal ikke&nbsp;deles bilder av andres barn uten samtykke fra barnas foresatte. Det gjelder alle arrangementer tilknyttet barnehagen, inkludert det som skjer utenfor barnehagens omr\u00e5de. Dette baseres p\u00e5 personvernloven og Datatilsynets retningslinjer for personvern i barnehagen, samt deres veileder om bilder av barn. Se folderen &laquo;I beste mening&raquo; om bilder av barn her: <a href=\"https:\/\/www.datatilsynet.no\/personvern-pa-ulike-omrader\/skole-barn-unge\/bilder-av-barn-pa-nett\/\">https:\/\/www.datatilsynet.no\/personvern-pa-ulike-omrader\/skole-barn-unge\/bilder-av-barn-pa-nett\/<\/a><\/p>\n<ul>\n<li>\n<p>Hovedregelen er at du alltid skal be om samtykke fra alle som direkte eller indirekte kan gjenkjennes p\u00e5 et bilde f\u00f8r det publiseres. Hvis de som er avbildet er under 15 \u00e5r, m\u00e5 ogs\u00e5 de foresatte samtykke til publiseringen. Hvis du deler bilder uten lov, vil du i verste fall kunne havne i straffansvar. Dette gjelder enten bildet skal deles \u00e5pent p\u00e5 en nettside, p\u00e5 en lukket Facebook-side eller via epost.<\/p>\n<\/li>\n<li>\n<p>Vi m\u00e5 v\u00e6re s\u00e6rlig bevisste p\u00e5 reglene i situasjoner hvor ogs\u00e5 andres barn kommer med p\u00e5 bildene som tas, for eksempel p\u00e5 en Lucia-frokost i barnehagen. Der er det lett \u00e5 f\u00e5 med andre barn p\u00e5 bildet. Da er det viktig at vi sp\u00f8r de foresatte om lov f\u00f8r det deles. Vi vet aldri hvilke situasjoner andre mennesker er i, og mange kan ha gode grunner til \u00e5 ikke ha bilder av seg selv p\u00e5 nett. Dessuten er det et godt nok argument rett og slett \u00e5 ikke \u00f8nske en slik tilstedev\u00e6relse.<\/p>\n<\/li>\n<li>\n<p>Unntak: P\u00e5 noen bilder er det selve situasjonen, eller aktiviteten, som er hovedtema. Hvilke personer som er p\u00e5 bildet er da mindre viktig. Dette kan for eksempel gjelde avstandsbilder av et 17. maitog. Slike bilder kan deles uten tillatelse fra de avbildede s\u00e5 lenge bildene er harml\u00f8se og ikke p\u00e5 noen m\u00e5te kan f\u00f8les krenkende for de som er avbildet. Ha likevel som hovedregel alltid \u00e5 sp\u00f8rre alle p\u00e5 bildet f\u00f8r det deles for ikke \u00e5 tr\u00e5 feil. Det er dessuten en h\u00f8flig gest \u00e5 sp\u00f8rre dem det gjelder f\u00f8r bildet i det hele tatt tas, s\u00e5 langt det lar seg gj\u00f8re.<\/p>\n<\/li>\n<\/ul>\n<p>&nbsp;<\/p>\n<h3>Sykt barn<\/h3>\n<p>Kanvas f\u00f8lger&nbsp;<a href=\"https:\/\/www.fhi.no\/sm\/barnehage\/nar-ma-barnet-vare-hjemme-fra-barne\/\" target=\"_blank\" rel=\"noopener\">folkehelseinstituttets retningslinjer for syke barn<\/a>.<\/p>\n<p><strong>Allmenntilstand<\/strong>: Det er barnets allmenntilstand som avgj\u00f8r om barnet kan g\u00e5 i barnehagen eller b\u00f8r v\u00e6re hjemme.&nbsp;Det er mer krevende for et barn som ikke er i form \u00e5 v\u00e6re i barnehagen enn \u00e5 v\u00e6re hjemme. Barnehagen kontakter foreldre for henting dersom barnet f\u00e5r nedsatt allmenntilstand i l\u00f8pet av dagen. Som hovedregel b\u00f8r barnet v\u00e6re friskt nok til \u00e5 kunne delta i normale aktiviteter i barnehagen b\u00e5de inne og ute. Barnet skal ikke ha feber.<\/p>\n<p><strong>Smittevern<\/strong>: Foreldre og barnehagen m\u00e5 sammen ta ansvar for \u00e5 begrense smitte og sykdom hos barn og ansatte. Viktige tiltak er:<\/p>\n<ul type=\"disc\">\n<li>God h\u00e5ndhygiene ved levering og henting. Alle barn, ansatte og foreldre vasker hendene n\u00e5r de kommer til og g\u00e5r fra barnehagen.<\/li>\n<li>Barnehagen gjennomf\u00f8rer gode hygiene- og renholdsrutiner gjennom dagen i stellesituasjoner, m\u00e5ltider, etter utetid mm.<\/li>\n<li>Syke og smittsomme barn holdes hjemme.<\/li>\n<li>Barn med akutt&nbsp;diar\u00e9\/omgangssyke&nbsp;kommer tilbake til barnehagen 48 timer etter at de har blitt symptomfrie.<\/li>\n<li>Barnehagen informerer foreldre ved utbrudd av smittsomme sykdommer. Ved utbrudd av alvorlig smittsomme sykdommer gis informasjon i samarbeid med helsemyndigheter.<\/li>\n<\/ul>\n<p><strong>Taushetsplikt<\/strong>: Personalet har taushetsplikt, noe som inneb\u00e6rer at de ikke kan svare p\u00e5 hvem som har hvilken sykdom.<\/p>\n<p>Barn med oppkast kan komme tilbake 2 d\u00f8gn (48 timer) etter at de har blitt symptomfrie.<\/p>\n<p>Barnet skal ikke sendes i barnehagen etter \u00e5 ha tatt febernedsettende medikamenter p\u00e5 morgenen.&nbsp;<\/p>\n<p>Barnehagen legger ikke ned barn som har feber til soving i vogn.&nbsp;<\/p>\n<p>&nbsp;<\/p>\n<h3>Medisiner<\/h3>\n<p>Barnehagen har ikke formell kompetanse i medisinh\u00e5ndtering. Av hensyn til barnas sikkerhet og for \u00e5 unng\u00e5 feilmedisinering, ber vi om at all medisinering skjer hjemme, s\u00e5 langt det lar seg gj\u00f8re. Dette gjelder ogs\u00e5 reseptfrie legemidler.<\/p>\n<p>Dette inneb\u00e6rer:<\/p>\n<ul type=\"disc\">\n<li>Ta opp med barnets lege at medisiner b\u00f8r kunne gis i hjemmet utenom barnehagetiden.<\/li>\n<li>Dersom barnet m\u00e5 ha medisiner i l\u00f8pet av dagen (for eksempel ved kronisk sykdom), skal foresatte alltid fylle ut skjemaer som blant annet bekrefter type legemiddel, riktig dose og hvem av de ansatte som kan gi medisiner. Skjemaene finnes i MyKid.<\/li>\n<li>Ansatte som skal gi medisiner m\u00e5 f\u00e5 n\u00f8dvendig oppl\u00e6ring av foreldrene. Dette gjelder ogs\u00e5 akuttmedisiner (som for eksempel EpiPen eller astmamedisin).<\/li>\n<\/ul>\n<p><b>Jodtablett ved atomulykke: <\/b><\/p>\n<p>Jodtabletter er lagret i barnehagen. Barnehagen vil gi barna jodtablett hvis <a href=\"https:\/\/eur02.safelinks.protection.outlook.com\/?url=https%3A%2F%2Fdsa.no%2Fatomberedskap%2Fatomberedskap-i-norge%23Kriseutvalget&amp;data=05%7C01%7Csynne.alsaker%40kanvas.no%7C2e276ba5385e4e2564bc08dbd071bd34%7Cb524c8d5c57340f7bb15f5b5befb0174%7C0%7C0%7C638332959180113169%7CUnknown%7CTWFpbGZsb3d8eyJWIjoiMC4wLjAwMDAiLCJQIjoiV2luMzIiLCJBTiI6Ik1haWwiLCJXVCI6Mn0%3D%7C3000%7C%7C%7C&amp;sdata=wPSP4R5XFZk%2F1Q3IC%2F2cYWtXClxcGJYGsDnWuPyiEDQ%3D&amp;reserved=0\">Kriseutvalget for atomberedskap<\/a> anbefaler at jodtabletter skal brukes. Ved en atomulykke kan det v\u00e6re viktig at barn og unge f\u00e5r jodtabletter raskt. Du som foresatt m\u00e5 gi beskjed til barnehagen v\/daglig leder, hvis du <u>ikke<\/u> \u00f8nsker at barnet skal f\u00e5 jodtablett. &nbsp;&nbsp;<\/p>\n<p><b>Hvorfor jodtablett:<\/b> Hvis det skjer en atomulykke i Norge eller i n\u00e6rheten av Norge, kan radioaktivt jod bli spredd gjennom luften i s\u00e5 store mengder at det er fare for at dette stoffet blir tatt opp i kroppen. Jodtabletter blokkerer opptaket av radioaktivt jod i skjoldbruskkjertelen. P\u00e5 denne m\u00e5ten beskytter jodtabletter mot radioaktivitet og gj\u00f8r at det er mindre risiko for at kreft i denne kjertelen. Derfor anbefaler norske myndigheter at barn og unge under 18 \u00e5r f\u00e5r en jodtablett hvis det skjer en atomulykke som utsetter dem for radioaktivt jod. Det er meget sjelden at noen f\u00e5r bivirkninger etter \u00e5 ha f\u00e5tt jodtablett \u00e9n gang. Ved tvil b\u00f8r du snakke med barnets lege.<\/p>\n<h3>Frav\u00e6r og vikarer<\/h3>\n<p>Ved behov benytter barnehagen seg av vikarer. Vi holder foresatte oppdatert om frav\u00e6r blant ansatte og om eventuell bruk av&nbsp;vikar.<\/p>\n<p>Alle vikarer m\u00e5 levere politiattest f\u00f8r oppstart, slik \u00f8vrige ansatte gj\u00f8r. <u>Nye<\/u> vikarer g\u00e5r ikke yttervakter og er heller ikke alene med barna. Vi etterstreber \u00e5 ikke bruke nye vikarer sammen med de minste barna.<\/p>\n<p>Dere vil oppleve at det i perioder vil v\u00e6re&nbsp;vikarer p\u00e5 huset fordi det alltid kommer runder med sykdom, feriedager og uforutsette ting. Vi tilstreber \u00e5 legge ut en kort presentasjon av nye vikarer p\u00e5 Mykid, og skriver s\u00e5 langt det lar seg gj\u00f8re inn p\u00e5 kalenderen hvem som er vikar de enkelte dagene. Ta gjerne en prat med v\u00e5re dyktige vikarer ved levering og henting.&nbsp;<\/p>\n<h3>Forsikring<\/h3>\n<p>Barn som g\u00e5r i en Kanvas-barnehage&nbsp;er forsikret i KLP Skadeforsikring. Forsikringen gjelder innenfor barnehagens omr\u00e5de, og p\u00e5 utflukter, reiser og lignende som arrangeres av barnehagen. I tillegg er barnet forsikret p\u00e5 direkte reise til\/fra barnehagen.&nbsp;<\/p>\n<p>Vi gj\u00f8r oppmerksom p\u00e5 at skadeforsikringen kun gjelder personskader knyttet til ulykker. Eiendeler er alts\u00e5 ikke dekket av denne forsikringen. Dersom man har dyre eiendeler i barnehagen, som briller, vogn el., anbefaler vi at dette inkluderes i foresattes egne forsikringer.<\/p>\n<p><a href=\"https:\/\/www.klp.no\/offentlig\/forsikring\/elevforsikringer\" target=\"_blank\" rel=\"noopener\">Les mer om forsikringen her.<\/a><\/p>\n<h3>Foreldrebetaling<\/h3>\n<p>Maksimalgrensen for foreldrebetaling for et heldags ordin\u00e6rt barnehagetilbud er 1200 kroner per m\u00e5ned fra 1.&nbsp;august 2025.<\/p>\n<p>Kanvas f\u00f8lger maksimalgrensen for foreldrebetaling.<\/p>\n<\/p><\/div>\n<div id=\"barnehagehverdagen\">\n<h2>Barnehagehverdagen<\/h2>\n<figure class=\"wp-block-image has-image-ratio-16-9 size-full\"><img decoding=\"async\" src=\"https:\/\/backstage.mykid.no\/_ajax\/download?t=eyJ0eXAiOiJKV1QiLCJhbGciOiJIUzI1NiJ9.eyJpYXQiOjE3NzY2ODc2MTIsImV4cCI6MjA5MjY4NzYxMiwiZmlsZV9pZCI6IjlxN1ZrWmhqOXNzNUJZSUFETHQyRUQ4UzcxeEc4Y2plUzFrMHNXMEZjQ2dLcTczOVFEK1R6Tk9LSjlzdTFxV3Z1Q1c4YUovenp1VUE4SDA2b1o5eE95cXdONFNpL09FenlZaFJXUTJ0MGZCb2phc200amQ5cVJUY3ByVzJLZXdTYkdaVGdoSnh5RDNqZm9uYzE3R3czSHZJaHVrai9uWkZPb1hNTkNUTW9VamJldGNyVExINmNMeWRzcUphNmZvRCIsImZpbGVuYW1lIjoiNl81NDdfZDA5ZDlhODczN2ZmNzBkMGZkZTY0ZmVmNzA5NTFmNTUuanBnIn0.BpIkxR_TL_EtlR6WJvMr5MHiO2C5Dybbt_s4UXUvRK0\" alt=\"\" \/><\/figure>\n<h3>Dagsrytmen<\/h3>\n<p>Dagsrytmen for b\u00e5de b\u00e5de sm\u00e5barn og storbarn er grunnmuren i arbeidet v\u00e5rt. Den skaper forutsigbarhet i hverdagen, noe som igjen skaper ro og trygghet for barna.<\/p>\n<p>Samtidig er dagsrytmen alltid justerbar, og vi m\u00e5 hele tiden ta utgangspunkt i barnas og barnegruppas behov. For de minste er det for eksempel m\u00e5ltider og soving det som styrer dagen, mens for de st\u00f8rste er det kanskje deres interesser i \u00e5 fordype seg i noe som legger f\u00f8ringer for dagen.&nbsp;<\/p>\n<p>I Abra Cadabra jobber vi hele tiden etter prinsippet om at sm\u00e5 grupper gir mer ro og tryggere omgivelser for barna. Personalet f\u00e5r mulighet til \u00e5 v\u00e6re tettere p\u00e5 n\u00e5r antallet barn i gruppa er mindre. Derfor deler vi barnegruppene innad p\u00e5 avdelingene i mindre grupper hver dag. Dette ser vi p\u00e5 som en arbeidsm\u00e5te for \u00e5 bedre kunne st\u00f8tte barns lek og l\u00e6ring, utvikling og trygghet.&nbsp;<\/p>\n<p>&nbsp;<\/p>\n<div class=\"mykid-docs\">\n<ul>\n<li>\n\t\t\t\t\tSe <a href=\"https:\/\/backstage.mykid.no\/_ajax\/download?t=eyJ0eXAiOiJKV1QiLCJhbGciOiJIUzI1NiJ9.eyJpYXQiOjE3NzY2ODc2MTIsImV4cCI6MjA5MjY4NzYxMiwiZmlsZV9pZCI6Ii9UN3ZaUllSU1Y4cVpzbWJRbGVMOTBodEVEMTZGTXNCT1FYOENuQzhlZGs4R3o4VzU3R0ZCbGRFNDhDdXhRai9LM0pjeTJ4MmhUWWNIR09Sc3JXcFYwdFMyZVh0NG5jSkpvWTQ3MVQrOFd0ZlRhRnZ1bW5XeUJ3ZkhqaWM4L3VWWGoxSVZ2NkFRSjYrT011NDlpM0lpTWNhdzVySWpTWUJUSzJabmNNdHEwMD0iLCJmaWxlbmFtZSI6IkRBR1NSWVRNRU4gU1RPUkJBUk4gMjAyNS0yMDI2LnBkZiJ9.wFPfC7LWn3qichbdZe00uj8mYpJMftEZ8ekSrmSbsoE&amp;dl=1\" target=\"_blank\" rel=\"noopener\">DAGSRYTMEN STORBARN 2025-2026.pdf<\/a>\n\t\t\t\t<\/li>\n<li>\n\t\t\t\t\tSe <a href=\"https:\/\/backstage.mykid.no\/_ajax\/download?t=eyJ0eXAiOiJKV1QiLCJhbGciOiJIUzI1NiJ9.eyJpYXQiOjE3NzY2ODc2MTIsImV4cCI6MjA5MjY4NzYxMiwiZmlsZV9pZCI6ImpXQWMzKzkrZUY4eUcyYUlrMWdITHg0MmROd2Z3NVE1ZmR1S0VjOWZmREhYaGtlWG41WE0xeWtiNTdEaHc1eTBkSTduRUxweFlJRTJveWtXbDJjV0l0d214V1c5enZyUE8yUDlmMVlScVNsaXEwUWhGVDBzWDByZWNWbmFsK0REQTJLRU5WMkxSUWFjWjVSOTJWOUJCTVVNZXg4NjBQQUtKUG9zWW9RSHFoUT0iLCJmaWxlbmFtZSI6IkRBR1NSWVRNRSBTTVx1MDBjNUJBUk5TIDIwMjUtMjAyNi5wZGYifQ.j1mqWVut6cdJ6L1blo0QpH5aMd0u1YHla2atzBEU-DQ&amp;dl=1\" target=\"_blank\" rel=\"noopener\">DAGSRYTME SM\u00c5BARNS 2025-2026.pdf<\/a>\n\t\t\t\t<\/li>\n<\/ul><\/div>\n<\/p><\/div>\n<div id=\"foreldresamarbeid\">\n<h2>Foreldresamarbeid<\/h2>\n<figure class=\"wp-block-image has-image-ratio-16-9 size-full\"><img decoding=\"async\" src=\"https:\/\/backstage.mykid.no\/_ajax\/download?t=eyJ0eXAiOiJKV1QiLCJhbGciOiJIUzI1NiJ9.eyJpYXQiOjE3NzY2ODc2MTIsImV4cCI6MjA5MjY4NzYxMiwiZmlsZV9pZCI6ImI0NndsaDBWUUtCWXJNZFU1T08xalNvdzU4ZlEyUHRqVG5jckt0RnZmN2pkMGYwQktJSzdBSlMxRVZnZmU0NzlucmJRditGMHlacTNGK2lnRXpzK1hsTXl5RXIyMldKdlZiMjlhOW90bjRSb1pyQll2NlQ3bHIvb1o2NW1zQkZQazhpdFBZVGEwQ2UvQ0hKQ1NqT1NIa3ZvT2RSdE5ENWlaNi9FMlBWUUVJMWgvdzVIQzRnR2NzNGRVd2JiemN6VCIsImZpbGVuYW1lIjoiNl81NDdfZTg4NDE3ZmJjYmUwZWI5YWM0NDM5NzU4MTY3MzMzNWMuanBnIn0.b2yNIBIsZyAOdPmciRuwFDxvc9v2WG4bY0Bf-jG7mw4\" alt=\"\" \/><\/figure>\n<h3>MyKid<\/h3>\n<p>Kanvas-barnehagene benytter seg av kommunikasjonsportalen MyKid.<\/p>\n<p>&nbsp;<\/p>\n<p>Foruten daglig kommunikasjon med dere foreldre ved levering og henting, foreg\u00e5r mye av kommunikasjonen via Mykid.&nbsp;<\/p>\n<p>Personalet bruker Mykid slik:<\/p>\n<ul>\n<li>Sender ut SMS\/melding med ulik informasjon<\/li>\n<li>Registrerer levering- og hentetidspunkt for barna<\/li>\n<li>Legger inn beskjeder om barnet som gis av dere foreldre<\/li>\n<li>Registrerer sovetider<\/li>\n<li>Gir beskjed om p\u00e5fyll av bleier, kl\u00e6r o.l.&nbsp;<\/li>\n<li>Legger ut informasjon hva som skal skje p\u00e5 kalender<\/li>\n<li>Legger ut nyhetsbrev til foreldre<\/li>\n<\/ul>\n<p>Vi \u00f8nsker at dere foreldre bruker Mykid til \u00e5:<\/p>\n<ul>\n<li>Legge inn frav\u00e6r (sykdom, fri, ferie)<\/li>\n<li>Legge inn beskjeder om barnet deres<\/li>\n<li>Legge inn beskjed om noen andre skal hente barnet deres<\/li>\n<li>Registrere forventet oppholdstid<\/li>\n<li>Lese&nbsp;informasjon som legges ut p\u00e5 kalender og nyhetsbrev<\/li>\n<li>Melder dere p\u00e5 utviklingssamtaler og andre arrangementer<\/li>\n<\/ul>\n<p>&nbsp;<\/p>\n<h3>Startsamtale, foreldresamtaler og foreldrem\u00f8ter<\/h3>\n<p>Kort tid etter barnehagestart gjennomf\u00f8rer vi en startsamtale der form\u00e5let er \u00e5 bli bedre kjent med barnet og familien.<\/p>\n<p>Etter startsamtalen tilbys foresatte en foreldresamtale 2 ganger per \u00e5r. Hensikten med foreldresamtalen er \u00e5 f\u00e5 til en god dialog om barnets trivsel og utvikling hjemme og i barnehagen,&nbsp;for \u00e5 kunne&nbsp;legge til rette for en god barnehagehverdag og videre utvikling for barnet, og&nbsp;et godt og konstruktivt foreldresamarbeid.<\/p>\n<p>Kanvas-barnehagene gjennomf\u00f8rer ogs\u00e5 foreldrem\u00f8te \u00e9n eller to ganger i \u00e5ret.<\/p>\n<p>Les mer om startsamtalen,&nbsp;foreldresamtalene og foreldrem\u00f8tene her:&nbsp;<a href=\"https:\/\/www.kanvas.no\/2023\/07\/06\/startsamtale-foreldresamtaler-og-foreldremoter\/\">Startsamtale, foreldresamtaler og foreldrem\u00f8ter &#8211; Kanvas<\/a><\/p>\n<p>Utviklingssamtaler gjennomf\u00f8res h\u00f8st og v\u00e5r hvert \u00e5r, og er et tilbud som foreldre kan benytte seg av.&nbsp;<\/p>\n<p>Dere vil i forkant av utviklingssamtalen motta hovedpunktene som vi \u00f8nsker \u00e5 snakke om. Det settes av 30 min pr. samtale, og det vil v\u00e6re en av pedagogene som jobber tett p\u00e5 barnet som gjennomf\u00f8rer samtalen.&nbsp;<\/p>\n<p>Vi anbefaler som hovedregel at barn med to heimer har to ulike samtaler.&nbsp;<\/p>\n<p>&nbsp;<\/p>\n<h3>Foreldrer\u00e5det og Samarbeidsutvalget (SU)<\/h3>\n<p>Foreldrer\u00e5det best\u00e5r av de foresatte til barna i barnehagen. Foreldrer\u00e5det skal fremme foreldrenes fellesinteresser&nbsp;og samarbeide med barnehagen om et&nbsp;barnehagemilj\u00f8 for barna. Foreldrer\u00e5det velger foreldrerepresentanter til samarbeidsutvalget (SU).<\/p>\n<p>Alle barnehager er p\u00e5lagt \u00e5 ha et samarbeidsutvalg. SU skal v\u00e6re et r\u00e5dgivende, kontaktskapende og samordnende organ, og best\u00e5r av foresatte og ansatte i barnehagen. Foreldrer\u00e5det og samarbeidsutvalget skal bli forelagt, og har rett til \u00e5 uttale seg i, saker som er viktige for foreldrenes forhold til barnehagen. Samarbeidsutvalget skal med utgangspunkt i rammeplanen vedta en \u00e5rsplan for den pedagogiske virksomheten. Informasjon om hvilke foreldre som er valgt som SU-representanter, samt kontaktinformasjon til disse, deles p\u00e5 MyKid.<\/p>\n<p>Samarbeidsutvalget i Abra Cadabra best\u00e5r av:<\/p>\n<ul>\n<li>Foreldrerepresentanter:\n<ul>\n<li>Irmelin&nbsp;Soligard S\u00e6ternes<\/li>\n<li>Nina Hogstad<\/li>\n<li>Lise Laugsand-De Lange (vara)<\/li>\n<\/ul>\n<\/li>\n<li>Ansatterepresentant:\n<ul>\n<li>Grete Johansen<\/li>\n<\/ul>\n<\/li>\n<li>Daglig leder:\n<ul>\n<li>Kristin Lyngstad<\/li>\n<\/ul>\n<\/li>\n<\/ul>\n<p>Det velges som hovedregel&nbsp;\u00e9n ny foreldrerepresentant hver h\u00f8st, slik at det alltid sitter noen i foreldreutvalget som har v\u00e6rt med tidligere.&nbsp;<\/p>\n<p>&nbsp;<\/p>\n<p>Oppgaver til Samarbeidsutvalget:<\/p>\n<ul>\n<li>Diskutere saker som ang\u00e5r barnehagen som helhet. Saker om enkeltbarn skal ikke diskuteres i SU.&nbsp;<\/li>\n<li>Godkjenne \u00e5rsplan<\/li>\n<li>V\u00e6re bindeledd mellom foreldregruppa og barnehagen<\/li>\n<\/ul>\n<p>Oppgaver for foreldrerepresentantene:<\/p>\n<ul>\n<li>Ansvarlig for gjennomf\u00f8ring av dugnaden i samarbeid med daglig leder<\/li>\n<\/ul>\n<p>&nbsp;<\/p>\n<h3>Dugnad<\/h3>\n<p>Dugnad gjennomf\u00f8res i mai hvert \u00e5r.<\/p>\n<p>Arbeidsoppgaver vil variere fra \u00e5r til \u00e5r, og vil i hovedsak v\u00e6re &quot;v\u00e5roinn&quot;, enkelt vedlikehold, maling og flikking, tilf\u00f8re lekemilj\u00f8et nye ting osv.&nbsp;<\/p>\n<p>&nbsp;<\/p>\n<h3>Foreldreunders\u00f8kelsen<\/h3>\n<p>Kanvas-barnehagene deltar \u00e5rlig i den nasjonale foreldreunders\u00f8kelsen. I foreldreunders\u00f8kelsen f\u00e5r foresatte si sin mening om barnehagetilbudet, barnas trivsel og samarbeidet mellom hjem og barnehage.&nbsp;<\/p>\n<p>Unders\u00f8kelsen gjennomf\u00f8res mellom 6. januar og 31. januar. Resultatene blir tilgjengelig i februar.&nbsp;<\/p>\n<p>Resultatene fra foreldreunders\u00f8kelsen brukes av barnehagen som en hjelp til \u00e5 vurdere og utvikle barnehagetilbudet. Vi oppfordrer alle foreldre til \u00e5 delta p\u00e5 unders\u00f8kelsen.<\/p>\n<p>&nbsp;<\/p>\n<p>Her kan dere lese resultatene fra Foreldreunders\u00f8kelsen 2025.<\/p>\n<p>&nbsp;<\/p>\n<\/p><\/div>\n<div id=\"arshjul\">\n<h2>\u00c5rshjul<\/h2>\n<figure class=\"wp-block-image has-image-ratio-16-9 size-full\"><img decoding=\"async\" src=\"https:\/\/backstage.mykid.no\/_ajax\/download?t=eyJ0eXAiOiJKV1QiLCJhbGciOiJIUzI1NiJ9.eyJpYXQiOjE3NzY2ODc2MTIsImV4cCI6MjA5MjY4NzYxMiwiZmlsZV9pZCI6IjZvV05reUgvbFhIeUI2dmg2ayszZHFLQ0NaREhTZjlydXJGQno5RTFOK0g2dExDV3V0cUc4MGhKMytHS2ZMTzgvV0s0d3l3Wk56N3NRS0RGeGRreXliSXJqVGFaU0xqZDdxWXJ6TWRhdjI3SEZkRXVTSEplMFR1dDhvdnVmL0Evc0YxVVY2SFV5K01jUW03Q2hpckE1dzlZMkFIZ3U3TW41MVM3T2pBOVhwRDBWWGYyMmFkVVhZQ1NERnFiSDg0byIsImZpbGVuYW1lIjoiNl81NDdfOTE3MTc4MDgyMTJhZGJlYWUzMTEwOWQ2N2ZjOTcyM2EuanBnIn0.cBPefVBBoa_rI3XOypdi9S4gxVd0E3ra3GndXzc19ok\" alt=\"\" \/><\/figure>\n<div class=\"calendar-outer\">\n<div class=\"calendar-container \">\n<div class=\"calendar-wrapper\">\n<div class=\"calendar-content\">\n<div class=\"calendar-left\">\n\t\t\t\t\t\t\t13. mai 2026\n\t\t\t\t\t\t\t<\/div>\n<div class=\"calendar-right\">\n<div class=\"calendar-inner\">\n<p>Barnas 17.mai-feiring<\/p>\n<\/p><\/div>\n<\/p><\/div>\n<\/p><\/div>\n<\/p><\/div>\n<\/p><\/div>\n<div class=\"calendar-container \">\n<div class=\"calendar-wrapper\">\n<div class=\"calendar-content\">\n<div class=\"calendar-left\">\n\t\t\t\t\t\t\t29. mai 2026\n\t\t\t\t\t\t\t<\/div>\n<div class=\"calendar-right\">\n<div class=\"calendar-inner\">\n<p>V\u00f8mm\u00f8ldag<\/p>\n<\/p><\/div>\n<\/p><\/div>\n<\/p><\/div>\n<\/p><\/div>\n<\/p><\/div>\n<div class=\"calendar-container \">\n<div class=\"calendar-wrapper\">\n<div class=\"calendar-content\">\n<div class=\"calendar-left\">\n\t\t\t\t\t\t\t19. jun 2026\n\t\t\t\t\t\t\t<\/div>\n<div class=\"calendar-right\">\n<div class=\"calendar-inner\">\n<p>Planleggingsdag<\/p>\n<\/p><\/div>\n<\/p><\/div>\n<\/p><\/div>\n<\/p><\/div>\n<\/p><\/div>\n<div class=\"calendar-container \">\n<div class=\"calendar-wrapper\">\n<div class=\"calendar-content\">\n<div class=\"calendar-left\">\n\t\t\t\t\t\t\t12. des 2026\n\t\t\t\t\t\t\t<\/div>\n<div class=\"calendar-right\">\n<div class=\"calendar-inner\">\n<p>Luciafeiring \ud83c\udf1f<\/p>\n<\/p><\/div>\n<\/p><\/div>\n<\/p><\/div>\n<\/p><\/div>\n<\/p><\/div>\n<\/p><\/div>\n<\/p><\/div>\n<\/div>\n","protected":false},"excerpt":{"rendered":"<p>I informasjonsheftet finner du praktisk informasjon om barnehagen.<\/p>\n","protected":false},"author":1,"featured_media":0,"comment_status":"closed","ping_status":"closed","sticky":false,"template":"","format":"standard","meta":[],"categories":[1],"tags":[],"acf":[],"_links":{"self":[{"href":"https:\/\/www.kanvas.no\/abracadabra\/wp-json\/wp\/v2\/posts\/74"}],"collection":[{"href":"https:\/\/www.kanvas.no\/abracadabra\/wp-json\/wp\/v2\/posts"}],"about":[{"href":"https:\/\/www.kanvas.no\/abracadabra\/wp-json\/wp\/v2\/types\/post"}],"author":[{"embeddable":true,"href":"https:\/\/www.kanvas.no\/abracadabra\/wp-json\/wp\/v2\/users\/1"}],"replies":[{"embeddable":true,"href":"https:\/\/www.kanvas.no\/abracadabra\/wp-json\/wp\/v2\/comments?post=74"}],"version-history":[{"count":0,"href":"https:\/\/www.kanvas.no\/abracadabra\/wp-json\/wp\/v2\/posts\/74\/revisions"}],"wp:attachment":[{"href":"https:\/\/www.kanvas.no\/abracadabra\/wp-json\/wp\/v2\/media?parent=74"}],"wp:term":[{"taxonomy":"category","embeddable":true,"href":"https:\/\/www.kanvas.no\/abracadabra\/wp-json\/wp\/v2\/categories?post=74"},{"taxonomy":"post_tag","embeddable":true,"href":"https:\/\/www.kanvas.no\/abracadabra\/wp-json\/wp\/v2\/tags?post=74"}],"curies":[{"name":"wp","href":"https:\/\/api.w.org\/{rel}","templated":true}]}}