{"id":9727,"date":"2026-04-20T13:19:28","date_gmt":"2026-04-20T12:19:28","guid":{"rendered":"https:\/\/www.kanvas.no\/denblaaappelsin\/informasjonshefte\/"},"modified":"2026-04-20T13:19:28","modified_gmt":"2026-04-20T12:19:28","slug":"informasjonshefte","status":"publish","type":"post","link":"https:\/\/www.kanvas.no\/denblaaappelsin\/informasjonshefte\/","title":{"rendered":"Informasjonshefte"},"content":{"rendered":"<div class=\"t2-featured-content-layout alignwide wp-block-t2-featured-content-layout dont-print\">\n<div class=\"t2-featured-query-post t2-featured-content wp-block-t2-featured-query-post t2-featured-content-layout-col-4 t2-featured-content-layout-col-2-mobile\">\n\t\t\t\t\t<a class=\"t2-post-link wp-block-t2-post-link\" href=\"#om-barnehagen\"><\/p>\n<figure class=\"t2-post-featured-image has-image-ratio-16-9 wp-block-t2-post-featured-image\"><img decoding=\"async\" src=\"https:\/\/backstage.mykid.no\/_ajax\/download?t=eyJ0eXAiOiJKV1QiLCJhbGciOiJIUzI1NiJ9.eyJpYXQiOjE3NzY2ODc1NjgsImV4cCI6MjA5MjY4NzU2OCwiZmlsZV9pZCI6IkVINXJWdExublpxd3ZUMGg4M2FCQmVicjRXODRmNjJEVzRKcC9qRGNxb29OWGtESmhmNnIyUkJNWG1TYWdZc2ZRL1RhVE5TeFBFcDZpS2RhdGE3RmhwNTdxa1dyNEEwWDFQNFQyM3BJNTNPbjNuMjJqTmQvd3cwQ1VwUDNGVnMwbDhpRnBZMURxaXRCRlhxY2V1dXFENEVyazZ4M1U5cmJDaFNkcmgvL3NFZz0iLCJmaWxlbmFtZSI6IjZfMF8zYzFmNTIyMWQ5ZTQxOWJlNTE3NDBmYmM5OTNlYTYyZi5qcGcifQ.eWv8F6Hkj1tKDEbetS4lcI8D3APvdDF1pi1ScdhBT5E\" alt=\"\" \/><\/figure>\n<div class=\"wp-block-group alignfull is-layout-flow\">\n<h2 class=\"t2-post-title wp-block-t2-post-title fluid-2\">Om barnehagen<\/h2>\n<div class=\"t2-post-excerpt wp-block-t2-excerpt\">\n\t\t\t\t\t\t\t\tHer finner du fakta om barnehagen, \u00e5pningstider og kontaktinformasjon.\n\t\t\t\t\t\t\t<\/div>\n<\/p><\/div>\n<p>\t\t\t\t\t<\/a>\n\t\t\t\t<\/div>\n<div class=\"t2-featured-query-post t2-featured-content wp-block-t2-featured-query-post t2-featured-content-layout-col-4 t2-featured-content-layout-col-2-mobile\">\n\t\t\t\t\t<a class=\"t2-post-link wp-block-t2-post-link\" href=\"#ny-i-barnehagen\"><\/p>\n<figure class=\"t2-post-featured-image has-image-ratio-16-9 wp-block-t2-post-featured-image\"><img decoding=\"async\" src=\"https:\/\/backstage.mykid.no\/_ajax\/download?t=eyJ0eXAiOiJKV1QiLCJhbGciOiJIUzI1NiJ9.eyJpYXQiOjE3NzY2ODc1NjgsImV4cCI6MjA5MjY4NzU2OCwiZmlsZV9pZCI6IjhYSTd1RTBqUXRGeGl3SUVlWmZJY2I1cndGM3VuNjRRdHAzSWdodkl0OENaRlFCTXh2TXZ0Wjd5NnU2dHhlZ2cySmlwRTNPU1ZIU2ZSUDMwWDYxbEl5L1ltOWJqdFVDTm1xRU92a1RaZVlsK21xdTgvcWJxTitnWWRMUWRHajZGR3lDUDJVSElyU3ZreVVmb0FmRlh0a0NYdVA4SDdDSVNyeXg1TEZXcnp0cz0iLCJmaWxlbmFtZSI6IjZfMF9mNjQ0NDQ4NTk2ZGRlYzJjZWZhNmM4YTI1MTRlMzRmOC5qcGcifQ.qX_Nldd1XVzfvIij_TifzSTfwJfyHBo0zXF8yDjDCZ8\" alt=\"\" \/><\/figure>\n<div class=\"wp-block-group alignfull is-layout-flow\">\n<h2 class=\"t2-post-title wp-block-t2-post-title fluid-2\">Ny i barnehagen<\/h2>\n<div class=\"t2-post-excerpt wp-block-t2-excerpt\">\n\t\t\t\t\t\t\t\tHer finner du info om tilvenning, startsamtalen og hva du b\u00f8r vite f\u00f8r oppstart.\n\t\t\t\t\t\t\t<\/div>\n<\/p><\/div>\n<p>\t\t\t\t\t<\/a>\n\t\t\t\t<\/div>\n<div class=\"t2-featured-query-post t2-featured-content wp-block-t2-featured-query-post t2-featured-content-layout-col-4 t2-featured-content-layout-col-2-mobile\">\n\t\t\t\t\t<a class=\"t2-post-link wp-block-t2-post-link\" href=\"#praktisk-info\"><\/p>\n<figure class=\"t2-post-featured-image has-image-ratio-16-9 wp-block-t2-post-featured-image\"><img decoding=\"async\" src=\"https:\/\/backstage.mykid.no\/_ajax\/download?t=eyJ0eXAiOiJKV1QiLCJhbGciOiJIUzI1NiJ9.eyJpYXQiOjE3NzY2ODc1NjgsImV4cCI6MjA5MjY4NzU2OCwiZmlsZV9pZCI6Inp3ZUNtRjl6dEpTZzJKczJySytkMEVHTk94cVJ3Z3M3MStRRzdhZk9Hakl3cis4aEYyY3R4UHQva284Um5OaEsxdFlVeGgydWdGTDhnWmMzd2NFQlRyelI4Zzh1eVZDQWIrTWdqWWdGSmlTMWk5d05MYjlEaVM4VnhqSWNqQUUwQUVWUDhLdGFWNTBGOXllRnRhejRxR2E2eEFtaHdUNHFvSVd4VlpGa1o3WT0iLCJmaWxlbmFtZSI6IjZfMF82M2YxMGIwMDkxYmEyYmFmM2Y5NWU3NzA4ZjNlNzljZS5qcGcifQ.cJKGLq5v0YFHxzFuVCV3Cj34oaT3XfUVQ50ThBCgdZM\" alt=\"\" \/><\/figure>\n<div class=\"wp-block-group alignfull is-layout-flow\">\n<h2 class=\"t2-post-title wp-block-t2-post-title fluid-2\">Praktisk info<\/h2>\n<div class=\"t2-post-excerpt wp-block-t2-excerpt\">\n\t\t\t\t\t\t\t\tHer finner du informasjon om bl.a. kl\u00e6r og utstyr, mat, soving, sykt barn, ferie og forsikring.\n\t\t\t\t\t\t\t<\/div>\n<\/p><\/div>\n<p>\t\t\t\t\t<\/a>\n\t\t\t\t<\/div>\n<div class=\"t2-featured-query-post t2-featured-content wp-block-t2-featured-query-post t2-featured-content-layout-col-4 t2-featured-content-layout-col-2-mobile\">\n\t\t\t\t\t<a class=\"t2-post-link wp-block-t2-post-link\" href=\"#barnehagehverdagen\"><\/p>\n<figure class=\"t2-post-featured-image has-image-ratio-16-9 wp-block-t2-post-featured-image\"><img decoding=\"async\" src=\"https:\/\/backstage.mykid.no\/_ajax\/download?t=eyJ0eXAiOiJKV1QiLCJhbGciOiJIUzI1NiJ9.eyJpYXQiOjE3NzY2ODc1NjgsImV4cCI6MjA5MjY4NzU2OCwiZmlsZV9pZCI6IjZseDFBVGxFb3hPRlc1ZjhkclNIVi9jMDZLaFlqdGhBU3JaSlg3eWZ6N2ZsUXNMZkh5SDFjMGJEVktuR2dOaG1Tc3k5MFJVT1JNRFNuemwxQTAzdmFLb3ZEYUQ4UTRtcUQveWc1NE1Qa09HajNveTM5WXdmK0RmY1ZDVDIvNTcyL1hxS1kxQ2lwVXJJelJxb285ZzdiY0VlTzVrWDBaRnIxMUNoTWl3cW0xZz0iLCJmaWxlbmFtZSI6IjZfMF8yMGViYTdlZTk0NDkxMDUyY2M2Njc5MzQ5ZjFhNDk4YS5qcGcifQ.9cPEvjBBtq3G4h5R3bCpuG3MYV7s7TyLN9X5kceOfW8\" alt=\"\" \/><\/figure>\n<div class=\"wp-block-group alignfull is-layout-flow\">\n<h2 class=\"t2-post-title wp-block-t2-post-title fluid-2\">Barnehagehverdagen<\/h2>\n<div class=\"t2-post-excerpt wp-block-t2-excerpt\">\n\t\t\t\t\t\t\t\tHer finner du informasjon om bl.a. dagsrytme, aktiviteter og bemanning.\n\t\t\t\t\t\t\t<\/div>\n<\/p><\/div>\n<p>\t\t\t\t\t<\/a>\n\t\t\t\t<\/div>\n<div class=\"t2-featured-query-post t2-featured-content wp-block-t2-featured-query-post t2-featured-content-layout-col-4 t2-featured-content-layout-col-2-mobile\">\n\t\t\t\t\t<a class=\"t2-post-link wp-block-t2-post-link\" href=\"#foreldresamarbeid\"><\/p>\n<figure class=\"t2-post-featured-image has-image-ratio-16-9 wp-block-t2-post-featured-image\"><img decoding=\"async\" src=\"https:\/\/backstage.mykid.no\/_ajax\/download?t=eyJ0eXAiOiJKV1QiLCJhbGciOiJIUzI1NiJ9.eyJpYXQiOjE3NzY2ODc1NjgsImV4cCI6MjA5MjY4NzU2OCwiZmlsZV9pZCI6ImEzSDlSN2N5TXdQUG9CbitLbzB4akVjY1Z3eVFoWEl3QVIzMXk0aGdyc0p5Q2hsVzdCM1A4UURvakxIQmZTSFNadmJyTDBjUlczd09qUEhLNDdYTTBRODNMR1dCbytTbVpqYk5jLytEZFV0WkRibUZIRkp4M0VvbHhnSFhLaUp5emhudEJXQ1R1TE1HaVVYN0ZJQVUyQnh6NFhyNWZuaUh2WGdSL2FmV1phOD0iLCJmaWxlbmFtZSI6IjZfMF8yMjQzZjNhYTQ1NmQ0ZjQ1NDJjOTlkNTE2MWFmMzgzNi5qcGcifQ._wrjqqez629MWMyVbpowiEZZoCFZTwncat0GA4cP_DI\" alt=\"\" \/><\/figure>\n<div class=\"wp-block-group alignfull is-layout-flow\">\n<h2 class=\"t2-post-title wp-block-t2-post-title fluid-2\">Foreldresamarbeid<\/h2>\n<div class=\"t2-post-excerpt wp-block-t2-excerpt\">\n\t\t\t\t\t\t\t\tHer finner du informasjon om bl.a. MyKid, foreldresamtaler og -m\u00f8ter, SU, foreldrebetaling og foreldreunders\u00f8kelsen.\n\t\t\t\t\t\t\t<\/div>\n<\/p><\/div>\n<p>\t\t\t\t\t<\/a>\n\t\t\t\t<\/div>\n<div class=\"t2-featured-query-post t2-featured-content wp-block-t2-featured-query-post t2-featured-content-layout-col-4 t2-featured-content-layout-col-2-mobile\">\n\t\t\t\t\t<a class=\"t2-post-link wp-block-t2-post-link\" href=\"#arshjul\"><\/p>\n<figure class=\"t2-post-featured-image has-image-ratio-16-9 wp-block-t2-post-featured-image\"><img decoding=\"async\" src=\"https:\/\/backstage.mykid.no\/_ajax\/download?t=eyJ0eXAiOiJKV1QiLCJhbGciOiJIUzI1NiJ9.eyJpYXQiOjE3NzY2ODc1NjgsImV4cCI6MjA5MjY4NzU2OCwiZmlsZV9pZCI6IjFKZFMrekV3S0gweVZCRHpIUTlEczYyalRON3VseWMxZXJMdllqN2hJVk5kcFdWei9STmk5eWszZnlxcmdlV2VBNWUyTVZ5R3IwZFB4cW8zWEppYmhadmNsS2E1OHBPTWphemhKdDUvdmpPV0hiYjZwZWxDeXBKOTVHMXFDSThxQjN0enhSdEpDV2tSblU2UHN5RVhOZ3RnNWRhbTc5UGZjQWhMOHhxNXI4Zz0iLCJmaWxlbmFtZSI6IjZfMF85NjFmN2FiZTk0ZmJhZmYzYWI2MDIwNWVlOGVkMWQwYi5qcGcifQ.fn7HULNGHTkJsI7QoMKUH6-fXe87o_j05FLm8XusiEo\" alt=\"\" \/><\/figure>\n<div class=\"wp-block-group alignfull is-layout-flow\">\n<h2 class=\"t2-post-title wp-block-t2-post-title fluid-2\">\u00c5rshjul<\/h2>\n<div class=\"t2-post-excerpt wp-block-t2-excerpt\">\n\t\t\t\t\t\t\t\tHer finner du oversikt over merkedager, planleggingsdager, ferielukket mm.\n\t\t\t\t\t\t\t<\/div>\n<\/p><\/div>\n<p>\t\t\t\t\t<\/a>\n\t\t\t\t<\/div>\n<\/div>\n<div class=\"text-content\">\n<div id=\"om-barnehagen\">\n<h2>Om barnehagen<\/h2>\n<figure class=\"wp-block-image has-image-ratio-16-9 size-full\"><img decoding=\"async\" src=\"https:\/\/backstage.mykid.no\/_ajax\/download?t=eyJ0eXAiOiJKV1QiLCJhbGciOiJIUzI1NiJ9.eyJpYXQiOjE3NzY2ODc1NjgsImV4cCI6MjA5MjY4NzU2OCwiZmlsZV9pZCI6IkVINXJWdExublpxd3ZUMGg4M2FCQmVicjRXODRmNjJEVzRKcC9qRGNxb29OWGtESmhmNnIyUkJNWG1TYWdZc2ZRL1RhVE5TeFBFcDZpS2RhdGE3RmhwNTdxa1dyNEEwWDFQNFQyM3BJNTNPbjNuMjJqTmQvd3cwQ1VwUDNGVnMwbDhpRnBZMURxaXRCRlhxY2V1dXFENEVyazZ4M1U5cmJDaFNkcmgvL3NFZz0iLCJmaWxlbmFtZSI6IjZfMF8zYzFmNTIyMWQ5ZTQxOWJlNTE3NDBmYmM5OTNlYTYyZi5qcGcifQ.eWv8F6Hkj1tKDEbetS4lcI8D3APvdDF1pi1ScdhBT5E\" alt=\"\" \/><\/figure>\n<p>Den bl\u00e5 appelsin Kanvas-barnehage \u00e5pnet i 2007, og har plass til 12&nbsp;barn under 3 \u00e5r og 49&nbsp;barn over 3 \u00e5r.&nbsp;Vi har&nbsp;50% pedagogiske ledere, og sammen med v\u00e5re dyktige og engasjerte assistenter og fagarbeidere s\u00f8rger vi for \u00e5 gi barna de beste l\u00e6rings&ndash; og utviklingsmuligheter, og har fokus p\u00e5 l\u00e6ring gjennom lek.<\/p>\n<p><u>Barnehagen er en sone barnehage, inndelt i to soner; Lille Persille og Stor sone<\/u>.<\/p>\n<p><u>Lille Persille<\/u>: De 12&nbsp;yngste barna i barnehagen kaller vi for Lille Persiller. Sammen med to pedagogiske ledere og tre fagarbeidere\/assistenter fyller de hverdagene med gode opplevelser, n\u00e6rhet, trygghet, forutsigbare rutiner og nysgjerrighet.<\/p>\n<p><u>Stor sone<\/u>: De 49&nbsp;eldste barna i barnehagen g\u00e5r p\u00e5 stor sone, og er delt inn i team etter f\u00f8dsels\u00e5r. P\u00e5 stor sone jobber 4 pedagogiske ledere, 1 fagarbeider, 3 assistenter og en l\u00e6rling. Alle team har faste voksne som f\u00f8lger de opp gjennom barnehagedagen for \u00e5 skape trygghet og forutsigbarhet.<\/p>\n<p><u>\u00c5pningstid:&nbsp;<\/u><\/p>\n<p>Banehagen er \u00e5pen fra 7.30-17.00.&nbsp;<\/p>\n<\/p><\/div>\n<div id=\"ny-i-barnehagen\">\n<h2>Ny i barnehagen<\/h2>\n<figure class=\"wp-block-image has-image-ratio-16-9 size-full\"><img decoding=\"async\" src=\"https:\/\/backstage.mykid.no\/_ajax\/download?t=eyJ0eXAiOiJKV1QiLCJhbGciOiJIUzI1NiJ9.eyJpYXQiOjE3NzY2ODc1NjgsImV4cCI6MjA5MjY4NzU2OCwiZmlsZV9pZCI6IjhYSTd1RTBqUXRGeGl3SUVlWmZJY2I1cndGM3VuNjRRdHAzSWdodkl0OENaRlFCTXh2TXZ0Wjd5NnU2dHhlZ2cySmlwRTNPU1ZIU2ZSUDMwWDYxbEl5L1ltOWJqdFVDTm1xRU92a1RaZVlsK21xdTgvcWJxTitnWWRMUWRHajZGR3lDUDJVSElyU3ZreVVmb0FmRlh0a0NYdVA4SDdDSVNyeXg1TEZXcnp0cz0iLCJmaWxlbmFtZSI6IjZfMF9mNjQ0NDQ4NTk2ZGRlYzJjZWZhNmM4YTI1MTRlMzRmOC5qcGcifQ.qX_Nldd1XVzfvIij_TifzSTfwJfyHBo0zXF8yDjDCZ8\" alt=\"\" \/><\/figure>\n<h3>F\u00f8r oppstart<\/h3>\n<p>F\u00f8r barnet begynner i barnehagen&nbsp;mottar de foresatte en sms med beskjed om \u00e5 registrere barnet og foresatte i kommunikasjonsplattformen MyKid. I MyKid skal dere fylle ut kontaktinformasjon og andre opplysninger som er viktig for barnets opphold i barnehagen, blant annet et samtykkeskjema og en egenerkl\u00e6ring om barnets helse.<\/p>\n<p>Foreldre som ikke bor sammen skal fylle ut hvert sitt skjema.<\/p>\n<p>Opplysninger om barnets helse er taushetsbelagt og det vil v\u00e6re begrenset&nbsp;tilgang til informasjonen i barnehagen.<\/p>\n<p>&nbsp;<\/p>\n<p>Alle barna inviteres til bes\u00f8ksdag i forkant av oppstarten. Vi ser p\u00e5 dette som en del av tilvenningen og vi h\u00e5per at foreldrene prioriterer \u00e5 delta p\u00e5 dette.<\/p>\n<ul>\n<li>&nbsp;De yngste barna inviteres til 3-4 bes\u00f8ksdager i juni, mens barna p\u00e5 stor sone inviteres til en bes\u00f8ksdag sammen med alle andre nye p\u00e5 det teamet de skal starte.<\/li>\n<\/ul>\n<p>P\u00e5 bes\u00f8ksdagen f\u00e5r barna mulighet til \u00e5 bli litt kjent med barnehagen og m\u00f8te de ansatte som jobber i barnehagen. Det er lagt opp til en liten samling i starten etterfulgt av lek.&nbsp;&nbsp;<\/p>\n<p>&nbsp;<\/p>\n<p>Alle foreldrene blir ogs\u00e5 invitert til et informasjonsm\u00f8te i midten av juni hvor de f\u00e5r informasjon om tilvenning, trygghetssirkelen og praktisk informasjon om barnehagen.&nbsp;<\/p>\n<p>&nbsp;<\/p>\n<h3>Tilvenning<\/h3>\n<p>Les mer om tilvenning her:&nbsp;<a href=\"https:\/\/www.kanvas.no\/2023\/07\/26\/tilvenning-i-barnehagen\/\">Tilvenning i barnehagen &#8211; Kanvas<\/a><\/p>\n<p>Tilvenningsmodellen v\u00e5r er hentet fra&nbsp;<a href=\"https:\/\/www.ntnu.no\/rkbu\/litenogny\/foreldre\" target=\"_blank\" rel=\"noopener\">Liten og ny i barnehagen<\/a>&nbsp;og vi har 5 dagers tilvenninger for&nbsp;b\u00e5de sm\u00e5 og store.&nbsp;<\/p>\n<p>Mer informajson om tilvenning blir sendt ut til foreldrene f\u00f8r oppstart.&nbsp;<\/p>\n<p>&nbsp;<\/p>\n<p>&nbsp;<\/p>\n<h3>Startsamtalen<\/h3>\n<p>Om startsamtalen i Kanvas:&nbsp;<a href=\"https:\/\/www.kanvas.no\/2023\/07\/06\/startsamtale-foreldresamtaler-og-foreldremoter\/\">Startsamtale, foreldresamtaler og foreldrem\u00f8ter &#8211; Kanvas<\/a><\/p>\n<p data-end=\"412\" data-start=\"122\">I l\u00f8pet av tilvenningsuken inviteres dere foreldre til en startsamtale. P\u00e5 <strong data-end=\"210\" data-start=\"197\">Stor sone<\/strong> sendes dato og informasjon om samtalen ut p\u00e5 e-post sammen med \u00f8vrig informasjon om tilvenningen. P\u00e5 <strong data-end=\"330\" data-start=\"312\">Lille Persille<\/strong> avtales tidspunkt for samtalen direkte med foreldrene i l\u00f8pet av tilvenningsuken.<\/p>\n<p data-end=\"539\" data-start=\"414\">Det er den pedagogiske lederen p\u00e5 teamet til barnet som gjennomf\u00f8rer startsamtalen. Vi setter av inntil \u00e9n time til samtalen.<\/p>\n<\/p><\/div>\n<div id=\"praktisk-info\">\n<h2>Praktisk info<\/h2>\n<figure class=\"wp-block-image has-image-ratio-16-9 size-full\"><img decoding=\"async\" src=\"https:\/\/backstage.mykid.no\/_ajax\/download?t=eyJ0eXAiOiJKV1QiLCJhbGciOiJIUzI1NiJ9.eyJpYXQiOjE3NzY2ODc1NjgsImV4cCI6MjA5MjY4NzU2OCwiZmlsZV9pZCI6Inp3ZUNtRjl6dEpTZzJKczJySytkMEVHTk94cVJ3Z3M3MStRRzdhZk9Hakl3cis4aEYyY3R4UHQva284Um5OaEsxdFlVeGgydWdGTDhnWmMzd2NFQlRyelI4Zzh1eVZDQWIrTWdqWWdGSmlTMWk5d05MYjlEaVM4VnhqSWNqQUUwQUVWUDhLdGFWNTBGOXllRnRhejRxR2E2eEFtaHdUNHFvSVd4VlpGa1o3WT0iLCJmaWxlbmFtZSI6IjZfMF82M2YxMGIwMDkxYmEyYmFmM2Y5NWU3NzA4ZjNlNzljZS5qcGcifQ.cJKGLq5v0YFHxzFuVCV3Cj34oaT3XfUVQ50ThBCgdZM\" alt=\"\" \/><\/figure>\n<h3>Kl\u00e6r og utstyr<\/h3>\n<p><strong>Hva trenger barna \u00e5 ha i barnehagen? <\/strong><\/p>\n<p>Vi er ute alle dager, uavhengig av v\u00e6r. For at dette skal v\u00e6re hyggelig for barna er det helt n\u00f8dvendig at de har nok egnende kl\u00e6r i barnehagen. Her kommer en oversikt over hva barna trenger \u00e5 ha i barnehagen. Heng den gjerne opp!<\/p>\n<table border=\"1\" cellpadding=\"0\" cellspacing=\"0\">\n<tbody>\n<tr>\n<td>\n<p><strong>H\u00f8st \/ vinter <\/strong><\/p>\n<\/td>\n<td>\n<p><strong>V\u00e5r \/ sommer<\/strong><\/p>\n<\/td>\n<\/tr>\n<tr>\n<td>\n<p>Ullundert\u00f8y<\/p>\n<\/td>\n<td>\n<p>Vindtett jakke<\/p>\n<\/td>\n<\/tr>\n<tr>\n<td>\n<p>Ullgenser \/ fleecegenser<\/p>\n<\/td>\n<td>\n<p>Regnt\u00f8y og sydvest (hvis barnet ikke har sydvest m\u00e5 regnjakken ha hette. Vi anbefaler sydvest &ndash; lettere \u00e5 leke i)<\/p>\n<\/td>\n<\/tr>\n<tr>\n<td>\n<p>2 par Ullsokker<\/p>\n<\/td>\n<td>\n<p>Overtrekksbukse (n\u00e5r det er fuktig p\u00e5 bakken med ikke regner)<\/p>\n<\/td>\n<\/tr>\n<tr>\n<td>\n<p>Lue \/ hals \/ votter (b\u00e5de varme votter og regnvotter)<\/p>\n<\/td>\n<td>\n<p>Shorts<\/p>\n<\/td>\n<\/tr>\n<tr>\n<td>\n<p>Ullbukser \/ fleecebukser<\/p>\n<\/td>\n<td>\n<p>Solkrem<\/p>\n<\/td>\n<\/tr>\n<tr>\n<td>\n<p>Innesko<\/p>\n<\/td>\n<td>\n<p>Utesandaler<\/p>\n<\/td>\n<\/tr>\n<tr>\n<td>\n<p>Regnkl\u00e6r<\/p>\n<\/td>\n<td>\n<p>Parkdress<\/p>\n<\/td>\n<\/tr>\n<tr>\n<td>\n<p>dress<\/p>\n<\/td>\n<td>\n<p>St\u00f8vler<\/p>\n<\/td>\n<\/tr>\n<tr>\n<td>\n<p>St\u00f8vler \/ cherrox<\/p>\n<\/td>\n<td>\n<p>Ullsokker<\/p>\n<\/td>\n<\/tr>\n<tr>\n<td>\n<p>vintersko<\/p>\n<\/td>\n<td>\n<p>Solhatt<\/p>\n<\/td>\n<\/tr>\n<tr>\n<td>\n<p>&nbsp;<\/p>\n<\/td>\n<td>\n<p>Regnt\u00f8yvotter \/ Tynn lue \/ hals<\/p>\n<\/td>\n<\/tr>\n<tr>\n<td>\n<p>&nbsp;<\/p>\n<\/td>\n<td>\n<p>Ullgenser og ullbukse \/fleecegenser og fleecebukse til \u00e5 ha under regnt\u00f8y<\/p>\n<\/td>\n<\/tr>\n<\/tbody>\n<\/table>\n<p>&nbsp;<\/p>\n<p><strong>Skiftet\u00f8yboksen<\/strong><\/p>\n<p>2 par underbokser, 2 stilongs, &nbsp;2 t-skjorter , genser, bukse, 2 par sokker<\/p>\n<p><strong>Regnt\u00f8y og dress<\/strong><\/p>\n<p>Todelt regnt\u00f8y med h\u00f8y bukse er det beste. Da kan man bruke gummibuksen hvis det er v\u00e5tt ute. Husk at regnt\u00f8yet skal passe over dressen og v\u00e6re stort nok (ellers blir st\u00f8vlene fylt med vann eller sn\u00f8) . Strikk under st\u00f8velen m\u00e5 det alltid v\u00e6re. Dressen b\u00f8r v\u00e6re vanntett eller vannavst\u00f8tende og vindtett. Viktig ogs\u00e5 at den ogs\u00e5 er stor nok.<\/p>\n<p><strong>Kl\u00e6r <\/strong><\/p>\n<p>Vi anbefaler ull som det innerste laget. Ull har god isolerende evne selv om det skulle bli v\u00e5tt og leder ikke varme bort fra kroppen. Vi frar\u00e5der bomullsplagg da disse er lite isolerende.<\/p>\n<p>Mellomlaget b\u00f8r best\u00e5 av ull eller fleece.<\/p>\n<p><strong>Votter \/ lue \/ hals <\/strong><\/p>\n<p>Vi vil ikke ha skjerf i barnehagen, s\u00e5 alle barna m\u00e5 ha hals. Husk at luen m\u00e5 tilpasses \u00e5rstiden og beskytte \u00f8rene. Det er fint med votter som lar barnet holde i leker. Ullvotter med tommel og regnvotter over er en god l\u00f8sning v\u00e5r og h\u00f8st.<\/p>\n<p><strong>Sko<\/strong><\/p>\n<p>Gummist\u00f8vler krever ullsokker! Barna blir veldig fort kalde p\u00e5 f\u00f8ttene. Det g\u00e5r an \u00e5 kj\u00f8pe ulls\u00e5le og ha i b\u00e5de st\u00f8vler og cherrox &ndash; anbefales! Barna skal ha innesko p\u00e5 i barnehagen.<\/p>\n<h3>Bringe og hente<\/h3>\n<p>Barnehagens \u00e5pningstid er 7.30-17.00.<\/p>\n<p>P\u00e5 morgenen gj\u00f8r de voksne klar lekekroker slik at dere kan levere barna rett inn i lek.&nbsp;Lille Persille barna leveres p\u00e5 Lille Persille p\u00e5 morgenen og barna p\u00e5 Stor sone&nbsp;starter dagen i noen av det \u00e5pne krokene. P\u00e5&nbsp;stor sone \u00e5pner vi opp mer og mer av barnehagen etter hvert som de voksne kommer p\u00e5 jobb. De voksne fordeler seg rundt i barnehagen og setter i gang aktiviteter.&nbsp;<\/p>\n<p>Vi \u00f8nsker at barna er p\u00e5 plass i barnehagen til kl.9 slik at vi f\u00e5r startet dagen.&nbsp;Hvis dere leverer etter kl. 9 vil vi gjerne ha beskjed om det i Mykid.<\/p>\n<p data-end=\"599\" data-start=\"252\">For mange barn er det lettere \u00e5 komme inn i leken n\u00e5r de er p\u00e5 plass i barnehagen f\u00f8r de andre barna har kommet godt i gang med dagen. Dersom vi ser at barnet ditt strever med \u00e5 finne sin plass i leken fordi det ofte leveres sent, vil vi ta kontakt for \u00e5 ha en god dialog om hvordan vi sammen kan legge til rette for trygge og gode barnehagedager.<\/p>\n<p data-end=\"794\" data-start=\"601\">P\u00e5 turdager pleier vi \u00e5 g\u00e5 fra barnehagen kl. 09.00. Hvis barnet kommer etter dette, m\u00e5 det leveres direkte p\u00e5 turstedet. Informasjon om turdager og eventuelle turm\u00e5l f\u00e5r dere fra barnets team.<\/p>\n<p>Barnehagen stenger kl. 17 og da er ogs\u00e5 personalet ferdige p\u00e5 jobb. Det betyr at dere m\u00e5 v\u00e6re i barnehagen senest kl. 16.50 slik at det er tid for barnet til \u00e5 vise noe eller fortelle noe fra dagen og tid for personalet \u00e5 gi dere beskjeder og informasjon om dagen.&nbsp;<\/p>\n<p>&nbsp;<\/p>\n<p>Informasjon om parkering:<\/p>\n<ul type=\"disc\">\n<li>Parkering skjer p\u00e5 venstre side n\u00e5r man kj\u00f8rer inn p\u00e5 parkeringsplassen. Husk \u00e5 rygge inn p\u00e5 plassen for \u00e5 gj\u00f8re det enklere og tryggere \u00e5 kj\u00f8re ut igjen.<\/li>\n<li>Unng\u00e5 parkering langs h\u00f8yre side p\u00e5 parkeringsplassen. Det er viktig at denne siden holdes fri slik at fotgjengere og syklister kan bruke den trygt, og for \u00e5 sikre at det er \u00e5pent for utrykningskj\u00f8ret\u00f8y dersom det skulle bli behov for det.<\/li>\n<li>Det er ikke lov \u00e5 parkere foran s\u00f8ppelkassene eller inngangsporten.<\/li>\n<li>Vi oppfordrer alle som har mulighet til \u00e5 levere og hente uten bil til \u00e5 gj\u00f8re dette. Dette bidrar til mindre trafikk og mer plass til de som trenger det.<\/li>\n<li>Hvis parkeringsplassen er full, park\u00e9r langs Nordseter Terrasse. Unng\u00e5 \u00e5 presse inn flere biler p\u00e5 en allerede overfylt parkeringsplass &ndash; dette skaper utrygge situasjoner for b\u00e5de barn og voksne.<\/li>\n<\/ul>\n<h3>Mat og m\u00e5ltider<\/h3>\n<p>I Kanvas f\u00f8lger vi Helsedirektoratets retningslinjer for mat og m\u00e5ltider i barnehagen.<\/p>\n<p>Les mer om mat og m\u00e5ltider i Kanvas-barnehagene her:&nbsp;<a href=\"https:\/\/www.kanvas.no\/nytt-og-nyttig\/sunn-mat-i-barnehagen\/\">Sunn mat i barnehagen &#8211; Kanvas<\/a><\/p>\n<p>&nbsp;<\/p>\n<p>Barnehagen har et stort ansvar for \u00e5 bidra til etablering av gode kostvaner, og dette er noe vi i Den bl\u00e5 appelsin Kanvas-barnehage&nbsp;tar p\u00e5 alvor og \u00f8nsker \u00e5 gi barna et godt tilbud innenfor de \u00f8konomiske rammene vi har. Vi har gjort en del endringer i mattilbudet i barnehagen de siste \u00e5rene og vi er opptatt av \u00e5 kunne gi barna et r\u00e5varebasert kosthold, med minst mulig ultraprosesserte produkter.<\/p>\n<p>Vi f\u00f8lger retningslinjene p\u00e5 m\u00e5ltider for barnehagen <a href=\"https:\/\/www.helsedirektoratet.no\/retningslinjer\/mat-og-maltider-i-barnehagen\">Mat og m\u00e5ltider i barnehagen &#8211; Helsedirektoratet<\/a>, i tillegg til Kanvas sin m\u00e5ltidsstrategi &laquo;Matglede&raquo; som dere kan lese mer om i barnehagen sitt informasjonshefte som ligger p\u00e5 Mykid.<\/p>\n<p>&nbsp;<\/p>\n<p><strong><u>Frokost:<\/u><\/strong><\/p>\n<p>Det er mulig \u00e5 spise medbrakt frokost i barnehagen mellom 7.30 og 8.45. Barnehagen serverer ogs\u00e5 litt gr\u00f8nnsaker ved frokostbordet. &nbsp;<\/p>\n<p><u><strong>Lunsj:<\/strong><\/u> Barnehagen severer lunsj og barnehage\u00e5ret 2025-2026&nbsp;ser det ut p\u00e5 f\u00f8lgende m\u00e5te:&nbsp;<\/p>\n<table align=\"center\" class=\"MsoTableGrid\" style=\"background:#fbe4d5;border-collapse:collapse;border:solid windowtext 1.0pt\">\n<tbody>\n<tr>\n<td style=\"border:solid windowtext 1.0pt;background:#fbe4d5;width:96.35pt;padding:0cm 5.4pt 0cm 5.4pt\" valign=\"top\" width=\"128\">\n<p style=\"margin:0cm 0cm 8pt\"><span style=\"font-size:11pt\"><span style=\"line-height:107%\"><span style=\"font-family:Calibri, sans-serif\"><u><span style=\"color:black\">Havregr\u00f8t<\/span><\/u><\/span><\/span><\/span><\/p>\n<\/td>\n<td style=\"border:solid windowtext 1.0pt;background:#fbe4d5;width:96.35pt;border-left:none;padding:0cm 5.4pt 0cm 5.4pt\" valign=\"top\" width=\"128\">\n<p style=\"margin:0cm 0cm 8pt\"><span style=\"font-size:11pt\"><span style=\"line-height:107%\"><span style=\"font-family:Calibri, sans-serif\"><u><span style=\"color:black\">Br\u00f8dm\u00e5ltid<\/span><\/u><\/span><\/span><\/span><\/p>\n<\/td>\n<td style=\"border:solid windowtext 1.0pt;background:#fbe4d5;width:96.35pt;border-left:none;padding:0cm 5.4pt 0cm 5.4pt\" valign=\"top\" width=\"128\">\n<p style=\"margin:0cm 0cm 8pt\"><span style=\"font-size:11pt\"><span style=\"line-height:107%\"><span style=\"font-family:Calibri, sans-serif\"><u><span style=\"color:black\">Suppe <\/span><\/u><\/span><\/span><\/span><\/p>\n<\/td>\n<td style=\"border:solid windowtext 1.0pt;background:#fbe4d5;width:96.35pt;border-left:none;padding:0cm 5.4pt 0cm 5.4pt\" valign=\"top\" width=\"128\">\n<p style=\"margin:0cm 0cm 8pt\"><span style=\"font-size:11pt\"><span style=\"line-height:107%\"><span style=\"font-family:Calibri, sans-serif\"><u><span style=\"color:black\">Varmmat<\/span><\/u><\/span><\/span><\/span><\/p>\n<\/td>\n<\/tr>\n<tr>\n<td style=\"border:solid windowtext 1.0pt;background:#fbe4d5;width:96.35pt;border-top:none;padding:0cm 5.4pt 0cm 5.4pt\" valign=\"top\" width=\"128\">\n<p style=\"margin:0cm 0cm 8pt\"><span style=\"font-size:11pt\"><span style=\"line-height:107%\"><span style=\"font-family:Calibri, sans-serif\"><i><span style=\"color:black\">Mandag<\/span><\/i><span style=\"color:black\">: <\/span><\/span><\/span><\/span><\/p>\n<p style=\"margin:0cm 0cm 8pt\">&nbsp;<\/p>\n<p style=\"margin:0cm 0cm 8pt\"><span style=\"font-size:11pt\"><span style=\"line-height:107%\"><span style=\"font-family:Calibri, sans-serif\"><span style=\"color:black\">Havregr\u00f8t: Vi tilbyr enten revet eple, banan, b\u00e6r eller kanel og rosiner til gr\u00f8ten. Gr\u00f8ten blir kokt p\u00e5 melk, og et tiltak for \u00e5 f\u00e5 brukt opp melken vi har igjen fra forrige uke. <\/span><\/span><\/span><\/span><\/p>\n<p style=\"margin:0cm 0cm 8pt\">&nbsp;<\/p>\n<\/td>\n<td style=\"border-bottom:solid windowtext 1.0pt;background:#fbe4d5;width:96.35pt;border-top:none;border-left:none;border-right:solid windowtext 1.0pt;padding:0cm 5.4pt 0cm 5.4pt\" valign=\"top\" width=\"128\">\n<p style=\"margin:0cm 0cm 8pt\"><span style=\"font-size:11pt\"><span style=\"line-height:107%\"><span style=\"font-family:Calibri, sans-serif\"><i><span style=\"color:black\">Tirsdag og onsdag<\/span><\/i><span style=\"color:black\">: <\/span><\/span><\/span><\/span><\/p>\n<p style=\"margin:0cm 0cm 8pt\">&nbsp;<\/p>\n<p style=\"margin:0cm 0cm 8pt\"><span style=\"font-size:11pt\"><span style=\"line-height:107%\"><span style=\"font-family:Calibri, sans-serif\"><span style=\"color:black\">Br\u00f8dm\u00e5ltid: Til br\u00f8dm\u00e5ltidene serverer vi bl.a. f\u00f8lgende p\u00e5legg; makrell i tomat fra boks, ost, salami, skinke, grov leverpostei, kaviar, fiskekaker, pesto,&nbsp; og egg. I tillegg serverer vi gr\u00f8nnsaker til br\u00f8dm\u00e5ltidet. <\/span><\/span><\/span><\/span><\/p>\n<p style=\"margin:0cm 0cm 8pt\">&nbsp;<\/p>\n<\/td>\n<td style=\"border-bottom:solid windowtext 1.0pt;background:#fbe4d5;width:96.35pt;border-top:none;border-left:none;border-right:solid windowtext 1.0pt;padding:0cm 5.4pt 0cm 5.4pt\" valign=\"top\" width=\"128\">\n<p style=\"margin:0cm 0cm 8pt\"><span style=\"font-size:11pt\"><span style=\"line-height:107%\"><span style=\"font-family:Calibri, sans-serif\"><i><span style=\"color:black\">Torsdag: <\/span><\/i><\/span><\/span><\/span><\/p>\n<p style=\"margin:0cm 0cm 8pt\">&nbsp;<\/p>\n<p style=\"margin:0cm 0cm 8pt\"><span style=\"font-size:11pt\"><span style=\"line-height:107%\"><span style=\"font-family:Calibri, sans-serif\"><span style=\"color:black\">Suppedag: Vi rullerer mellom tre forskjellige supper; Lavasuppe (tomat), ertesuppe&nbsp;og blomk\u00e5lsuppe. <\/span><\/span><\/span><\/span><\/p>\n<p style=\"margin:0cm 0cm 8pt\">&nbsp;<\/p>\n<p style=\"margin:0cm 0cm 8pt\"><span style=\"font-size:11pt\"><span style=\"line-height:107%\"><span style=\"font-family:Calibri, sans-serif\"><span style=\"color:black\">I tillegg serveres hjemmelaget br\u00f8d.<\/span><\/span><\/span><\/span><\/p>\n<p style=\"margin:0cm 0cm 8pt\">&nbsp;<\/p>\n<\/td>\n<td style=\"border-bottom:solid windowtext 1.0pt;background:#fbe4d5;width:96.35pt;border-top:none;border-left:none;border-right:solid windowtext 1.0pt;padding:0cm 5.4pt 0cm 5.4pt\" valign=\"top\" width=\"128\">\n<p style=\"margin:0cm 0cm 8pt\"><span style=\"font-size:11pt\"><span style=\"line-height:107%\"><span style=\"font-family:Calibri, sans-serif\"><i><span style=\"color:black\">Fredag:<\/span><\/i><\/span><\/span><\/span><\/p>\n<p style=\"margin:0cm 0cm 8pt\">&nbsp;<\/p>\n<p style=\"margin:0cm 0cm 8pt\"><span style=\"font-size:11pt\"><span style=\"line-height:107%\"><span style=\"font-family:Calibri, sans-serif\"><span style=\"color:black\">Varmmat: vi rullerer mellom 4-6 varmmatsretter. 1 kyllingrett, 2 fiskeretter og 2 vegetarretter. Menyen for barnehage\u00e5ret 2025-2026 blir sendt ut mot slutten av august. &nbsp;<\/span><\/span><\/span><\/span><\/p>\n<p style=\"margin:0cm 0cm 8pt\">&nbsp;<\/p>\n<p style=\"margin:0cm 0cm 8pt\">&nbsp;<\/p>\n<\/td>\n<\/tr>\n<\/tbody>\n<\/table>\n<p>&nbsp;<\/p>\n<p>Vi har erfart at noen barn kan oppleve m\u00e5ltider stressende hvis det stadig er nye matretter som blir presentert for dem, og har derfor valgt \u00e5 ha tre forskjellige supper og fire-seks varmretter som vi tilbyr p\u00e5 rullering slik at barna venner seg til den maten som serveres i barnehagen. N\u00e5r vi har planlaglegger menyen pr\u00f8ver vi \u00e5 inkludere noen r\u00e5varer &laquo;alle&raquo; barn liker i alle retter, og vi serverer varmmaten som buffet noe som ufarliggj\u00f8r maten.<\/p>\n<p><u><strong>Drikke:<\/strong><\/u> Vi serverer melk 1 gang om dagen, og ut over det har barna tilgang p\u00e5 vann.<\/p>\n<p><u><strong>Matpakkem\u00e5ltid:<\/strong><\/u><\/p>\n<p>Vi anbefaler at dere gj\u00f8r matpakken enkel; br\u00f8dskive med p\u00e5legg og fargelegg med gr\u00f8nnsaker. Hvis dere trenger inspirasjon til matpakke, finner dere noen tips i barnehagen sitt informasjonshefte p\u00e5 Mykid og i tillegg finner man masse gode tips bare gjennom \u00e5 s\u00f8ke p\u00e5 &laquo;matpakke&raquo; p\u00e5 eksempelvis Instagram.<\/p>\n<p>&nbsp;<\/p>\n<p><strong><u>Frukt:<\/u><\/strong> Barnehagen serverer frukt til barna p\u00e5 ettermiddagen.<\/p>\n<p>&nbsp;<\/p>\n<p><u><strong>S\u00f8tsaker i barnehagen:<\/strong><\/u><\/p>\n<p>Vi \u00f8nsker at dere ikke har med kjeks, boller, s\u00f8te drikker og lignende i matboksene til barna. Vi har opplevd at dette skaper en diskusjon kring sunn\/usunn eller bra\/d\u00e5rlig mat blant barna, og dette er en diskusjon som vi ikke \u00f8nsker i barnehagen og det kan bli en veldig ubehagelig opplevelse for barnet som blir i sentrum av denne diskusjonen.<\/p>\n<p>I Kanvas sine retningslinjer p\u00e5 kosthold i barnehagen st\u00e5r det at vi b\u00f8r unng\u00e5 s\u00f8tsaker i barnehagen. Barnehagen serverer smoothie til bursdagsfeiringer, og vi har laget smoothie-is eller frossen vannmelon om sommeren. I desember har vi valgt \u00e5 bake pepperkaker til nissefesten og lussekatter til Lucia markeringen.<\/p>\n<p>&nbsp;<\/p>\n<p><u>Barn med allvorlig allergi<\/u><\/p>\n<p>Vi har et&nbsp;barn i barnehagen med alvorlig allergi mot melk, egg og n\u00f8tter\/mandler. Barnehagen har derfor gjort en risikovurdering, og for \u00e5 sikre et trygt milj\u00f8 for barnet innf\u00f8rer vi f\u00f8lgende regler for matpakker:<\/p>\n<ul>\n<li data-end=\"962\" data-start=\"908\"><strong data-end=\"931\" data-start=\"910\">N\u00f8tter og mandler<\/strong>&nbsp;er ikke tillatt i matboksen.<\/li>\n<li data-end=\"1042\" data-start=\"963\"><strong data-end=\"983\" data-start=\"965\">Egg i ren form<\/strong>&nbsp;(f.eks. kokt egg, egger\u00f8re) er ikke tillatt i matboksen.<\/li>\n<li data-end=\"1118\" data-start=\"1043\"><strong data-end=\"1073\" data-start=\"1045\">Egg som ingrediens i mat<\/strong>&nbsp;(f.eks. bananpannekaker, vafler) er greit<\/li>\n<\/ul>\n<p>I tillegg ber vi om at matrester eller emballasje som kan inneholde melk alltid kastes p\u00e5 kj\u00f8kkenet og ikke i s\u00f8ppelb\u00f8ttene p\u00e5 badet. Dette er viktig for \u00e5 unng\u00e5 s\u00f8l eller kontakt med allergener p\u00e5 barnas toaletter. Vi ber ogs\u00e5 om at barna ikke g\u00e5r rundt med p\u00e5begynt frokost n\u00e5r dere kommer om morgenen eller spiser rester av matboken i garderoben p\u00e5 ettermiddagen. Frokosten kan nytes sittende i kaf\u00e9en p\u00e5 stor sone mellom kl. 07.30 og 08.30.<\/p>\n<h3>Tur<\/h3>\n<p>I barnehagen mener vi at det er en viktig del av v\u00e5rt pedagogiske arbeid \u00e5 ta med barna p\u00e5 tur. Det er positivt at barna blir kjent med steder utenfor barnehagen sammen med de andre barna og de ansatte. Barnehagen har skriftlige rutiner for tur, disse finner du som vedlegg til dette heftet.<\/p>\n<p>Alle team har en fast dag i uken n\u00e5r de g\u00e5r p\u00e5 tur. Turene er anpasset etter barnas alder, med varierende turm\u00e5l.&nbsp;P\u00e5 turdagen m\u00e5 barna v\u00e6re i barnehagen senest kl. 9.00 med mindre annen beskjed er gitt. Barna skal alltid ha med sekk med mat og drikke. Under punktet om mat finner du mer informasjon om mat og drikke p\u00e5 tur.<\/p>\n<p>&nbsp;<\/p>\n<p>\u200b<strong><u>Inspirasjon til turmatpakken: <\/u><\/strong><\/p>\n<p>Vi f\u00e5r mange sp\u00f8rsm\u00e5l om matpakker s\u00e5 her kommer noen tips og forh\u00e5pentligvis inspirasjon til varierte og sunne matpakker. Matpakken b\u00f8r vare sunn og sammensatt av det barnet trenger. De har en aktiv dag i barnehagen, og dersom &rdquo;batteriene&rdquo; g\u00e5r tomme er det greit med et m\u00e5ltid som &rdquo;fyller&rdquo; opp igjen.<\/p>\n<p><u>&nbsp;Her er noen tips om hva dere kan ha i matpakken:<\/u><\/p>\n<p>&middot;&nbsp;&nbsp;&nbsp;&nbsp;&nbsp;&nbsp; Br\u00f8dskiver med forskjellig type p\u00e5legg<\/p>\n<ul>\n<li>&nbsp;Pastasalat,&nbsp;Kyllingsalat, Tunfisksalat<\/li>\n<li>&nbsp;P\u00f8lser, fiskekaker, kylling nuggets<\/li>\n<li>&nbsp;Wraps, pizzasnurrer<\/li>\n<li>&nbsp;Middagsrester, varm suppe i termos<\/li>\n<li>&nbsp;Gr\u00f8nnsaker, frukt, b\u00e6r<\/li>\n<li>&nbsp;Skyr, smoothie<\/li>\n<li>&nbsp;Rosiner, t\u00f8rket frukt, n\u00f8tter<\/li>\n<li>&nbsp;Varm saft eller kakao\u200b<\/li>\n<\/ul>\n<p>F.eks. boller og sjokoladekjeks h\u00f8rer ikke hjemme i matpakken. Det kan nytes hjemme \ud83d\ude42<\/p>\n<p>&nbsp;<\/p>\n<h3>Bursdagsfeiring<\/h3>\n<p>I Den bl\u00e5 appelsin Kanvas-barnehage s\u00e5 har vi en felles bursdagssamling p\u00e5 torsdager for alle barna som har bursdag den uken. Sammen med bursdagsbarna planlegger personalet en bursdagssamling som vi holder i amfiet. Det blir smoothie som bursdagsdessert den dagen \ud83d\ude00 De yngste barna p\u00e5 Lille Persille har sin egen bursdagsfeiring inne p\u00e5 Lille Persille p\u00e5 h\u00f8sten og etterhvert n\u00e5r barna blir st\u00f8rre blir de ogs\u00e5 med p\u00e5 feiringen i amfier.&nbsp;<\/p>\n<p>Det er lov \u00e5 dele ut invitasjoner til bursdager i barnehagen, men da er det viktig at man inviterer enten hele teamet eller kun alle jentene\/guttene. Slik at ingen f\u00f8ler seg utelatt.&nbsp;<\/p>\n<p>&nbsp;<\/p>\n<h3>Feriestengt og -avvikling<\/h3>\n<p>Kanvas-barnehagene&nbsp;holder stengt jul- og nytt\u00e5rsaften, onsdag f\u00f8r skj\u00e6rtorsdag og 5 planleggingsdager i l\u00f8pet av barnehage\u00e5ret. Barna skal i tillegg ha fire ukers ferie i l\u00f8pet av barnehage\u00e5ret. Barn som skal slutte i barnehagen m\u00e5 avvikle ferien f\u00f8r 1. august.<\/p>\n<p><strong><u>Planleggingsdager 2025\/2026<\/u><\/strong><br \/>\n28.08-29.08.2025<br \/>\n02.01.2026<br \/>\n15.05.2026<br \/>\n12.06.2026<\/p>\n<p><u>P\u00e5medlingsuker + Redusert \u00e5pningstid: kl.8.00-16.00<\/u><br \/>\nP\u00e5sken 30.3 og 31.3<br \/>\nUke 27 og uke 31<\/p>\n<p><u>Barnehagen er feriestengt:<\/u><br \/>\nRomjul 29.12 og 30.12<br \/>\nP\u00e5ske onsdag 01.04.2026<br \/>\nSommerstengt uke 28, 29 og 30<\/p>\n<h3>Samtykker<\/h3>\n<p>Foreldre fyller ut et samtykkeskjema&nbsp;i MyKid&nbsp;f\u00f8r barnet starter i barnehagen. I dette skjemaet fyller dere ut om dere f.eks. tillater at det tas bilder av barnet, og om dere tillater at barnet kan bli med p\u00e5 tur med offentlig transport.<\/p>\n<p>Foreldre kan gj\u00f8re endringer i samtykkeskjemaet&nbsp;gjennom \u00e5ret.<\/p>\n<p>&nbsp;<\/p>\n<h3>Personvern<\/h3>\n<p>Alle barnehager har en lovp\u00e5lagt plikt til \u00e5 s\u00f8rge for at personopplysninger er tilfredsstillende sikret for \u00e5 unng\u00e5 krenkelser av personvernet til ansatte, barn og foreldre. Barnehagen skal gjennom planlagte og systematiske tiltak s\u00f8rge for tilfredsstillende informasjonssikkerhet med hensyn til konfidensialitet, integritet og tilgjengelighet ved behandling av personopplysninger. Personopplysninger skal ikke lagres lenger enn det som er n\u00f8dvendig.<\/p>\n<h2>Samtykke<\/h2>\n<p>Lagring av personopplysninger om barn og foresatte forutsetter at samtykkeskjema er fylt ut og signert. Dette gj\u00f8res p\u00e5 MyKid.<\/p>\n<h2>Barnemapper<\/h2>\n<p>Hver barnehage har et digitalt barnemappearkiv der all dokumentasjon om barn som g\u00e5r i barnehagen arkiveres. Daglig leder i barnehagen, eller stedfortredende, er ansvarlig for tilgangskontroll. Kun ansatte som jobber med barnet har tilgang til mappen.<\/p>\n<p>Foresatte har normalt tilgang til informasjonen i barnemappen, for eksempel startsamtale og oppf\u00f8lgingssamtaler. Dokumenter som er utarbeidet for eventuell intern saksforberedelse kan unntas fra innsyn. Barnets foresatte har som hovedregel rett til innsyn i alt som omhandler sitt barn. For \u00e5 vurdere krav om innsyn skal barnehagen motta skriftlig henvendelse som vil bli besvart skriftlig. E-posthenvendelse regnes her som skriftlig henvendelse. Eventuelle kopier av dokumenter fra barnemappen skal leveres direkte til den som har f\u00e5tt tillatelse til innsyn.<\/p>\n<p>N\u00e5r barnet slutter i barnehagen, vil opplysningene som hovedregel enten overf\u00f8res til foresatte eller bli slettet av barnehagen. Unntak fra dette kan v\u00e6re barnehagens behov for \u00e5 dokumentere saksbehandling i en konkret sak knyttet til et barn, for eksempel en barnevernssak.<\/p>\n<h2>Trygg h\u00e5ndtering av digitale enheter<\/h2>\n<p>Av personvernhensyn skal ikke digitale kommunikasjonsmidler (eks. smartklokke, mobiltelefon e.l.) medbringes barnehagen.<\/p>\n<p>Alle digitale enheter som benyttes i jobbsammenheng, som PC, nettbrett og mobiltelefon, skal v\u00e6re passordbeskyttet. PC og nettbrett skal oppbevares nedl\u00e5st etter \u00e5pningstid. Personlige enheter skal som en hovedregel ikke benyttes i jobbsammenheng. To-faktor autentisering ved p\u00e5logging m\u00e5 benyttes der enhet&nbsp;benyttes til annet enn n\u00f8dstilfelle.&nbsp;<\/p>\n<h2>Bilder av barn &#8211; retningslinjer for ansatte<\/h2>\n<p>Det kan kun tas identifiserbare bilder av barn som er godkjent for fotografering, og bildene kan kun deles etter godkjenning fra foresatte &#8211; ref. samtykkeskjema. Alle Kanvas-barnehager utarbeider egne retningslinjer for h\u00e5ndtering av bilder av barn.<\/p>\n<h2>Bilder av barn &#8211; retningslinjer for foresatte<\/h2>\n<p>Det skal ikke&nbsp;deles bilder av andres barn uten samtykke fra barnas foresatte. Det gjelder alle arrangementer tilknyttet barnehagen, inkludert det som skjer utenfor barnehagens omr\u00e5de. Dette baseres p\u00e5 personvernloven og Datatilsynets retningslinjer for personvern i barnehagen, samt deres veileder om bilder av barn. Se folderen &laquo;I beste mening&raquo; om bilder av barn her: <a href=\"https:\/\/www.datatilsynet.no\/personvern-pa-ulike-omrader\/skole-barn-unge\/bilder-av-barn-pa-nett\/\">https:\/\/www.datatilsynet.no\/personvern-pa-ulike-omrader\/skole-barn-unge\/bilder-av-barn-pa-nett\/<\/a><\/p>\n<ul>\n<li>\n<p>Hovedregelen er at du alltid skal be om samtykke fra alle som direkte eller indirekte kan gjenkjennes p\u00e5 et bilde f\u00f8r det publiseres. Hvis de som er avbildet er under 15 \u00e5r, m\u00e5 ogs\u00e5 de foresatte samtykke til publiseringen. Hvis du deler bilder uten lov, vil du i verste fall kunne havne i straffansvar. Dette gjelder enten bildet skal deles \u00e5pent p\u00e5 en nettside, p\u00e5 en lukket Facebook-side eller via epost.<\/p>\n<\/li>\n<li>\n<p>Vi m\u00e5 v\u00e6re s\u00e6rlig bevisste p\u00e5 reglene i situasjoner hvor ogs\u00e5 andres barn kommer med p\u00e5 bildene som tas, for eksempel p\u00e5 en Lucia-frokost i barnehagen. Der er det lett \u00e5 f\u00e5 med andre barn p\u00e5 bildet. Da er det viktig at vi sp\u00f8r de foresatte om lov f\u00f8r det deles. Vi vet aldri hvilke situasjoner andre mennesker er i, og mange kan ha gode grunner til \u00e5 ikke ha bilder av seg selv p\u00e5 nett. Dessuten er det et godt nok argument rett og slett \u00e5 ikke \u00f8nske en slik tilstedev\u00e6relse.<\/p>\n<\/li>\n<li>\n<p>Unntak: P\u00e5 noen bilder er det selve situasjonen, eller aktiviteten, som er hovedtema. Hvilke personer som er p\u00e5 bildet er da mindre viktig. Dette kan for eksempel gjelde avstandsbilder av et 17. maitog. Slike bilder kan deles uten tillatelse fra de avbildede s\u00e5 lenge bildene er harml\u00f8se og ikke p\u00e5 noen m\u00e5te kan f\u00f8les krenkende for de som er avbildet. Ha likevel som hovedregel alltid \u00e5 sp\u00f8rre alle p\u00e5 bildet f\u00f8r det deles for ikke \u00e5 tr\u00e5 feil. Det er dessuten en h\u00f8flig gest \u00e5 sp\u00f8rre dem det gjelder f\u00f8r bildet i det hele tatt tas, s\u00e5 langt det lar seg gj\u00f8re.<\/p>\n<\/li>\n<\/ul>\n<p>&nbsp;<\/p>\n<h3>Sikkerhet\/HMS<\/h3>\n<p>Vi tar alltid barnas sikkerhet p\u00e5 alvor og ber om at alle f\u00f8lger f\u00f8lgende retningslinjer:<\/p>\n<ul>\n<li>Det skal ikke v\u00e6re noen snorer i hetter \/ jakker (unng\u00e5 fastsydde hetter ogs\u00e5)<\/li>\n<li>P\u00e5 barnas sekker skal det v\u00e6re to snorer, ikke en l\u00f8kke, klipp og l\u00f8kken og sett to knuter i steden for<\/li>\n<li>Bruk alltid kjetting p\u00e5 porten.<\/li>\n<li>Ikke heng sykkelhjelmer tilgjengelig for barna.<\/li>\n<li>Barna skal ikke ha flasker eller smykker eller andre snorer rundt halsen i barnehagen<\/li>\n<li>Ikke ta med tau, hoppestrikker eller hoppetau hjemmefra<\/li>\n<li>I barnehagen bruker vi buff eller hals, ikke skjerf<\/li>\n<\/ul>\n<h3>Sykt barn<\/h3>\n<p>Kanvas f\u00f8lger&nbsp;<a href=\"https:\/\/www.fhi.no\/sm\/barnehage\/nar-ma-barnet-vare-hjemme-fra-barne\/\" target=\"_blank\" rel=\"noopener\">folkehelseinstituttets retningslinjer for syke barn<\/a>.<\/p>\n<p><strong>Allmenntilstand<\/strong>: Det er barnets allmenntilstand som avgj\u00f8r om barnet kan g\u00e5 i barnehagen eller b\u00f8r v\u00e6re hjemme.&nbsp;Det er mer krevende for et barn som ikke er i form \u00e5 v\u00e6re i barnehagen enn \u00e5 v\u00e6re hjemme. Barnehagen kontakter foreldre for henting dersom barnet f\u00e5r nedsatt allmenntilstand i l\u00f8pet av dagen. Som hovedregel b\u00f8r barnet v\u00e6re friskt nok til \u00e5 kunne delta i normale aktiviteter i barnehagen b\u00e5de inne og ute. Barnet skal ikke ha feber.<\/p>\n<p><strong>Smittevern<\/strong>: Foreldre og barnehagen m\u00e5 sammen ta ansvar for \u00e5 begrense smitte og sykdom hos barn og ansatte. Viktige tiltak er:<\/p>\n<ul type=\"disc\">\n<li>God h\u00e5ndhygiene ved levering og henting. Alle barn, ansatte og foreldre vasker hendene n\u00e5r de kommer til og g\u00e5r fra barnehagen.<\/li>\n<li>Barnehagen gjennomf\u00f8rer gode hygiene- og renholdsrutiner gjennom dagen i stellesituasjoner, m\u00e5ltider, etter utetid mm.<\/li>\n<li>Syke og smittsomme barn holdes hjemme.<\/li>\n<li>Barn med akutt&nbsp;diar\u00e9\/omgangssyke&nbsp;kommer tilbake til barnehagen 48 timer etter at de har blitt symptomfrie.<\/li>\n<li>Barnehagen informerer foreldre ved utbrudd av smittsomme sykdommer. Ved utbrudd av alvorlig smittsomme sykdommer gis informasjon i samarbeid med helsemyndigheter.<\/li>\n<\/ul>\n<p><strong>Taushetsplikt<\/strong>: Personalet har taushetsplikt, noe som inneb\u00e6rer at de ikke kan svare p\u00e5 hvem som har hvilken sykdom.<\/p>\n<p>Vi \u00f8nsker alltid beskjed dersom barnet er sykt og ikke kommer i barnehagen. Helst f\u00f8r kl. 7.30&nbsp;slik at vi kan planlegge dagen. Sykdom registreres inn p\u00e5 MyKid.&nbsp;<\/p>\n<p>Vi har ulike tiltak for \u00e5 begrense smitte i barnehagen. Et av tiltakene er at barna skal vaske hendene i barnehagen hver morgen ved levering. Det er viktig \u00e5 huske at det er mye mer krevende for et barn som ikke er helt i form \u00e5 v\u00e6re i barnehagen enn \u00e5 v\u00e6re hjemme. Barn med kroniske lidelser samarbeider vi med foreldrene om. Ved mage &ndash; og tarminfeksjoner skal barna alltid v\u00e6re hjemme minimum 48 timer etter at de er symptomfrie. N\u00e5r det er flere tilfeller av smittsomme sykdommer i barnehagen blir dette informert om p\u00e5 MyKid.<\/p>\n<h3>Medisiner<\/h3>\n<p>Barnehagen har ikke formell kompetanse i medisinh\u00e5ndtering. Av hensyn til barnas sikkerhet og for \u00e5 unng\u00e5 feilmedisinering, ber vi om at all medisinering skjer hjemme, s\u00e5 langt det lar seg gj\u00f8re. Dette gjelder ogs\u00e5 reseptfrie legemidler.<\/p>\n<p>Dette inneb\u00e6rer:<\/p>\n<ul type=\"disc\">\n<li>Ta opp med barnets lege at medisiner b\u00f8r kunne gis i hjemmet utenom barnehagetiden.<\/li>\n<li>Dersom barnet m\u00e5 ha medisiner i l\u00f8pet av dagen (for eksempel ved kronisk sykdom), skal foresatte alltid fylle ut skjemaer som blant annet bekrefter type legemiddel, riktig dose og hvem av de ansatte som kan gi medisiner. Skjemaene finnes i MyKid.<\/li>\n<li>Ansatte som skal gi medisiner m\u00e5 f\u00e5 n\u00f8dvendig oppl\u00e6ring av foreldrene. Dette gjelder ogs\u00e5 akuttmedisiner (som for eksempel EpiPen eller astmamedisin).<\/li>\n<\/ul>\n<p><b>Jodtablett ved atomulykke: <\/b><\/p>\n<p>Jodtabletter er lagret i barnehagen. Barnehagen vil gi barna jodtablett hvis <a href=\"https:\/\/eur02.safelinks.protection.outlook.com\/?url=https%3A%2F%2Fdsa.no%2Fatomberedskap%2Fatomberedskap-i-norge%23Kriseutvalget&amp;data=05%7C01%7Csynne.alsaker%40kanvas.no%7C2e276ba5385e4e2564bc08dbd071bd34%7Cb524c8d5c57340f7bb15f5b5befb0174%7C0%7C0%7C638332959180113169%7CUnknown%7CTWFpbGZsb3d8eyJWIjoiMC4wLjAwMDAiLCJQIjoiV2luMzIiLCJBTiI6Ik1haWwiLCJXVCI6Mn0%3D%7C3000%7C%7C%7C&amp;sdata=wPSP4R5XFZk%2F1Q3IC%2F2cYWtXClxcGJYGsDnWuPyiEDQ%3D&amp;reserved=0\">Kriseutvalget for atomberedskap<\/a> anbefaler at jodtabletter skal brukes. Ved en atomulykke kan det v\u00e6re viktig at barn og unge f\u00e5r jodtabletter raskt. Du som foresatt m\u00e5 gi beskjed til barnehagen v\/daglig leder, hvis du <u>ikke<\/u> \u00f8nsker at barnet skal f\u00e5 jodtablett. &nbsp;&nbsp;<\/p>\n<p><b>Hvorfor jodtablett:<\/b> Hvis det skjer en atomulykke i Norge eller i n\u00e6rheten av Norge, kan radioaktivt jod bli spredd gjennom luften i s\u00e5 store mengder at det er fare for at dette stoffet blir tatt opp i kroppen. Jodtabletter blokkerer opptaket av radioaktivt jod i skjoldbruskkjertelen. P\u00e5 denne m\u00e5ten beskytter jodtabletter mot radioaktivitet og gj\u00f8r at det er mindre risiko for at kreft i denne kjertelen. Derfor anbefaler norske myndigheter at barn og unge under 18 \u00e5r f\u00e5r en jodtablett hvis det skjer en atomulykke som utsetter dem for radioaktivt jod. Det er meget sjelden at noen f\u00e5r bivirkninger etter \u00e5 ha f\u00e5tt jodtablett \u00e9n gang. Ved tvil b\u00f8r du snakke med barnets lege.<\/p>\n<h3>Frav\u00e6r og vikarer<\/h3>\n<p>Ved behov benytter barnehagen seg av vikarer. Vi holder foresatte oppdatert om frav\u00e6r blant ansatte og om eventuell bruk av&nbsp;vikar.<\/p>\n<p>Alle vikarer m\u00e5 levere politiattest f\u00f8r oppstart, slik \u00f8vrige ansatte gj\u00f8r. <u>Nye<\/u> vikarer g\u00e5r ikke yttervakter og er heller ikke alene med barna. Vi etterstreber \u00e5 ikke bruke nye vikarer sammen med de minste barna.<\/p>\n<h3>Forsikring<\/h3>\n<p>Barn som g\u00e5r i en Kanvas-barnehage&nbsp;er forsikret i KLP Skadeforsikring. Forsikringen gjelder innenfor barnehagens omr\u00e5de, og p\u00e5 utflukter, reiser og lignende som arrangeres av barnehagen. I tillegg er barnet forsikret p\u00e5 direkte reise til\/fra barnehagen.&nbsp;<\/p>\n<p>Vi gj\u00f8r oppmerksom p\u00e5 at skadeforsikringen kun gjelder personskader knyttet til ulykker. Eiendeler er alts\u00e5 ikke dekket av denne forsikringen. Dersom man har dyre eiendeler i barnehagen, som briller, vogn el., anbefaler vi at dette inkluderes i foresattes egne forsikringer.<\/p>\n<p><a href=\"https:\/\/www.klp.no\/offentlig\/forsikring\/elevforsikringer\" target=\"_blank\" rel=\"noopener\">Les mer om forsikringen her.<\/a><\/p>\n<h3>Foreldrebetaling<\/h3>\n<p>Maksimalgrensen for foreldrebetaling for et heldags ordin\u00e6rt barnehagetilbud er 1200 kroner per m\u00e5ned fra 1.&nbsp;august 2025.<\/p>\n<p>Kanvas f\u00f8lger maksimalgrensen for foreldrebetaling.<\/p>\n<p>Hvis dere \u00f8nsker \u00e5 bytte fakturamottaker, ta kontakt med Janina.&nbsp;<\/p>\n<p>&nbsp;<\/p>\n<\/p><\/div>\n<div id=\"barnehagehverdagen\">\n<h2>Barnehagehverdagen<\/h2>\n<figure class=\"wp-block-image has-image-ratio-16-9 size-full\"><img decoding=\"async\" src=\"https:\/\/backstage.mykid.no\/_ajax\/download?t=eyJ0eXAiOiJKV1QiLCJhbGciOiJIUzI1NiJ9.eyJpYXQiOjE3NzY2ODc1NjgsImV4cCI6MjA5MjY4NzU2OCwiZmlsZV9pZCI6IjZseDFBVGxFb3hPRlc1ZjhkclNIVi9jMDZLaFlqdGhBU3JaSlg3eWZ6N2ZsUXNMZkh5SDFjMGJEVktuR2dOaG1Tc3k5MFJVT1JNRFNuemwxQTAzdmFLb3ZEYUQ4UTRtcUQveWc1NE1Qa09HajNveTM5WXdmK0RmY1ZDVDIvNTcyL1hxS1kxQ2lwVXJJelJxb285ZzdiY0VlTzVrWDBaRnIxMUNoTWl3cW0xZz0iLCJmaWxlbmFtZSI6IjZfMF8yMGViYTdlZTk0NDkxMDUyY2M2Njc5MzQ5ZjFhNDk4YS5qcGcifQ.9cPEvjBBtq3G4h5R3bCpuG3MYV7s7TyLN9X5kceOfW8\" alt=\"\" \/><\/figure>\n<h3>Dagsrytmen<\/h3>\n<p><strong>Dagsrytme p\u00e5 Lille Persille<\/strong> (de yngste barna i barnehagen)<\/p>\n<p>07.30 Barnehagen \u00e5pner. De som vil spise frokost tar med matpakke<\/p>\n<p>09.00 Sangsamling<\/p>\n<p>09.15 Lek i mindre grupper ute og inne<\/p>\n<p>10.15 &ndash; 11.00 M\u00e5ltid.&nbsp;<\/p>\n<p>Barna sover n\u00e5r de har behov for det<\/p>\n<p>13.30 M\u00e5ltid. Barna har med matpakker<\/p>\n<p>Lek i mindre grupper ute og inne<\/p>\n<p>17.00 Barnehagen stenger<\/p>\n<p>&nbsp;<\/p>\n<p><strong>Dagsrytme p\u00e5 stor sone:&nbsp;<\/strong><\/p>\n<div>7.30-9.00 Levering&nbsp;<\/div>\n<div>&nbsp;<\/div>\n<div>9.00 Tur\/ Teamtid (Lekegrupper)<\/div>\n<div>&nbsp;<\/div>\n<div>10.30-11.00 barnas pause\/hvilestund<\/div>\n<div>&nbsp;<\/div>\n<div>11.00-12.00 Lunsj<\/div>\n<div>&nbsp;<\/div>\n<div>Lek inne\/ute<\/div>\n<div>&nbsp;<\/div>\n<div>13.30-14.30 Matpakkem\u00e5ltid<\/div>\n<div>&nbsp;<\/div>\n<div>Lek inne\/ute<\/div>\n<div>&nbsp;<\/div>\n<div>15-17 Henting<\/div>\n<h3>Bemanning<\/h3>\n<p>P\u00e5 stor sone jobber 4 Pedagogiske ledere, 3 assistenter, 1 fagarbeider og en l\u00e6rlig<\/p>\n<p>P\u00e5 Lille Persille jobber 2 pedagogiske ledere, 2 fagarbeidere og i assistent i 45% stilling.<\/p>\n<p>&nbsp;<\/p>\n<\/p><\/div>\n<div id=\"foreldresamarbeid\">\n<h2>Foreldresamarbeid<\/h2>\n<figure class=\"wp-block-image has-image-ratio-16-9 size-full\"><img decoding=\"async\" src=\"https:\/\/backstage.mykid.no\/_ajax\/download?t=eyJ0eXAiOiJKV1QiLCJhbGciOiJIUzI1NiJ9.eyJpYXQiOjE3NzY2ODc1NjgsImV4cCI6MjA5MjY4NzU2OCwiZmlsZV9pZCI6ImEzSDlSN2N5TXdQUG9CbitLbzB4akVjY1Z3eVFoWEl3QVIzMXk0aGdyc0p5Q2hsVzdCM1A4UURvakxIQmZTSFNadmJyTDBjUlczd09qUEhLNDdYTTBRODNMR1dCbytTbVpqYk5jLytEZFV0WkRibUZIRkp4M0VvbHhnSFhLaUp5emhudEJXQ1R1TE1HaVVYN0ZJQVUyQnh6NFhyNWZuaUh2WGdSL2FmV1phOD0iLCJmaWxlbmFtZSI6IjZfMF8yMjQzZjNhYTQ1NmQ0ZjQ1NDJjOTlkNTE2MWFmMzgzNi5qcGcifQ._wrjqqez629MWMyVbpowiEZZoCFZTwncat0GA4cP_DI\" alt=\"\" \/><\/figure>\n<h3>MyKid<\/h3>\n<p>Kanvas-barnehagene benytter seg av kommunikasjonsportalen MyKid.<\/p>\n<p>&nbsp;<\/p>\n<p style=\"margin-right:0cm;margin-left:0cm\"><span style=\"font-size:12pt\"><span style=\"font-family:\">I Mykid f\u00e5r foreldre Informajson om hva som skjer i barnehage. Det lastes opp bilder, skrives dagen i dag og legges ut m\u00e5nedsbrev og invitasjoner til arrangement.&nbsp;<\/span><\/span><\/p>\n<p style=\"margin-right:0cm;margin-left:0cm\"><span style=\"font-size:12pt\"><span style=\"font-family:\">Vi forventer at foreldrene f\u00f8lger med p\u00e5 beskjeder som kommer i Mykid Postit, e-poster som sendes ut og p\u00e5minnelser i kalenderen.&nbsp;<\/span><\/span><\/p>\n<p>&nbsp;<\/p>\n<h3>Startsamtale, foreldresamtaler og foreldrem\u00f8ter<\/h3>\n<p>Kort tid etter barnehagestart gjennomf\u00f8rer vi en startsamtale der form\u00e5let er \u00e5 bli bedre kjent med barnet og familien.<\/p>\n<p>Etter startsamtalen tilbys foresatte en foreldresamtale 2 ganger per \u00e5r. Hensikten med foreldresamtalen er \u00e5 f\u00e5 til en god dialog om barnets trivsel og utvikling hjemme og i barnehagen,&nbsp;for \u00e5 kunne&nbsp;legge til rette for en god barnehagehverdag og videre utvikling for barnet, og&nbsp;et godt og konstruktivt foreldresamarbeid.<\/p>\n<p>Kanvas-barnehagene gjennomf\u00f8rer ogs\u00e5 foreldrem\u00f8te \u00e9n eller to ganger i \u00e5ret.<\/p>\n<p>Les mer om startsamtalen,&nbsp;foreldresamtalene og foreldrem\u00f8tene her:&nbsp;<a href=\"https:\/\/www.kanvas.no\/2023\/07\/06\/startsamtale-foreldresamtaler-og-foreldremoter\/\">Startsamtale, foreldresamtaler og foreldrem\u00f8ter &#8211; Kanvas<\/a><\/p>\n<p>P\u00e5medlig til foreldresamtaler blir sendt ut via Mykid.&nbsp;<\/p>\n<p>&nbsp;<\/p>\n<h3>Foreldrer\u00e5det og Samarbeidsutvalget (SU)<\/h3>\n<p>Foreldrer\u00e5det best\u00e5r av de foresatte til barna i barnehagen. Foreldrer\u00e5det skal fremme foreldrenes fellesinteresser&nbsp;og samarbeide med barnehagen om et&nbsp;barnehagemilj\u00f8 for barna. Foreldrer\u00e5det velger foreldrerepresentanter til samarbeidsutvalget (SU).<\/p>\n<p>Alle barnehager er p\u00e5lagt \u00e5 ha et samarbeidsutvalg. SU skal v\u00e6re et r\u00e5dgivende, kontaktskapende og samordnende organ, og best\u00e5r av foresatte og ansatte i barnehagen. Foreldrer\u00e5det og samarbeidsutvalget skal bli forelagt, og har rett til \u00e5 uttale seg i, saker som er viktige for foreldrenes forhold til barnehagen. Samarbeidsutvalget skal med utgangspunkt i rammeplanen vedta en \u00e5rsplan for den pedagogiske virksomheten. Informasjon om hvilke foreldre som er valgt som SU-representanter, samt kontaktinformasjon til disse, deles p\u00e5 MyKid.<\/p>\n<p>I Den bl\u00e5 appelsin Kanvas-barnehagen best\u00e5r SU av en foreldrerepresentant og en ansatt fra Lille Persille og en foreldrerepresentant og en ansatt fra stor sone i tillegg til daglig leder. SU-representantene sitter i 2 \u00e5r. Vi velger alltid en ny foreldrerepresentant p\u00e5 foreldrem\u00f8tet i september.&nbsp;<\/p>\n<p>SU har to faste m\u00f8ter hvert barnehage \u00e5r, og setter opp fler m\u00f8ter ved behov.<\/p>\n<p>&nbsp;<\/p>\n<h3>Dugnad<\/h3>\n<p>Barnehagen inviterer til dugnad i begynnelsen av mai hvert \u00e5r.&nbsp;<\/p>\n<p>&nbsp;<\/p>\n<h3>Foreldreunders\u00f8kelsen<\/h3>\n<p>Kanvas-barnehagene deltar \u00e5rlig i den nasjonale foreldreunders\u00f8kelsen. I foreldreunders\u00f8kelsen f\u00e5r foresatte si sin mening om barnehagetilbudet, barnas trivsel og samarbeidet mellom hjem og barnehage.&nbsp;<\/p>\n<p>Unders\u00f8kelsen gjennomf\u00f8res mellom 6. januar og 31. januar. Resultatene blir tilgjengelig i februar.&nbsp;<\/p>\n<p>Resultatene fra foreldreunders\u00f8kelsen brukes av barnehagen som en hjelp til \u00e5 vurdere og utvikle barnehagetilbudet. Vi oppfordrer alle foreldre til \u00e5 delta p\u00e5 unders\u00f8kelsen.<\/p>\n<p>&nbsp;<\/p>\n<\/p><\/div>\n<div id=\"arshjul\">\n<h2>\u00c5rshjul<\/h2>\n<figure class=\"wp-block-image has-image-ratio-16-9 size-full\"><img decoding=\"async\" src=\"https:\/\/backstage.mykid.no\/_ajax\/download?t=eyJ0eXAiOiJKV1QiLCJhbGciOiJIUzI1NiJ9.eyJpYXQiOjE3NzY2ODc1NjgsImV4cCI6MjA5MjY4NzU2OCwiZmlsZV9pZCI6IjFKZFMrekV3S0gweVZCRHpIUTlEczYyalRON3VseWMxZXJMdllqN2hJVk5kcFdWei9STmk5eWszZnlxcmdlV2VBNWUyTVZ5R3IwZFB4cW8zWEppYmhadmNsS2E1OHBPTWphemhKdDUvdmpPV0hiYjZwZWxDeXBKOTVHMXFDSThxQjN0enhSdEpDV2tSblU2UHN5RVhOZ3RnNWRhbTc5UGZjQWhMOHhxNXI4Zz0iLCJmaWxlbmFtZSI6IjZfMF85NjFmN2FiZTk0ZmJhZmYzYWI2MDIwNWVlOGVkMWQwYi5qcGcifQ.fn7HULNGHTkJsI7QoMKUH6-fXe87o_j05FLm8XusiEo\" alt=\"\" \/><\/figure>\n<div class=\"calendar-outer\">\n<div class=\"calendar-container \">\n<div class=\"calendar-wrapper\">\n<div class=\"calendar-content\">\n<div class=\"calendar-left\">\n\t\t\t\t\t\t\t5. mai 2026\n\t\t\t\t\t\t\t<\/div>\n<div class=\"calendar-right\">\n<div class=\"calendar-inner\">\n<p>Dugnad i barnehagen<\/p>\n<\/p><\/div>\n<\/p><\/div>\n<\/p><\/div>\n<\/p><\/div>\n<\/p><\/div>\n<div class=\"calendar-container \">\n<div class=\"calendar-wrapper\">\n<div class=\"calendar-content\">\n<div class=\"calendar-left\">\n\t\t\t\t\t\t\t15. mai 2026\n\t\t\t\t\t\t\t<\/div>\n<div class=\"calendar-right\">\n<div class=\"calendar-inner\">\n<p>Planleggingsdag<\/p>\n<\/p><\/div>\n<\/p><\/div>\n<\/p><\/div>\n<\/p><\/div>\n<\/p><\/div>\n<div class=\"calendar-container \">\n<div class=\"calendar-wrapper\">\n<div class=\"calendar-content\">\n<div class=\"calendar-left\">\n\t\t\t\t\t\t\t3. jun 2026\n\t\t\t\t\t\t\t<\/div>\n<div class=\"calendar-right\">\n<div class=\"calendar-inner\">\n<p>Sommerfest med foreldre<\/p>\n<\/p><\/div>\n<\/p><\/div>\n<\/p><\/div>\n<\/p><\/div>\n<\/p><\/div>\n<div class=\"calendar-container \">\n<div class=\"calendar-wrapper\">\n<div class=\"calendar-content\">\n<div class=\"calendar-left\">\n\t\t\t\t\t\t\t12. jun 2026\n\t\t\t\t\t\t\t<\/div>\n<div class=\"calendar-right\">\n<div class=\"calendar-inner\">\n<p>Planleggingsdag<\/p>\n<\/p><\/div>\n<\/p><\/div>\n<\/p><\/div>\n<\/p><\/div>\n<\/p><\/div>\n<div class=\"calendar-container \">\n<div class=\"calendar-wrapper\">\n<div class=\"calendar-content\">\n<div class=\"calendar-left\">\n\t\t\t\t\t\t\t22-26. jun 2026\n\t\t\t\t\t\t\t<\/div>\n<div class=\"calendar-right\">\n<div class=\"calendar-inner\">\n<p>Stolthetsuken<\/p>\n<\/p><\/div>\n<\/p><\/div>\n<\/p><\/div>\n<\/p><\/div>\n<\/p><\/div>\n<div class=\"calendar-container \">\n<div class=\"calendar-wrapper\">\n<div class=\"calendar-content\">\n<div class=\"calendar-left\">\n\t\t\t\t\t\t\t29. jun 2026 &#8211; 5. jul 2026\n\t\t\t\t\t\t\t<\/div>\n<div class=\"calendar-right\">\n<div class=\"calendar-inner\">\n<p>Barnehagen har redusert \u00e5pningstid kl.8.00-16.00<\/p>\n<\/p><\/div>\n<\/p><\/div>\n<\/p><\/div>\n<\/p><\/div>\n<\/p><\/div>\n<div class=\"calendar-container \">\n<div class=\"calendar-wrapper\">\n<div class=\"calendar-content\">\n<div class=\"calendar-left\">\n\t\t\t\t\t\t\t6-26. jul 2026\n\t\t\t\t\t\t\t<\/div>\n<div class=\"calendar-right\">\n<div class=\"calendar-inner\">\n<p>Barnehagen er feriestengt<\/p>\n<\/p><\/div>\n<\/p><\/div>\n<\/p><\/div>\n<\/p><\/div>\n<\/p><\/div>\n<div class=\"calendar-container \">\n<div class=\"calendar-wrapper\">\n<div class=\"calendar-content\">\n<div class=\"calendar-left\">\n\t\t\t\t\t\t\t27. jul 2026 &#8211; 2. aug 2026\n\t\t\t\t\t\t\t<\/div>\n<div class=\"calendar-right\">\n<div class=\"calendar-inner\">\n<p>Barnehagen har redusert \u00e5pningstid kl.8.00-16.00<\/p>\n<\/p><\/div>\n<\/p><\/div>\n<\/p><\/div>\n<\/p><\/div>\n<\/p><\/div>\n<\/p><\/div>\n<\/p><\/div>\n<\/div>\n","protected":false},"excerpt":{"rendered":"<p>I informasjonsheftet finner du praktisk informasjon om barnehagen.<\/p>\n","protected":false},"author":1,"featured_media":0,"comment_status":"closed","ping_status":"closed","sticky":false,"template":"","format":"standard","meta":[],"categories":[1],"tags":[],"acf":[],"_links":{"self":[{"href":"https:\/\/www.kanvas.no\/denblaaappelsin\/wp-json\/wp\/v2\/posts\/9727"}],"collection":[{"href":"https:\/\/www.kanvas.no\/denblaaappelsin\/wp-json\/wp\/v2\/posts"}],"about":[{"href":"https:\/\/www.kanvas.no\/denblaaappelsin\/wp-json\/wp\/v2\/types\/post"}],"author":[{"embeddable":true,"href":"https:\/\/www.kanvas.no\/denblaaappelsin\/wp-json\/wp\/v2\/users\/1"}],"replies":[{"embeddable":true,"href":"https:\/\/www.kanvas.no\/denblaaappelsin\/wp-json\/wp\/v2\/comments?post=9727"}],"version-history":[{"count":0,"href":"https:\/\/www.kanvas.no\/denblaaappelsin\/wp-json\/wp\/v2\/posts\/9727\/revisions"}],"wp:attachment":[{"href":"https:\/\/www.kanvas.no\/denblaaappelsin\/wp-json\/wp\/v2\/media?parent=9727"}],"wp:term":[{"taxonomy":"category","embeddable":true,"href":"https:\/\/www.kanvas.no\/denblaaappelsin\/wp-json\/wp\/v2\/categories?post=9727"},{"taxonomy":"post_tag","embeddable":true,"href":"https:\/\/www.kanvas.no\/denblaaappelsin\/wp-json\/wp\/v2\/tags?post=9727"}],"curies":[{"name":"wp","href":"https:\/\/api.w.org\/{rel}","templated":true}]}}