{"id":9155,"date":"2026-04-20T13:19:46","date_gmt":"2026-04-20T12:19:46","guid":{"rendered":"https:\/\/www.kanvas.no\/hompetitten\/informasjonshefte\/"},"modified":"2026-04-20T13:19:46","modified_gmt":"2026-04-20T12:19:46","slug":"informasjonshefte","status":"publish","type":"post","link":"https:\/\/www.kanvas.no\/hompetitten\/informasjonshefte\/","title":{"rendered":"Informasjonshefte"},"content":{"rendered":"<div class=\"t2-featured-content-layout alignwide wp-block-t2-featured-content-layout dont-print\">\n<div class=\"t2-featured-query-post t2-featured-content wp-block-t2-featured-query-post t2-featured-content-layout-col-4 t2-featured-content-layout-col-2-mobile\">\n\t\t\t\t\t<a class=\"t2-post-link wp-block-t2-post-link\" href=\"#om-barnehagen\"><\/p>\n<figure class=\"t2-post-featured-image has-image-ratio-16-9 wp-block-t2-post-featured-image\"><img decoding=\"async\" src=\"https:\/\/backstage.mykid.no\/_ajax\/download?t=eyJ0eXAiOiJKV1QiLCJhbGciOiJIUzI1NiJ9.eyJpYXQiOjE3NzY2ODc1ODYsImV4cCI6MjA5MjY4NzU4NiwiZmlsZV9pZCI6Ik05WjhVemlrZ3BTejBGOW5GVEhrVG05RW83a0drTW9RNHFCYk8yTDIwU2pvVTFaSTlVQVRnL1dPbkpaaGJMNEV6dGU2MWswL0RnRFdOR1BVOGdBcTc3Nys1eXpjZFl0U3UwaE50WE5pWlZBQ3JvUE9PSmEwNGFZa0dCQVI1L1g4L3IwZ05zUjZFYldPL1B1bjdxN2hvUnpBcFpRN0d6ZjhaRXZ3US93RWo0Y0xiNTZPTFc5OUpVUndCMUZqWlJ0ViIsImZpbGVuYW1lIjoiNl82OTBfZTg3NDU5ZThhYjM1NDEwOTgzNjZhNzNlZGRiYzdmM2MuanBlZyJ9.QQaqCOX7LkV7yN9eBx5yBqMxNjkRQvSNVVDKymphI8k\" alt=\"\" \/><\/figure>\n<div class=\"wp-block-group alignfull is-layout-flow\">\n<h2 class=\"t2-post-title wp-block-t2-post-title fluid-2\">Om barnehagen<\/h2>\n<div class=\"t2-post-excerpt wp-block-t2-excerpt\">\n\t\t\t\t\t\t\t\tHer finner du fakta om barnehagen, \u00e5pningstider og kontaktinformasjon.\n\t\t\t\t\t\t\t<\/div>\n<\/p><\/div>\n<p>\t\t\t\t\t<\/a>\n\t\t\t\t<\/div>\n<div class=\"t2-featured-query-post t2-featured-content wp-block-t2-featured-query-post t2-featured-content-layout-col-4 t2-featured-content-layout-col-2-mobile\">\n\t\t\t\t\t<a class=\"t2-post-link wp-block-t2-post-link\" href=\"#ny-i-barnehagen\"><\/p>\n<figure class=\"t2-post-featured-image has-image-ratio-16-9 wp-block-t2-post-featured-image\"><img decoding=\"async\" src=\"https:\/\/backstage.mykid.no\/_ajax\/download?t=eyJ0eXAiOiJKV1QiLCJhbGciOiJIUzI1NiJ9.eyJpYXQiOjE3NzY2ODc1ODYsImV4cCI6MjA5MjY4NzU4NiwiZmlsZV9pZCI6IlhYTFhLZUFlYTBteXZ5ZUdKL3J6Rmc5S2Z1b2hHdllCNXdKdEZLV3dBUlIxK05zbmJjS0hwTWRGVVRNZDF0VzJSelBXQ2RLTTJnc0ErWWd4TmhWOHdOUUVkMkpNTUtsZXJZZ2x3dDRVTzN6QmpldjVTY0V1NnNZOGtqMGdWK3NhUmQ5U1A5aG5UVFZDVHpYK0Y5b2ZWUXR1bUVFTHFlMEVUd2JoamNwVGRrRmw3QzNBcWlwZXg5NVdFUmI2cVk0bSIsImZpbGVuYW1lIjoiNl82OTBfYjJhNGZiODI2OTdmOTYxZjgzZjgwN2YzYjYxYTNkOGYuanBnIn0.k2FV59KP3VQfVDDHz_LWoH_FTIJJ1s8GvXongme7Wv4\" alt=\"\" \/><\/figure>\n<div class=\"wp-block-group alignfull is-layout-flow\">\n<h2 class=\"t2-post-title wp-block-t2-post-title fluid-2\">Ny i barnehagen<\/h2>\n<div class=\"t2-post-excerpt wp-block-t2-excerpt\">\n\t\t\t\t\t\t\t\tHer finner du info om tilvenning, startsamtalen og hva du b\u00f8r vite f\u00f8r oppstart.\n\t\t\t\t\t\t\t<\/div>\n<\/p><\/div>\n<p>\t\t\t\t\t<\/a>\n\t\t\t\t<\/div>\n<div class=\"t2-featured-query-post t2-featured-content wp-block-t2-featured-query-post t2-featured-content-layout-col-4 t2-featured-content-layout-col-2-mobile\">\n\t\t\t\t\t<a class=\"t2-post-link wp-block-t2-post-link\" href=\"#praktisk-info\"><\/p>\n<figure class=\"t2-post-featured-image has-image-ratio-16-9 wp-block-t2-post-featured-image\"><img decoding=\"async\" src=\"https:\/\/backstage.mykid.no\/_ajax\/download?t=eyJ0eXAiOiJKV1QiLCJhbGciOiJIUzI1NiJ9.eyJpYXQiOjE3NzY2ODc1ODYsImV4cCI6MjA5MjY4NzU4NiwiZmlsZV9pZCI6Im5YK0hrL1dySmtyS0oyazJqQlpRSWUyY2FOTWVuUWVpTHorZnNBNFkwT0hGNUhpTHVwWEMxWnp2SmY5bWRic2x3LzVJOFlhaVdNTXV5V0NnWkduSVRrWkRyZ3BkTFNuQklobnZlVEVHRlZtM2pTYjYzSGZTVzlTTDIxWjl1QldWYkpkeG5TK3pQSHd3bk1oL0JoL24wbTBUUWlFQUVUVGZTL1ZwT1J1SWtMbz0iLCJmaWxlbmFtZSI6IjZfMF82M2YxMGIwMDkxYmEyYmFmM2Y5NWU3NzA4ZjNlNzljZS5qcGcifQ.V04C62x12i0-cj_SluuDe9mpLlqtyHSuNWACB5mo6mI\" alt=\"\" \/><\/figure>\n<div class=\"wp-block-group alignfull is-layout-flow\">\n<h2 class=\"t2-post-title wp-block-t2-post-title fluid-2\">Praktisk info<\/h2>\n<div class=\"t2-post-excerpt wp-block-t2-excerpt\">\n\t\t\t\t\t\t\t\tHer finner du informasjon om bl.a. kl\u00e6r og utstyr, mat, soving, sykt barn, ferie og forsikring.\n\t\t\t\t\t\t\t<\/div>\n<\/p><\/div>\n<p>\t\t\t\t\t<\/a>\n\t\t\t\t<\/div>\n<div class=\"t2-featured-query-post t2-featured-content wp-block-t2-featured-query-post t2-featured-content-layout-col-4 t2-featured-content-layout-col-2-mobile\">\n\t\t\t\t\t<a class=\"t2-post-link wp-block-t2-post-link\" href=\"#barnehagehverdagen\"><\/p>\n<figure class=\"t2-post-featured-image has-image-ratio-16-9 wp-block-t2-post-featured-image\"><img decoding=\"async\" src=\"https:\/\/backstage.mykid.no\/_ajax\/download?t=eyJ0eXAiOiJKV1QiLCJhbGciOiJIUzI1NiJ9.eyJpYXQiOjE3NzY2ODc1ODYsImV4cCI6MjA5MjY4NzU4NiwiZmlsZV9pZCI6IklEeUhGWTNPK1JkT0JNSXo2WnBzOVUwTWFKa1ZwWXRZMHhoZEIwUHl6NlVJblhwYnFOSnREbEd4QTF6ajYvMmx4RVdCLzJzVnFtV1dRT2ViTzJrUE9ON2dJWk1kNDJZYjdrdHFiTHNOZ1VicFZNeEpKdVFtV1RjcDdLc2ZXR2txS0JONW5Id0dRYkhPWWkya0puZW9VU1NRUENFY0xOQXpWNHEzSlZkNnBiTT0iLCJmaWxlbmFtZSI6IjZfMF8yMGViYTdlZTk0NDkxMDUyY2M2Njc5MzQ5ZjFhNDk4YS5qcGcifQ.PZFa9NORvsQugP5Zfr-Qjppn0Ei_t3G-IXXX2Sd9PQc\" alt=\"\" \/><\/figure>\n<div class=\"wp-block-group alignfull is-layout-flow\">\n<h2 class=\"t2-post-title wp-block-t2-post-title fluid-2\">Barnehagehverdagen<\/h2>\n<div class=\"t2-post-excerpt wp-block-t2-excerpt\">\n\t\t\t\t\t\t\t\tHer finner du informasjon om bl.a. dagsrytme, aktiviteter og bemanning.\n\t\t\t\t\t\t\t<\/div>\n<\/p><\/div>\n<p>\t\t\t\t\t<\/a>\n\t\t\t\t<\/div>\n<div class=\"t2-featured-query-post t2-featured-content wp-block-t2-featured-query-post t2-featured-content-layout-col-4 t2-featured-content-layout-col-2-mobile\">\n\t\t\t\t\t<a class=\"t2-post-link wp-block-t2-post-link\" href=\"#foreldresamarbeid\"><\/p>\n<figure class=\"t2-post-featured-image has-image-ratio-16-9 wp-block-t2-post-featured-image\"><img decoding=\"async\" src=\"https:\/\/backstage.mykid.no\/_ajax\/download?t=eyJ0eXAiOiJKV1QiLCJhbGciOiJIUzI1NiJ9.eyJpYXQiOjE3NzY2ODc1ODYsImV4cCI6MjA5MjY4NzU4NiwiZmlsZV9pZCI6Ik9ZQXBUMGZvbnZsS0dKRk5MY0JhQ2NmMkhqSUJpMGxmWHAwSlZIeld0OHlUL0JlL0NaZEhtSmZ5aldiMCtlUzYvYVEvalVOendWOW9BVnZDTk0xc1NOK3NheDN0cXdRTDIvS0RvZUZBTmxZakJON3JFVFpmZVB4V3JvTmU2NnYyOXlJZ0Zzdk1YcnpYV01kS1Z0eDc5MVNvTEl5UFlFM0J3VEFyTnpOK0ViTT0iLCJmaWxlbmFtZSI6IjZfMF8yMjQzZjNhYTQ1NmQ0ZjQ1NDJjOTlkNTE2MWFmMzgzNi5qcGcifQ.-A8ItjqBx6BilLKeUWIMhg6rpjwCT2dsa0LbMXAfupw\" alt=\"\" \/><\/figure>\n<div class=\"wp-block-group alignfull is-layout-flow\">\n<h2 class=\"t2-post-title wp-block-t2-post-title fluid-2\">Foreldresamarbeid<\/h2>\n<div class=\"t2-post-excerpt wp-block-t2-excerpt\">\n\t\t\t\t\t\t\t\tHer finner du informasjon om bl.a. MyKid, foreldresamtaler og -m\u00f8ter, SU, foreldrebetaling og foreldreunders\u00f8kelsen.\n\t\t\t\t\t\t\t<\/div>\n<\/p><\/div>\n<p>\t\t\t\t\t<\/a>\n\t\t\t\t<\/div>\n<div class=\"t2-featured-query-post t2-featured-content wp-block-t2-featured-query-post t2-featured-content-layout-col-4 t2-featured-content-layout-col-2-mobile\">\n\t\t\t\t\t<a class=\"t2-post-link wp-block-t2-post-link\" href=\"#arshjul\"><\/p>\n<figure class=\"t2-post-featured-image has-image-ratio-16-9 wp-block-t2-post-featured-image\"><img decoding=\"async\" src=\"https:\/\/backstage.mykid.no\/_ajax\/download?t=eyJ0eXAiOiJKV1QiLCJhbGciOiJIUzI1NiJ9.eyJpYXQiOjE3NzY2ODc1ODYsImV4cCI6MjA5MjY4NzU4NiwiZmlsZV9pZCI6ImdIb1YzcFJIbytDVW5XeTRYblRCZVBmY0M4bjYwOTB1Z3JtbkgweW1GK1JPUkN3aWg0T2trcWJIbUhxNXY0WGRjVFpVVk0rLy9XM1puRnlzNi9RUkhMbHMveTlsbXJybGtkY2tLZENxdnAxUEM4QmJ1ZGpuODFaZjlLU0srUXNDR0N6cS9KY25lVDRYV1l2TjRIYlpZckFGNmZ6NWNSRkQ1QkpmKzE1L0hZOD0iLCJmaWxlbmFtZSI6IjZfMF85NjFmN2FiZTk0ZmJhZmYzYWI2MDIwNWVlOGVkMWQwYi5qcGcifQ.UkIPfoQt9V0LW6vMR_F9XIdwspvPPVpFYvWKBw4t_N0\" alt=\"\" \/><\/figure>\n<div class=\"wp-block-group alignfull is-layout-flow\">\n<h2 class=\"t2-post-title wp-block-t2-post-title fluid-2\">\u00c5rshjul<\/h2>\n<div class=\"t2-post-excerpt wp-block-t2-excerpt\">\n\t\t\t\t\t\t\t\tHer finner du oversikt over merkedager, planleggingsdager, ferielukket mm.\n\t\t\t\t\t\t\t<\/div>\n<\/p><\/div>\n<p>\t\t\t\t\t<\/a>\n\t\t\t\t<\/div>\n<\/div>\n<div class=\"text-content\">\n<div id=\"om-barnehagen\">\n<h2>Om barnehagen<\/h2>\n<figure class=\"wp-block-image has-image-ratio-16-9 size-full\"><img decoding=\"async\" src=\"https:\/\/backstage.mykid.no\/_ajax\/download?t=eyJ0eXAiOiJKV1QiLCJhbGciOiJIUzI1NiJ9.eyJpYXQiOjE3NzY2ODc1ODYsImV4cCI6MjA5MjY4NzU4NiwiZmlsZV9pZCI6Ik05WjhVemlrZ3BTejBGOW5GVEhrVG05RW83a0drTW9RNHFCYk8yTDIwU2pvVTFaSTlVQVRnL1dPbkpaaGJMNEV6dGU2MWswL0RnRFdOR1BVOGdBcTc3Nys1eXpjZFl0U3UwaE50WE5pWlZBQ3JvUE9PSmEwNGFZa0dCQVI1L1g4L3IwZ05zUjZFYldPL1B1bjdxN2hvUnpBcFpRN0d6ZjhaRXZ3US93RWo0Y0xiNTZPTFc5OUpVUndCMUZqWlJ0ViIsImZpbGVuYW1lIjoiNl82OTBfZTg3NDU5ZThhYjM1NDEwOTgzNjZhNzNlZGRiYzdmM2MuanBlZyJ9.QQaqCOX7LkV7yN9eBx5yBqMxNjkRQvSNVVDKymphI8k\" alt=\"\" \/><\/figure>\n<p>Hompetitten Kanvas-barnehage ligger p\u00e5 en h\u00f8yde \u00f8verst i Gaustadveien, men en fantastisk utsikt over Oslo. Hele \u00e5ret kan vi nyte synet av solen som stiger opp over horisonten n\u00e5r v\u00e6ret tillater det. Barnehagen har et stort og innbydende uteomr\u00e5de som vi deler med Eplehagen Kanvas-barnehage. Her har barna muligheter til \u00e5 bevege seg i variert og kupert terrreng, med gress, sand og asfalt om sommeren og akebakker og skil\u00f8yper om vinteren, samt en egen grillhytte. I tillegg har vi flotte turmuligheter i umiddelbar n\u00e6rhet, som alle avdelinger benytter seg av jevnlig.<\/p>\n<p>Her i Hompetitten Kanvas-barnehage har vi et trygt og godt milj\u00f8 der alle blir inkludert og respektert for sin individuelle historie og personlighet. Vi er en stabil personalgruppe med n\u00e6rv\u00e6rende voksne som evner \u00e5 se hvert enkelt barn med varme og omtanke. Vi \u00f8nsker \u00e5 gi barna daglige opplevelser av mestring og glede, derfor lar vi barna p\u00e5virke aktivitetene v\u00e5re i barnehagen og lar dem ta egne avgj\u00f8relser innenfor trygge rammer.<\/p>\n<p>V\u00e5r visjon er &quot;H\u00f8yt under taket med rom for alle&quot;.<\/p>\n<p>Vi har 4 avdelinger, hvorav to avdelinger for barn&nbsp;0-3 \u00e5r og to avdelinger for barn 2-6 \u00e5r. Vi har 50% barnehagel\u00e6rere og 50% andel menn. Barnehagen har en godt etablert praksis med samarbeid p\u00e5 tvers av avdelingene.&nbsp;<\/p>\n<p>\u00c5pningstider: 07:00-16:45.<\/p>\n<p>&nbsp;<\/p>\n<p><strong>Kontakt oss:<\/strong><\/p>\n<p>Daglig&nbsp;leder:&nbsp;<\/p>\n<p>Kari-Anne Skarpaas&nbsp;94092981<\/p>\n<p>Avdelingene:<\/p>\n<p>Bl\u00e5 (0-3 \u00e5r): 94086745<\/p>\n<p>Gr\u00f8nn (0-3 \u00e5r): 94086457<\/p>\n<p>Gul (2-6 \u00e5r): 94081619<\/p>\n<p>R\u00f8d (2-6 \u00e5r): 48393750<\/p>\n<p>&nbsp;<\/p>\n<p>&nbsp;<\/p>\n<p>&nbsp;<\/p>\n<\/p><\/div>\n<div id=\"ny-i-barnehagen\">\n<h2>Ny i barnehagen<\/h2>\n<figure class=\"wp-block-image has-image-ratio-16-9 size-full\"><img decoding=\"async\" src=\"https:\/\/backstage.mykid.no\/_ajax\/download?t=eyJ0eXAiOiJKV1QiLCJhbGciOiJIUzI1NiJ9.eyJpYXQiOjE3NzY2ODc1ODYsImV4cCI6MjA5MjY4NzU4NiwiZmlsZV9pZCI6IlhYTFhLZUFlYTBteXZ5ZUdKL3J6Rmc5S2Z1b2hHdllCNXdKdEZLV3dBUlIxK05zbmJjS0hwTWRGVVRNZDF0VzJSelBXQ2RLTTJnc0ErWWd4TmhWOHdOUUVkMkpNTUtsZXJZZ2x3dDRVTzN6QmpldjVTY0V1NnNZOGtqMGdWK3NhUmQ5U1A5aG5UVFZDVHpYK0Y5b2ZWUXR1bUVFTHFlMEVUd2JoamNwVGRrRmw3QzNBcWlwZXg5NVdFUmI2cVk0bSIsImZpbGVuYW1lIjoiNl82OTBfYjJhNGZiODI2OTdmOTYxZjgzZjgwN2YzYjYxYTNkOGYuanBnIn0.k2FV59KP3VQfVDDHz_LWoH_FTIJJ1s8GvXongme7Wv4\" alt=\"\" \/><\/figure>\n<h3>F\u00f8r oppstart<\/h3>\n<p>F\u00f8r barnet begynner i barnehagen&nbsp;mottar de foresatte en sms med beskjed om \u00e5 registrere barnet og foresatte i kommunikasjonsplattformen MyKid. I MyKid skal dere fylle ut kontaktinformasjon og andre opplysninger som er viktig for barnets opphold i barnehagen, blant annet et samtykkeskjema og en egenerkl\u00e6ring om barnets helse.<\/p>\n<p>Foreldre som ikke bor sammen skal fylle ut hvert sitt skjema.<\/p>\n<p>Opplysninger om barnets helse er taushetsbelagt og det vil v\u00e6re begrenset&nbsp;tilgang til informasjonen i barnehagen.<\/p>\n<p>&nbsp;<\/p>\n<p>F\u00f8r oppstart vil avdelingen ta kontakt med dere og invitere dere til \u00e5 komme p\u00e5 bes\u00f8k, s\u00e5 dere og barnet kan f\u00e5 se barnehagen og hilse p\u00e5 de voksne og noen av barna.&nbsp;<\/p>\n<p>Vi anbefaler dere \u00e5 lese igjennom informasjonsheftet og \u00e5rsplanen p\u00e5 forh\u00e5nd. Ta gjerne kontakt med oss om dere har sp\u00f8rsm\u00e5l.<\/p>\n<p>&nbsp;<\/p>\n<h3>Tilvenning<\/h3>\n<p>Les mer om tilvenning her:&nbsp;<a href=\"https:\/\/www.kanvas.no\/2023\/07\/26\/tilvenning-i-barnehagen\/\">Tilvenning i barnehagen &#8211; Kanvas<\/a><\/p>\n<p>N\u00e5r dere f\u00e5r tilbud om plass hos oss, f\u00e5r dere ogs\u00e5 tildelt en startdato. Pedagogisk leder p\u00e5 avdelingen vil ta kontakt for \u00e5 informere om hvilken avdeling barnet skal g\u00e5 p\u00e5, og for \u00e5 invitere dere p\u00e5 bes\u00f8k f\u00f8r banret starter. Dere avtaler tidspunkt for oppm\u00f8te f\u00f8rste dag med pedagogisk leder.<\/p>\n<p>Den f\u00f8rste dagen i barnehagen&nbsp;er dere, b\u00e5de barn og foresatt,&nbsp;p\u00e5 bes\u00f8k&nbsp;noen timer.&nbsp;Dere vil ha mulighet til \u00e5 snakke med kontaktperson, stille sp\u00f8rsm\u00e5l, utforske og bli kjent med avdelingen og&nbsp;de andre barna og voksne som jobber her. Hold deg n\u00e6rt til barnet og v\u00e6r tilgjengelig slik at barnet kan g\u00e5 til og fra deg etter eget behov.&nbsp;<\/p>\n<p>De neste dagene avtaler man oppm\u00f8te med kontaktperson. Det vil variere fra barn til barn hvor mye tid man trenger. Mange foreldre har bare 3-4 dager fri fra jobb, mens andre har god tid.<\/p>\n<p>Den andre dagen kan dere la barnet v\u00e6re litt alene dersom det er klart for det.&nbsp;Her er det stor forskjell p\u00e5 barn og det gj\u00f8res en vurdering av hvert enkelt barn og hvor klar barnet er.<\/p>\n<p>Tredje dagen avtales med personalet med utgangspunkt i hvordan de f\u00f8rste dagene har g\u00e5tt. N\u00e5r barnet er alene i barnehagen, er det viktig at en av de foresatte er tilgjengelig og i n\u00e6rheten av barnehagen, slik at barnet kan hentes ved behov. Vi ringer dersom barnet blir urolig f\u00f8r mor eller far er tilbake.<\/p>\n<p>Om man har mulighet anbefaler vi \u00e5 ha kortere dager i begynnelsen, selv om barnet ser ut til \u00e5 takle den nye hverdagen fint. Det er mange inntrykk og nye barn og voksne og forholde seg til, s\u00e5 barna blir slitne. Dette er ogs\u00e5 en tilvenning&nbsp;for foreldre, og noen kan finne det vanskelig \u00e5 g\u00e5&nbsp;fra barnet i barnehagen. Vi er opptatt av at dere har tillit til at vi ivaretar barnet i deres frav\u00e6r og dere er velkommen til \u00e5 ta&nbsp;kontakt med oss om alt dere lurer p\u00e5.<\/p>\n<p>Det er sv\u00e6rt viktig at dere tar avskjed med barnet f\u00f8r dere g\u00e5r, ikke snik dere ut. Samtidig er det viktig \u00e5 g\u00e5 n\u00e5r dere har sagt ha det, ikke n\u00f8l og kom tilbake selv om barnet gr\u00e5ter. Gr\u00e5t er en naturlig reaksjon p\u00e5 avskjed med barnets n\u00e6rmeste omsorgspersoner, og barnet skal venne seg til \u00e5 la seg tr\u00f8ste av de voksne i barnehagen. Ta gjerne kontakt med oss etter dere har g\u00e5tt om det har v\u00e6rt en vanskelig avskjed.<\/p>\n<p>De f\u00f8rste ukene etter at sm\u00e5 barn har begynt \u00e5 v\u00e6re alene i barnehagen, synes \u00e5 v\u00e6re s\u00e6rlig krevende for dem. I denne perioden vil vi ha fokus p\u00e5 rolige og forutsigbare aktiviteter der det \u00e5 bli kjent vektlegges. Vi vil ikke planlegge mange voksenstyrte aktiviteter, prosjekter eller turer i starten, men heller v\u00e6re sensitive og engasjerte sammen med barna og delta i deres lek. P\u00e5 den m\u00e5ten blir vi kjent med hverandre p\u00e5 barnas premisser.&nbsp;<\/p>\n<h3>Startsamtalen<\/h3>\n<p>Om startsamtalen i Kanvas:&nbsp;<a href=\"https:\/\/www.kanvas.no\/2023\/07\/06\/startsamtale-foreldresamtaler-og-foreldremoter\/\">Startsamtale, foreldresamtaler og foreldrem\u00f8ter &#8211; Kanvas<\/a><\/p>\n<\/p><\/div>\n<div id=\"praktisk-info\">\n<h2>Praktisk info<\/h2>\n<figure class=\"wp-block-image has-image-ratio-16-9 size-full\"><img decoding=\"async\" src=\"https:\/\/backstage.mykid.no\/_ajax\/download?t=eyJ0eXAiOiJKV1QiLCJhbGciOiJIUzI1NiJ9.eyJpYXQiOjE3NzY2ODc1ODYsImV4cCI6MjA5MjY4NzU4NiwiZmlsZV9pZCI6Im5YK0hrL1dySmtyS0oyazJqQlpRSWUyY2FOTWVuUWVpTHorZnNBNFkwT0hGNUhpTHVwWEMxWnp2SmY5bWRic2x3LzVJOFlhaVdNTXV5V0NnWkduSVRrWkRyZ3BkTFNuQklobnZlVEVHRlZtM2pTYjYzSGZTVzlTTDIxWjl1QldWYkpkeG5TK3pQSHd3bk1oL0JoL24wbTBUUWlFQUVUVGZTL1ZwT1J1SWtMbz0iLCJmaWxlbmFtZSI6IjZfMF82M2YxMGIwMDkxYmEyYmFmM2Y5NWU3NzA4ZjNlNzljZS5qcGcifQ.V04C62x12i0-cj_SluuDe9mpLlqtyHSuNWACB5mo6mI\" alt=\"\" \/><\/figure>\n<h3>Kl\u00e6r og utstyr<\/h3>\n<ul>\n<li>Innesko<\/li>\n<li>Skiftet\u00f8y&nbsp;<\/li>\n<li>Evt bleier<\/li>\n<li>Utekl\u00e6r etter sesong (jakke, dress, votter, lue, hals, solhatt, regnt\u00f8y, st\u00f8vler, osv). H\u00f8st\/vinter er det fint \u00e5 ta med et ekstra lag med ull\/fleece.<\/li>\n<li>Drikkeflaske med vann hver dag, denne ber vi dere om \u00e5 ta med hjem hver dag for \u00e5 vaske<\/li>\n<li>P\u00e5 turdager: Sekk barnet kan b\u00e6re selv og sitteplate<\/li>\n<li>Evt kosedyr, koseklut, smokk til soving (og til tr\u00f8st den f\u00f8rste tiden)<\/li>\n<li>Avdelingen gir beskjed om det skal tas med vogn eller annet til soving<\/li>\n<li>Husk \u00e5 merke alt av kl\u00e6r og utstyr<\/li>\n<li>Private leker ber vi dere om \u00e5 la ligge igjen&nbsp;hjemme<\/li>\n<\/ul>\n<p>Vi har et \u00f8nske om \u00e5 holde orden i garderoben og p\u00e5 plassene til barna. Da blir det lettere for barna, oss og dere \u00e5 finne kl\u00e6r og utstyr. Vi ber om at dere ogs\u00e5 hjelper oss med \u00e5 holde orden p\u00e5 plassene&nbsp;og at dere minst en gang pr uke&nbsp;sjekker at barnet har det som trengs av kl\u00e6r og som er relevant for \u00e5rstiden.<\/p>\n<p>Siste fredag i m\u00e5neden vaskes garderobeplassene til barna. Da ber vi dere om \u00e5 ta med hjem alt av kl\u00e6r som ligger i hyllene, kl\u00e6r som henger p\u00e5 plassen og i yttergangen.<\/p>\n<p>Dresser \/ regnt\u00f8y som er v\u00e5te \/ sandete tas med hjem for \u00e5 vaskes og t\u00f8rkes.<\/p>\n<h3>Bringe og hente<\/h3>\n<p>Vi holder \u00e5pent kl. 07:00-16:45.<\/p>\n<p>Personalet jobber tredelte vakter, dvs. 07:00-14:30, 08:30-16:00 og 09:15-16:45. Kl. 16:45 skal alle store og sm\u00e5 v\u00e6re ute av barnehagen.<\/p>\n<p>De barna som \u00f8nsker det, kan spise frokost av medbakt matpakke. Frokosten avsluttes kl. 09:00.<\/p>\n<p>Om barnet har fri eller er syk, \u00f8nsker vi beskjed om dette. Dere kan enten registrere dette i MyKid eller ringe\/sende oss en sms. Vi \u00f8nkser ogs\u00e5 at dere registrerer i MyKid tider for n\u00e5r dere planlegger \u00e5 levere og hente barnet&nbsp;<\/p>\n<p>Gi oss gjerne beskjed ved levering om&nbsp;det er ting vi trenger \u00e5 vite eller spesielle hensyn som b\u00f8r tas for \u00e5 s\u00f8rge for at barnet f\u00e5r en fin dag i barnehagen. Vi vil, s\u00e5 langt det g\u00e5r, gi dere informasjon ved henting om hvordan dagen har v\u00e6rt. Av og til kan dette v\u00e6re krevende \u00e5 f\u00e5 til n\u00e5r senvakten er alene mellom kl. 16:00-16:45, avhengig av antall barn som er tilstede. Tilstedeve\u00e6relse p\u00e5 avdelingen vil v\u00e6re den voksnes prioritet. Vi vil uansett bestrebe oss p\u00e5 \u00e5 gi dere informasjon som er av betydning (spesielle hendelser e.l.).<\/p>\n<p>Ved henting ber vi om at dere tar med v\u00e5te og skitne kl\u00e6r, ogs\u00e5 yttert\u00f8y&nbsp;som er synlig skittent og v\u00e5tt. Dette vaskes og t\u00f8rkes hjemme f\u00f8r det tas med tilbake dagen etter.&nbsp;<\/p>\n<p>&nbsp;<\/p>\n<p>&nbsp;<\/p>\n<h3>Mat og m\u00e5ltider<\/h3>\n<p>I Kanvas f\u00f8lger vi Helsedirektoratets retningslinjer for mat og m\u00e5ltider i barnehagen.<\/p>\n<p>Les mer om mat og m\u00e5ltider i Kanvas-barnehagene her:&nbsp;<a href=\"https:\/\/www.kanvas.no\/nytt-og-nyttig\/sunn-mat-i-barnehagen\/\">Sunn mat i barnehagen &#8211; Kanvas<\/a><\/p>\n<p>&nbsp;<\/p>\n<p>Vi har f\u00f8lgende mattilbud her i Hompetitten:<\/p>\n<ul>\n<li>Varmmat 2 dager pr uke. dette leveres fra Matibox. Menyen finner dere i kalenderen i MyKid.<\/li>\n<li>Sm\u00f8rem\u00e5ltid 2 dager pr uke. Dette best\u00e5r av grovt br\u00f8d, ost, ulike typer kj\u00f8ttp\u00e5legg, egg, gr\u00f8nnsaker + melk og vann.<\/li>\n<li>Varme fiskekaker og br\u00f8d 1 dag pr uke.<\/li>\n<li>Barna f\u00e5r servert frukt hver dag.<\/li>\n<\/ul>\n<p>M\u00e5ltidet er en viktig l\u00e6ringsarena, i tillegg til at barna skal f\u00e5&nbsp;i seg nok&nbsp;n\u00e6ring og med det energi til \u00e5 delta i alt som foreg\u00e5r il\u00f8pet av en dag i barnehagen. De l\u00e6rer \u00e5 forsyne seg selv, sm\u00f8re maten selv, smake nye smaler, hjelpe&nbsp;hverandre, vente&nbsp;p\u00e5 tur, samtidig som de deltar i det sosiale fellesskapet.&nbsp;<\/p>\n<p>Barna har med egen matpakke til ettermiddagsm\u00e5ltidet og eventuelt frokost. Ettermiddagsm\u00e5ltidet er et mellomm\u00e5ltid og vi vil&nbsp;oppfordre dere til \u00e5 tenke &quot;enkelt&quot; n\u00e5r dere lager matpakke til barna. Jo flere valg barnet ha i matboksen, jo vanskeligere blir det \u00e5 velge ut hva det skal spise. Ikke v\u00e6r redd for \u00e5 sende med barnet &quot;for lite&quot; mat &#8211; vi har knekkebr\u00f8d og frukt om barnet fortsatt er sulten. Om dere er usikker s\u00e5 ta gjerne kontakt med oss.<\/p>\n<p>Bursdager feires uten ekstra matservering, men bursdagsbarnet f\u00e5r krone, sitte p\u00e5 bursdagsstol, og blir gjort ekstra stas p\u00e5.<\/p>\n<p>&nbsp;<\/p>\n<p>&nbsp;<\/p>\n<h3>Tur<\/h3>\n<p>Alle avdelingene g\u00e5r p\u00e5 tur hver uke. De g\u00e5r mest i n\u00e6rmilj\u00f8et, men av og til p\u00e5 lengre turer. Vi g\u00e5r for det meste p\u00e5 tur avdelingsvis og noen ganger i aldersdelte grupper. Avdelingene gir n\u00e6rmere beskjed om oppm\u00f8tetid og hva barna skal ta med seg.<\/p>\n<p>&nbsp;<\/p>\n<h3>Bursdagsfeiring<\/h3>\n<p>Hei i Hompetitten feirer vi bursdag ved at barna f\u00e5r bursdagskrone og f\u00e5r sitte p\u00e5 bursdagsstol i samlingsstunden. Vi synger bursdagssang og sender opp &quot;raketter&quot;. Barnet blir p\u00e5 denne m\u00e5ten gjort ekstra stas p\u00e5.&nbsp;<\/p>\n<p>Vi er opptatt av inkludering og gruppefellesskap og&nbsp;har&nbsp;laget noen retningslinjer for bursdagsfeiring. Her i Hompetitten inviterer man hele avdelingen eller alle p\u00e5 alderstrinnet n\u00e5r man inviterer til bursdag. Selv om dette er et privat arrangement, s\u00e5 vil vi understreke at vi er opptatt av at alle barna skal f\u00f8le at de er en del av fellesskapet. Dette er det viktig at&nbsp;barnehagen og hjemmet samarbeider om. Bursdagsfeiring er en viktig sosial begivenhet for mange barnehagebarn og en m\u00e5te \u00e5 bidra til inkludering. Det som skjer p\u00e5 frititden p\u00e5virker livet i barnehagen, og motsatt. Om dere har liten plass, kan dere f\u00e5r l\u00e5ne barnehagens lokaler.<\/p>\n<p>&nbsp;<\/p>\n<h3>Feriestengt og -avvikling<\/h3>\n<p>Kanvas-barnehagene&nbsp;holder stengt jul- og nytt\u00e5rsaften, onsdag f\u00f8r skj\u00e6rtorsdag og 5 planleggingsdager i l\u00f8pet av barnehage\u00e5ret. Barna skal i tillegg ha fire ukers ferie i l\u00f8pet av barnehage\u00e5ret. Barn som skal slutte i barnehagen m\u00e5 avvikle ferien f\u00f8r 1. august.<\/p>\n<p>Vi holder stengt 3 uker sommerferien. Som regel er dette de siste 3 ukene i juli. Hvilke uker dette er kommuniseres ut i begynnelsen av barnehage\u00e5ret.&nbsp;<\/p>\n<p>I romjulen, samt&nbsp;mandag og tirsdag f\u00f8r p\u00e5ske har vi redusert \u00e5pningstid.<\/p>\n<p>&nbsp;<\/p>\n<h3>Samtykker<\/h3>\n<p>Foreldre fyller ut et samtykkeskjema&nbsp;i MyKid&nbsp;f\u00f8r barnet starter i barnehagen. I dette skjemaet fyller dere ut om dere f.eks. tillater at det tas bilder av barnet, og om dere tillater at barnet kan bli med p\u00e5 tur med offentlig transport.<\/p>\n<p>Foreldre kan gj\u00f8re endringer i samtykkeskjemaet&nbsp;gjennom \u00e5ret.<\/p>\n<p>&nbsp;<\/p>\n<h3>Personvern<\/h3>\n<p>Alle barnehager har en lovp\u00e5lagt plikt til \u00e5 s\u00f8rge for at personopplysninger er tilfredsstillende sikret for \u00e5 unng\u00e5 krenkelser av personvernet til ansatte, barn og foreldre. Barnehagen skal gjennom planlagte og systematiske tiltak s\u00f8rge for tilfredsstillende informasjonssikkerhet med hensyn til konfidensialitet, integritet og tilgjengelighet ved behandling av personopplysninger. Personopplysninger skal ikke lagres lenger enn det som er n\u00f8dvendig.<\/p>\n<h2>Samtykke<\/h2>\n<p>Lagring av personopplysninger om barn og foresatte forutsetter at samtykkeskjema er fylt ut og signert. Dette gj\u00f8res p\u00e5 MyKid.<\/p>\n<h2>Barnemapper<\/h2>\n<p>Hver barnehage har et digitalt barnemappearkiv der all dokumentasjon om barn som g\u00e5r i barnehagen arkiveres. Daglig leder i barnehagen, eller stedfortredende, er ansvarlig for tilgangskontroll. Kun ansatte som jobber med barnet har tilgang til mappen.<\/p>\n<p>Foresatte har normalt tilgang til informasjonen i barnemappen, for eksempel startsamtale og oppf\u00f8lgingssamtaler. Dokumenter som er utarbeidet for eventuell intern saksforberedelse kan unntas fra innsyn. Barnets foresatte har som hovedregel rett til innsyn i alt som omhandler sitt barn. For \u00e5 vurdere krav om innsyn skal barnehagen motta skriftlig henvendelse som vil bli besvart skriftlig. E-posthenvendelse regnes her som skriftlig henvendelse. Eventuelle kopier av dokumenter fra barnemappen skal leveres direkte til den som har f\u00e5tt tillatelse til innsyn.<\/p>\n<p>N\u00e5r barnet slutter i barnehagen, vil opplysningene som hovedregel enten overf\u00f8res til foresatte eller bli slettet av barnehagen. Unntak fra dette kan v\u00e6re barnehagens behov for \u00e5 dokumentere saksbehandling i en konkret sak knyttet til et barn, for eksempel en barnevernssak.<\/p>\n<h2>Trygg h\u00e5ndtering av digitale enheter<\/h2>\n<p>Av personvernhensyn skal ikke digitale kommunikasjonsmidler (eks. smartklokke, mobiltelefon e.l.) medbringes barnehagen.<\/p>\n<p>Alle digitale enheter som benyttes i jobbsammenheng, som PC, nettbrett og mobiltelefon, skal v\u00e6re passordbeskyttet. PC og nettbrett skal oppbevares nedl\u00e5st etter \u00e5pningstid. Personlige enheter skal som en hovedregel ikke benyttes i jobbsammenheng. To-faktor autentisering ved p\u00e5logging m\u00e5 benyttes der enhet&nbsp;benyttes til annet enn n\u00f8dstilfelle.&nbsp;<\/p>\n<h2>Bilder av barn &#8211; retningslinjer for ansatte<\/h2>\n<p>Det kan kun tas identifiserbare bilder av barn som er godkjent for fotografering, og bildene kan kun deles etter godkjenning fra foresatte &#8211; ref. samtykkeskjema. Alle Kanvas-barnehager utarbeider egne retningslinjer for h\u00e5ndtering av bilder av barn.<\/p>\n<h2>Bilder av barn &#8211; retningslinjer for foresatte<\/h2>\n<p>Det skal ikke&nbsp;deles bilder av andres barn uten samtykke fra barnas foresatte. Det gjelder alle arrangementer tilknyttet barnehagen, inkludert det som skjer utenfor barnehagens omr\u00e5de. Dette baseres p\u00e5 personvernloven og Datatilsynets retningslinjer for personvern i barnehagen, samt deres veileder om bilder av barn. Se folderen &laquo;I beste mening&raquo; om bilder av barn her: <a href=\"https:\/\/www.datatilsynet.no\/personvern-pa-ulike-omrader\/skole-barn-unge\/bilder-av-barn-pa-nett\/\">https:\/\/www.datatilsynet.no\/personvern-pa-ulike-omrader\/skole-barn-unge\/bilder-av-barn-pa-nett\/<\/a><\/p>\n<ul>\n<li>\n<p>Hovedregelen er at du alltid skal be om samtykke fra alle som direkte eller indirekte kan gjenkjennes p\u00e5 et bilde f\u00f8r det publiseres. Hvis de som er avbildet er under 15 \u00e5r, m\u00e5 ogs\u00e5 de foresatte samtykke til publiseringen. Hvis du deler bilder uten lov, vil du i verste fall kunne havne i straffansvar. Dette gjelder enten bildet skal deles \u00e5pent p\u00e5 en nettside, p\u00e5 en lukket Facebook-side eller via epost.<\/p>\n<\/li>\n<li>\n<p>Vi m\u00e5 v\u00e6re s\u00e6rlig bevisste p\u00e5 reglene i situasjoner hvor ogs\u00e5 andres barn kommer med p\u00e5 bildene som tas, for eksempel p\u00e5 en Lucia-frokost i barnehagen. Der er det lett \u00e5 f\u00e5 med andre barn p\u00e5 bildet. Da er det viktig at vi sp\u00f8r de foresatte om lov f\u00f8r det deles. Vi vet aldri hvilke situasjoner andre mennesker er i, og mange kan ha gode grunner til \u00e5 ikke ha bilder av seg selv p\u00e5 nett. Dessuten er det et godt nok argument rett og slett \u00e5 ikke \u00f8nske en slik tilstedev\u00e6relse.<\/p>\n<\/li>\n<li>\n<p>Unntak: P\u00e5 noen bilder er det selve situasjonen, eller aktiviteten, som er hovedtema. Hvilke personer som er p\u00e5 bildet er da mindre viktig. Dette kan for eksempel gjelde avstandsbilder av et 17. maitog. Slike bilder kan deles uten tillatelse fra de avbildede s\u00e5 lenge bildene er harml\u00f8se og ikke p\u00e5 noen m\u00e5te kan f\u00f8les krenkende for de som er avbildet. Ha likevel som hovedregel alltid \u00e5 sp\u00f8rre alle p\u00e5 bildet f\u00f8r det deles for ikke \u00e5 tr\u00e5 feil. Det er dessuten en h\u00f8flig gest \u00e5 sp\u00f8rre dem det gjelder f\u00f8r bildet i det hele tatt tas, s\u00e5 langt det lar seg gj\u00f8re.<\/p>\n<\/li>\n<\/ul>\n<p>&nbsp;<\/p>\n<h3>Sikkerhet\/HMS<\/h3>\n<p>Her i Hompetitten tar vi barnas sikkerhet p\u00e5 alvor. Vi har rutiner for \u00e5 ivareta sikkerheten til barna blant annet i inne- og utelek, samt p\u00e5 tur og under soving. Vi gjennomg\u00e5r rutinene hver h\u00f8st og ellers ved behov.<\/p>\n<p>Vi har noen retningslinjer for hva som b\u00f8r unng\u00e5s av kl\u00e6r og utstyr i barnehagen for \u00e5 ikke utsette barn for kvelningsfare:<\/p>\n<ul>\n<li>Bruk buff eller hals istedenfor skjerf.<\/li>\n<li>Unng\u00e5 helst hettegensere eller andre plagg med fastsydd hette. Det meste av parkdresser og regnt\u00f8y har hetter med glidel\u00e5s\/knapper som l\u00f8sner om barna blir hengende fast i noe.<\/li>\n<li>Unng\u00e5 drikkeflasker med snorer til \u00e5 henge rundt halsen.<\/li>\n<li>Fjern snorer fra barnas kl\u00e6r hvis de kan utsette barnet for kvelningsfare.<\/li>\n<li>Ikke heng sykkelhjelmer tilgjengelig for barna i garderoben.<\/li>\n<li>Ikke ta med tau, hoppetau eller hoppestrikk hjemmefra. Her i barnehagen f\u00e5r barna kun leke med tau n\u00e5r det er voksne tilstede.<\/li>\n<li>Sykler (b\u00e5de voksensykler og barnesykler) parkeres utenfor barnehagens omr\u00e5de.<\/li>\n<\/ul>\n<h3>Sykt barn<\/h3>\n<p>Kanvas f\u00f8lger&nbsp;<a href=\"https:\/\/www.fhi.no\/sm\/barnehage\/nar-ma-barnet-vare-hjemme-fra-barne\/\" target=\"_blank\" rel=\"noopener\">folkehelseinstituttets retningslinjer for syke barn<\/a>.<\/p>\n<p><strong>Allmenntilstand<\/strong>: Det er barnets allmenntilstand som avgj\u00f8r om barnet kan g\u00e5 i barnehagen eller b\u00f8r v\u00e6re hjemme.&nbsp;Det er mer krevende for et barn som ikke er i form \u00e5 v\u00e6re i barnehagen enn \u00e5 v\u00e6re hjemme. Barnehagen kontakter foreldre for henting dersom barnet f\u00e5r nedsatt allmenntilstand i l\u00f8pet av dagen. Som hovedregel b\u00f8r barnet v\u00e6re friskt nok til \u00e5 kunne delta i normale aktiviteter i barnehagen b\u00e5de inne og ute. Barnet skal ikke ha feber.<\/p>\n<p><strong>Smittevern<\/strong>: Foreldre og barnehagen m\u00e5 sammen ta ansvar for \u00e5 begrense smitte og sykdom hos barn og ansatte. Viktige tiltak er:<\/p>\n<ul type=\"disc\">\n<li>God h\u00e5ndhygiene ved levering og henting. Alle barn, ansatte og foreldre vasker hendene n\u00e5r de kommer til og g\u00e5r fra barnehagen.<\/li>\n<li>Barnehagen gjennomf\u00f8rer gode hygiene- og renholdsrutiner gjennom dagen i stellesituasjoner, m\u00e5ltider, etter utetid mm.<\/li>\n<li>Syke og smittsomme barn holdes hjemme.<\/li>\n<li>Barn med akutt&nbsp;diar\u00e9\/omgangssyke&nbsp;kommer tilbake til barnehagen 48 timer etter at de har blitt symptomfrie.<\/li>\n<li>Barnehagen informerer foreldre ved utbrudd av smittsomme sykdommer. Ved utbrudd av alvorlig smittsomme sykdommer gis informasjon i samarbeid med helsemyndigheter.<\/li>\n<\/ul>\n<p><strong>Taushetsplikt<\/strong>: Personalet har taushetsplikt, noe som inneb\u00e6rer at de ikke kan svare p\u00e5 hvem som har hvilken sykdom.<\/p>\n<h3>Medisiner<\/h3>\n<p>Barnehagen har ikke formell kompetanse i medisinh\u00e5ndtering. Av hensyn til barnas sikkerhet og for \u00e5 unng\u00e5 feilmedisinering, ber vi om at all medisinering skjer hjemme, s\u00e5 langt det lar seg gj\u00f8re. Dette gjelder ogs\u00e5 reseptfrie legemidler.<\/p>\n<p>Dette inneb\u00e6rer:<\/p>\n<ul type=\"disc\">\n<li>Ta opp med barnets lege at medisiner b\u00f8r kunne gis i hjemmet utenom barnehagetiden.<\/li>\n<li>Dersom barnet m\u00e5 ha medisiner i l\u00f8pet av dagen (for eksempel ved kronisk sykdom), skal foresatte alltid fylle ut skjemaer som blant annet bekrefter type legemiddel, riktig dose og hvem av de ansatte som kan gi medisiner. Skjemaene finnes i MyKid.<\/li>\n<li>Ansatte som skal gi medisiner m\u00e5 f\u00e5 n\u00f8dvendig oppl\u00e6ring av foreldrene. Dette gjelder ogs\u00e5 akuttmedisiner (som for eksempel EpiPen eller astmamedisin).<\/li>\n<\/ul>\n<p><b>Jodtablett ved atomulykke: <\/b><\/p>\n<p>Jodtabletter er lagret i barnehagen. Barnehagen vil gi barna jodtablett hvis <a href=\"https:\/\/eur02.safelinks.protection.outlook.com\/?url=https%3A%2F%2Fdsa.no%2Fatomberedskap%2Fatomberedskap-i-norge%23Kriseutvalget&amp;data=05%7C01%7Csynne.alsaker%40kanvas.no%7C2e276ba5385e4e2564bc08dbd071bd34%7Cb524c8d5c57340f7bb15f5b5befb0174%7C0%7C0%7C638332959180113169%7CUnknown%7CTWFpbGZsb3d8eyJWIjoiMC4wLjAwMDAiLCJQIjoiV2luMzIiLCJBTiI6Ik1haWwiLCJXVCI6Mn0%3D%7C3000%7C%7C%7C&amp;sdata=wPSP4R5XFZk%2F1Q3IC%2F2cYWtXClxcGJYGsDnWuPyiEDQ%3D&amp;reserved=0\">Kriseutvalget for atomberedskap<\/a> anbefaler at jodtabletter skal brukes. Ved en atomulykke kan det v\u00e6re viktig at barn og unge f\u00e5r jodtabletter raskt. Du som foresatt m\u00e5 gi beskjed til barnehagen v\/daglig leder, hvis du <u>ikke<\/u> \u00f8nsker at barnet skal f\u00e5 jodtablett. &nbsp;&nbsp;<\/p>\n<p><b>Hvorfor jodtablett:<\/b> Hvis det skjer en atomulykke i Norge eller i n\u00e6rheten av Norge, kan radioaktivt jod bli spredd gjennom luften i s\u00e5 store mengder at det er fare for at dette stoffet blir tatt opp i kroppen. Jodtabletter blokkerer opptaket av radioaktivt jod i skjoldbruskkjertelen. P\u00e5 denne m\u00e5ten beskytter jodtabletter mot radioaktivitet og gj\u00f8r at det er mindre risiko for at kreft i denne kjertelen. Derfor anbefaler norske myndigheter at barn og unge under 18 \u00e5r f\u00e5r en jodtablett hvis det skjer en atomulykke som utsetter dem for radioaktivt jod. Det er meget sjelden at noen f\u00e5r bivirkninger etter \u00e5 ha f\u00e5tt jodtablett \u00e9n gang. Ved tvil b\u00f8r du snakke med barnets lege.<\/p>\n<h3>Frav\u00e6r og vikarer<\/h3>\n<p>Ved behov benytter barnehagen seg av vikarer. Vi holder foresatte oppdatert om frav\u00e6r blant ansatte og om eventuell bruk av&nbsp;vikar.<\/p>\n<p>Alle vikarer m\u00e5 levere politiattest f\u00f8r oppstart, slik \u00f8vrige ansatte gj\u00f8r. <u>Nye<\/u> vikarer g\u00e5r ikke yttervakter og er heller ikke alene med barna. Vi etterstreber \u00e5 ikke bruke nye vikarer sammen med de minste barna.<\/p>\n<p>Vi skriver p\u00e5 MyKid oppslagstavlen n\u00e5r ansatte er borte og det er vikarer. Vi h\u00e5per samtidig p\u00e5 forst\u00e5else for at det i en hektisk hverdan kan glippe.&nbsp;<\/p>\n<p>&nbsp;<\/p>\n<h3>Forsikring<\/h3>\n<p>Barn som g\u00e5r i en Kanvas-barnehage&nbsp;er forsikret i KLP Skadeforsikring. Forsikringen gjelder innenfor barnehagens omr\u00e5de, og p\u00e5 utflukter, reiser og lignende som arrangeres av barnehagen. I tillegg er barnet forsikret p\u00e5 direkte reise til\/fra barnehagen.&nbsp;<\/p>\n<p>Vi gj\u00f8r oppmerksom p\u00e5 at skadeforsikringen kun gjelder personskader knyttet til ulykker. Eiendeler er alts\u00e5 ikke dekket av denne forsikringen. Dersom man har dyre eiendeler i barnehagen, som briller, vogn el., anbefaler vi at dette inkluderes i foresattes egne forsikringer.<\/p>\n<p><a href=\"https:\/\/www.klp.no\/offentlig\/forsikring\/elevforsikringer\" target=\"_blank\" rel=\"noopener\">Les mer om forsikringen her.<\/a><\/p>\n<h3>Foreldrebetaling<\/h3>\n<p>Maksimalgrensen for foreldrebetaling for et heldags ordin\u00e6rt barnehagetilbud er 1200 kroner per m\u00e5ned fra 1.&nbsp;august 2025.<\/p>\n<p>Kanvas f\u00f8lger maksimalgrensen for foreldrebetaling.<\/p>\n<\/p><\/div>\n<div id=\"barnehagehverdagen\">\n<h2>Barnehagehverdagen<\/h2>\n<figure class=\"wp-block-image has-image-ratio-16-9 size-full\"><img decoding=\"async\" src=\"https:\/\/backstage.mykid.no\/_ajax\/download?t=eyJ0eXAiOiJKV1QiLCJhbGciOiJIUzI1NiJ9.eyJpYXQiOjE3NzY2ODc1ODYsImV4cCI6MjA5MjY4NzU4NiwiZmlsZV9pZCI6IklEeUhGWTNPK1JkT0JNSXo2WnBzOVUwTWFKa1ZwWXRZMHhoZEIwUHl6NlVJblhwYnFOSnREbEd4QTF6ajYvMmx4RVdCLzJzVnFtV1dRT2ViTzJrUE9ON2dJWk1kNDJZYjdrdHFiTHNOZ1VicFZNeEpKdVFtV1RjcDdLc2ZXR2txS0JONW5Id0dRYkhPWWkya0puZW9VU1NRUENFY0xOQXpWNHEzSlZkNnBiTT0iLCJmaWxlbmFtZSI6IjZfMF8yMGViYTdlZTk0NDkxMDUyY2M2Njc5MzQ5ZjFhNDk4YS5qcGcifQ.PZFa9NORvsQugP5Zfr-Qjppn0Ei_t3G-IXXX2Sd9PQc\" alt=\"\" \/><\/figure>\n<\/p><\/div>\n<div id=\"foreldresamarbeid\">\n<h2>Foreldresamarbeid<\/h2>\n<figure class=\"wp-block-image has-image-ratio-16-9 size-full\"><img decoding=\"async\" src=\"https:\/\/backstage.mykid.no\/_ajax\/download?t=eyJ0eXAiOiJKV1QiLCJhbGciOiJIUzI1NiJ9.eyJpYXQiOjE3NzY2ODc1ODYsImV4cCI6MjA5MjY4NzU4NiwiZmlsZV9pZCI6Ik9ZQXBUMGZvbnZsS0dKRk5MY0JhQ2NmMkhqSUJpMGxmWHAwSlZIeld0OHlUL0JlL0NaZEhtSmZ5aldiMCtlUzYvYVEvalVOendWOW9BVnZDTk0xc1NOK3NheDN0cXdRTDIvS0RvZUZBTmxZakJON3JFVFpmZVB4V3JvTmU2NnYyOXlJZ0Zzdk1YcnpYV01kS1Z0eDc5MVNvTEl5UFlFM0J3VEFyTnpOK0ViTT0iLCJmaWxlbmFtZSI6IjZfMF8yMjQzZjNhYTQ1NmQ0ZjQ1NDJjOTlkNTE2MWFmMzgzNi5qcGcifQ.-A8ItjqBx6BilLKeUWIMhg6rpjwCT2dsa0LbMXAfupw\" alt=\"\" \/><\/figure>\n<h3>MyKid<\/h3>\n<p>Kanvas-barnehagene benytter seg av kommunikasjonsportalen MyKid.<\/p>\n<p>&nbsp;<\/p>\n<p>Vi bruker MyKid aktivt for \u00e5 dele informasjon med dere, blant annet:<\/p>\n<p>I kalenderen finner dere aktiviteter og arrangementer, samt meny.<\/p>\n<p>Vi skriver &quot;Dagen idag&quot;.<\/p>\n<p>Under nyhetsbrev ligger m\u00e5nedsbrev og annen info, b\u00e5de fra avdelingene og hele barnehagen.<\/p>\n<p>Vi bruker post it for&nbsp;\u00e5 dele viktig info med dere.<\/p>\n<p>Dere registrere om barnet har ferie, er syk eller annen info om levering\/henting&nbsp;(i ferier \u00f8nkser vi at dere ogs\u00e5 &quot;melder p\u00e5&quot; barnet ved \u00e5 registrere om barnet kommer).<\/p>\n<p>Vi ber om at dere jevnlig (hver dag?) tar en titt innom MyKid for \u00e5 holde dere oppdatert.<\/p>\n<p>Dere finner mye informasjon i MyKid. Er det noe dere ikke finner, eller informasjon dere savner, s\u00e5 ta kontakt med oss.<\/p>\n<p>&nbsp;<\/p>\n<p>&nbsp;<\/p>\n<h3>Startsamtale, foreldresamtaler og foreldrem\u00f8ter<\/h3>\n<p>Kort tid etter barnehagestart gjennomf\u00f8rer vi en startsamtale der form\u00e5let er \u00e5 bli bedre kjent med barnet og familien.<\/p>\n<p>Etter startsamtalen tilbys foresatte en foreldresamtale 2 ganger per \u00e5r. Hensikten med foreldresamtalen er \u00e5 f\u00e5 til en god dialog om barnets trivsel og utvikling hjemme og i barnehagen,&nbsp;for \u00e5 kunne&nbsp;legge til rette for en god barnehagehverdag og videre utvikling for barnet, og&nbsp;et godt og konstruktivt foreldresamarbeid.<\/p>\n<p>Kanvas-barnehagene gjennomf\u00f8rer ogs\u00e5 foreldrem\u00f8te \u00e9n eller to ganger i \u00e5ret.<\/p>\n<p>Les mer om startsamtalen,&nbsp;foreldresamtalene og foreldrem\u00f8tene her:&nbsp;<a href=\"https:\/\/www.kanvas.no\/2023\/07\/06\/startsamtale-foreldresamtaler-og-foreldremoter\/\">Startsamtale, foreldresamtaler og foreldrem\u00f8ter &#8211; Kanvas<\/a><\/p>\n<p>Et godt samarbeid og en god dialog med der eer viktig for oss. Dere skal f\u00e5 tilbud om foreldresamtaler 2 ganger pr \u00e5r. Pedagogisk leder p\u00e5 vher avdeling henger opp lapper med tider p\u00e5 avdelingen, eller legger ut tider i MyKid. Dette er en fin mulighet til \u00e5 ha en god dialog om barnets utvikling, og en fin mulighet til \u00e5 snakke om ting som ang\u00e5r barnet i roligere former enn ved levering og henting. Det er heller ikke alt som egner seg \u00e5 snakke om mens eget og andres barn, og andre voksne er ri n\u00e6rheten.<\/p>\n<p>Vi har foreldrem\u00f8te p\u00e5 h\u00f8sten. P\u00e5 dette m\u00f8tet har vi f\u00f8rst en felles&nbsp;del med litt overordnet informasjon fra ledelse, f\u00f8r dere g\u00e5r avdelingsvis for \u00e5 snakke om h\u00f8sten og \u00e5ret som ligger foran. Vi \u00f8nsker oss at alle barn er representert med&nbsp;en foresatt hver.&nbsp;Dette er en fin mulighet til \u00e5 bli kjent med de andre foreldrene,&nbsp;f\u00e5 informasjon og ha meningsutveksling med b\u00e5de andre foreldre og personalet.<\/p>\n<p>Vi har ogs\u00e5 et eget foreldrem\u00f8te p\u00e5 h\u00f8sten med foreldrene til f\u00f8rskolebarna, der vi snakker om det siste \u00e5ret i barnehagen; hva vi gj\u00f8r for \u00e5 forberede barna til overgangen mellom barnehagen og skole, og hva dere foreldre kan gj\u00f8re for \u00e5 gj\u00f8re overgangen s\u00e5 fin som mulig.<\/p>\n<h3>Foreldrer\u00e5det og Samarbeidsutvalget (SU)<\/h3>\n<p>Foreldrer\u00e5det best\u00e5r av de foresatte til barna i barnehagen. Foreldrer\u00e5det skal fremme foreldrenes fellesinteresser&nbsp;og samarbeide med barnehagen om et&nbsp;barnehagemilj\u00f8 for barna. Foreldrer\u00e5det velger foreldrerepresentanter til samarbeidsutvalget (SU).<\/p>\n<p>Alle barnehager er p\u00e5lagt \u00e5 ha et samarbeidsutvalg. SU skal v\u00e6re et r\u00e5dgivende, kontaktskapende og samordnende organ, og best\u00e5r av foresatte og ansatte i barnehagen. Foreldrer\u00e5det og samarbeidsutvalget skal bli forelagt, og har rett til \u00e5 uttale seg i, saker som er viktige for foreldrenes forhold til barnehagen. Samarbeidsutvalget skal med utgangspunkt i rammeplanen vedta en \u00e5rsplan for den pedagogiske virksomheten. Informasjon om hvilke foreldre som er valgt som SU-representanter, samt kontaktinformasjon til disse, deles p\u00e5 MyKid.<\/p>\n<h3>Foreldreunders\u00f8kelsen<\/h3>\n<p>Kanvas-barnehagene deltar \u00e5rlig i den nasjonale foreldreunders\u00f8kelsen. I foreldreunders\u00f8kelsen f\u00e5r foresatte si sin mening om barnehagetilbudet, barnas trivsel og samarbeidet mellom hjem og barnehage.&nbsp;<\/p>\n<p>Unders\u00f8kelsen gjennomf\u00f8res mellom 6. januar og 31. januar. Resultatene blir tilgjengelig i februar.&nbsp;<\/p>\n<p>Resultatene fra foreldreunders\u00f8kelsen brukes av barnehagen som en hjelp til \u00e5 vurdere og utvikle barnehagetilbudet. Vi oppfordrer alle foreldre til \u00e5 delta p\u00e5 unders\u00f8kelsen.<\/p>\n<p>&nbsp;<\/p>\n<\/p><\/div>\n<div id=\"arshjul\">\n<h2>\u00c5rshjul<\/h2>\n<figure class=\"wp-block-image has-image-ratio-16-9 size-full\"><img decoding=\"async\" src=\"https:\/\/backstage.mykid.no\/_ajax\/download?t=eyJ0eXAiOiJKV1QiLCJhbGciOiJIUzI1NiJ9.eyJpYXQiOjE3NzY2ODc1ODYsImV4cCI6MjA5MjY4NzU4NiwiZmlsZV9pZCI6ImdIb1YzcFJIbytDVW5XeTRYblRCZVBmY0M4bjYwOTB1Z3JtbkgweW1GK1JPUkN3aWg0T2trcWJIbUhxNXY0WGRjVFpVVk0rLy9XM1puRnlzNi9RUkhMbHMveTlsbXJybGtkY2tLZENxdnAxUEM4QmJ1ZGpuODFaZjlLU0srUXNDR0N6cS9KY25lVDRYV1l2TjRIYlpZckFGNmZ6NWNSRkQ1QkpmKzE1L0hZOD0iLCJmaWxlbmFtZSI6IjZfMF85NjFmN2FiZTk0ZmJhZmYzYWI2MDIwNWVlOGVkMWQwYi5qcGcifQ.UkIPfoQt9V0LW6vMR_F9XIdwspvPPVpFYvWKBw4t_N0\" alt=\"\" \/><\/figure>\n<div class=\"calendar-outer\">\n<div class=\"calendar-container \">\n<div class=\"calendar-wrapper\">\n<div class=\"calendar-content\">\n<div class=\"calendar-left\">\n\t\t\t\t\t\t\t13. mai 2026\n\t\t\t\t\t\t\t<\/div>\n<div class=\"calendar-right\">\n<div class=\"calendar-inner\">\n<p>17.maifeiring i barnehagen<\/p>\n<\/p><\/div>\n<\/p><\/div>\n<\/p><\/div>\n<\/p><\/div>\n<\/p><\/div>\n<div class=\"calendar-container \">\n<div class=\"calendar-wrapper\">\n<div class=\"calendar-content\">\n<div class=\"calendar-left\">\n\t\t\t\t\t\t\t15. mai 2026\n\t\t\t\t\t\t\t<\/div>\n<div class=\"calendar-right\">\n<div class=\"calendar-inner\">\n<p>Planleggingsdag<\/p>\n<\/p><\/div>\n<\/p><\/div>\n<\/p><\/div>\n<\/p><\/div>\n<\/p><\/div>\n<div class=\"calendar-container \">\n<div class=\"calendar-wrapper\">\n<div class=\"calendar-content\">\n<div class=\"calendar-left\">\n\t\t\t\t\t\t\t1-30. jun 2026\n\t\t\t\t\t\t\t<\/div>\n<div class=\"calendar-right\">\n<div class=\"calendar-inner\">\n<p>Mangfoldsm\u00e5ned<\/p>\n<\/p><\/div>\n<\/p><\/div>\n<\/p><\/div>\n<\/p><\/div>\n<\/p><\/div>\n<div class=\"calendar-container \">\n<div class=\"calendar-wrapper\">\n<div class=\"calendar-content\">\n<div class=\"calendar-left\">\n\t\t\t\t\t\t\t6-24. jul 2026\n\t\t\t\t\t\t\t<\/div>\n<div class=\"calendar-right\">\n<div class=\"calendar-inner\">\n<p>Feriestengt uke 28, 29,30<\/p>\n<\/p><\/div>\n<\/p><\/div>\n<\/p><\/div>\n<\/p><\/div>\n<\/p><\/div>\n<\/p><\/div>\n<\/p><\/div>\n<\/div>\n","protected":false},"excerpt":{"rendered":"<p>I informasjonsheftet finner du praktisk informasjon om barnehagen.<\/p>\n","protected":false},"author":1,"featured_media":0,"comment_status":"closed","ping_status":"closed","sticky":false,"template":"","format":"standard","meta":[],"categories":[1],"tags":[],"acf":[],"_links":{"self":[{"href":"https:\/\/www.kanvas.no\/hompetitten\/wp-json\/wp\/v2\/posts\/9155"}],"collection":[{"href":"https:\/\/www.kanvas.no\/hompetitten\/wp-json\/wp\/v2\/posts"}],"about":[{"href":"https:\/\/www.kanvas.no\/hompetitten\/wp-json\/wp\/v2\/types\/post"}],"author":[{"embeddable":true,"href":"https:\/\/www.kanvas.no\/hompetitten\/wp-json\/wp\/v2\/users\/1"}],"replies":[{"embeddable":true,"href":"https:\/\/www.kanvas.no\/hompetitten\/wp-json\/wp\/v2\/comments?post=9155"}],"version-history":[{"count":0,"href":"https:\/\/www.kanvas.no\/hompetitten\/wp-json\/wp\/v2\/posts\/9155\/revisions"}],"wp:attachment":[{"href":"https:\/\/www.kanvas.no\/hompetitten\/wp-json\/wp\/v2\/media?parent=9155"}],"wp:term":[{"taxonomy":"category","embeddable":true,"href":"https:\/\/www.kanvas.no\/hompetitten\/wp-json\/wp\/v2\/categories?post=9155"},{"taxonomy":"post_tag","embeddable":true,"href":"https:\/\/www.kanvas.no\/hompetitten\/wp-json\/wp\/v2\/tags?post=9155"}],"curies":[{"name":"wp","href":"https:\/\/api.w.org\/{rel}","templated":true}]}}