{"id":6508,"date":"2025-01-03T14:31:01","date_gmt":"2025-01-03T13:31:01","guid":{"rendered":"https:\/\/www.kanvas.no\/jutul\/tilvenning-i-jutul\/"},"modified":"2025-01-03T14:31:01","modified_gmt":"2025-01-03T13:31:01","slug":"tilvenning-i-jutul","status":"publish","type":"post","link":"https:\/\/www.kanvas.no\/jutul\/tilvenning-i-jutul\/","title":{"rendered":"Tilvenning i Jutul."},"content":{"rendered":"<p>Hjerteligvelkommen til Jutul Kanvas-barnehage. Vi gleder oss til \u00e5 bli kjent med barnet ditt og med deg.<\/p>\n<p><strong>M\u00e5let med tilvenningsdagene er at barnet finner trygghet og trivsel i et fang de kjenner.<\/strong><\/p>\n<p>\u00c5 begynne i barnehagen er en ny situasjon b\u00e5de for barnet og for dere som foreldre. Dere kommer med det kj\u00e6reste dere eier og vi har stor forst\u00e5else for at dette er s\u00e5rbart. Vi \u00f8nsker derfor \u00e5 gj\u00f8re tilvennings perioden s\u00e5 trygg og god som mulig.<\/p>\n<p>N\u00e5r dere f\u00e5r plass hos oss, vil dere i god tid f\u00f8r dere begynner bli kontaktet av pedagogiskleder p\u00e5 avdelingen. Dere kan gjerne komme p\u00e5 bes\u00f8k f\u00f8r dere begynner om dere \u00f8nsker det.<\/p>\n<p>P\u00e5 grunn av individuelle forskjeller mellom barna er vanskelig \u00e5 legge n\u00f8yaktig opp hvordan tilvenningsdagene blir. Noen barn er veldig \u00e5pne og nysgjerrige, mens andre barn trenger mer tid og det er helt i orden. Vi er opptatt av \u00e5 ta barnet p\u00e5 alvor. Vi tar derfor hensyn til de individuelle forskjellene. Vi vil alltid ha barnets trivsel og trygghet i fokus.<\/p>\n<p>Om dette er en helt ny erfaring for barnet, h\u00e5per vi at du har muligheten til \u00e5 sette av en uke til tilvenning og at du uken etter kan gi barnet kortere dager. Om dere er to foreldre, \u00f8nsker vi at dere ikke kommer samtidig, men bytter p\u00e5 hvem som kommer. Dette kommer av at det kan v\u00e6re overveldende for de andre barna med to fremmende voksne p\u00e5 avdelingen.<\/p>\n<p>Vi er \u00e5pne for lengre tilvenning om dere \u00f8nsker det, men da etter avtale med oss.<\/p>\n<p>Tilvenning for barn som tidligere har g\u00e5tt i barnehage, vil som regel g\u00e5 raskere. De er allerede vant til \u00e5 v\u00e6re i barnehage og har erfart at n\u00e5r mamma og pappa g\u00e5r, kommer de ogs\u00e5 tilbake. Men de trenger fortsatt litt tid p\u00e5 \u00e5 bli trygge. De kjenner jo ikke oss og de andre barna enda. Derfor er det lurt at dere er med barnet en liten stund,&nbsp; at dere har litt tid n\u00e5r dere leverer om morgenen og om mulig gir barnet kortere dager i starten. Her vil det v\u00e6re individuelle forskjeller mellom barna p\u00e5 hvilket behov de har.<\/p>\n<p><strong>Form\u00e5let med dagene og hva vi syns er viktig:<\/strong><\/p>\n<ul>\n<li><strong>Trygg p\u00e5 en voksen. <\/strong>Det aller viktigste med tilvenningsdagene er at barnet finner tryggehet hos en voksen p\u00e5 avdelingen. Dette blir barnets tilvenningsperson. Etter hvert vil barnet f\u00f8le seg trygg p\u00e5 alle de voksne p\u00e5 avdelingen, men i starten er det godt \u00e5 bare ha en \u00e5 forholde seg til. N\u00e5r du som foreldre merker at barnet begynner \u00e5 bli trygg og slipper den nye voksne inn p\u00e5 seg, er det fint om du trekker deg litt tilbake.<\/li>\n<\/ul>\n<ul>\n<li><strong>At barnet gradvis blir kjent med dagsrytmen slik at dagen blir forutsigbar og kjent. <\/strong>&nbsp;Vi voksne kan lese oss til hvordan dagsrytmen er, men barn trenger \u00e5 erfare dette selv. Forutsigbarhet skaper trygghet.<\/li>\n<\/ul>\n<ul>\n<li><strong>At barnet gradvis f\u00e5r erfare at n\u00e5r dere g\u00e5r, kommer dere ogs\u00e5 tilbake. <\/strong>N\u00e5r og hvordan vi gj\u00f8r dette avtaler vi sammen. Det er viktig at dere ikke sniker dere ut, men gj\u00f8r barnet oppmerksom p\u00e5 at dere g\u00e5r. Vi skj\u00f8nner at dere \u00f8nsker \u00e5 snike dere ut i h\u00e5p om at barnet ikke skal gr\u00e5te, men om barnet erfarer at dere plutselig blir borte, vil det heller f\u00f8re til \u00f8kt utrygghet hos barnet. Barnet vil da holde dere fast i frykt for at dere plutselig skal bli borte slik som sist. Derfor vil vi at dere gj\u00f8r barnet oppmerksom p\u00e5 at dere g\u00e5r, selv om det kan v\u00e6re trist. Vi kan heller ringe dere etterp\u00e5 og fortelle \u00e6rlig hvordan det g\u00e5r. I starten er dere borte bare en liten stund. Etter hvert som vi ser at det g\u00e5r bedre, \u00f8ker vi lengden. Dere kan gjerne sitte p\u00e5 m\u00f8terommet v\u00e5rt om dere vil mens dere er borte fra avdelingen eller ta dere en tur i n\u00e6rmilj\u00f8et.<\/li>\n<\/ul>\n<ul>\n<li><strong>At dere foreldre blir kjent med oss. <\/strong>Disse dagene gir oss en unik mulighet til \u00e5 bli kjent med hverandre. Det er dere som kjenner barnet best. Denne kunnskapen \u00f8nsker vi at dere deler med oss, slik at vi kan ta vare p\u00e5 barnet p\u00e5 best mulig m\u00e5te. Dette skjer b\u00e5de uformelt under dagene av tilvenning, men ogs\u00e5 under start samtalen vi har i l\u00f8pet av de f\u00f8rste ukene.<\/li>\n<\/ul>\n<p>F\u00f8rste dagen kommer dere etter avtale, ca kl: 9:30. Dere er sammen med barnet hele tiden og blir i barnehagen frem til vi spiser ca kl:11. Selv om barnet virker trygg og syns dette er kjempe spennende, er det likevel lurt \u00e5 avslutte dagen er v\u00e5r erfaring. Barnet f\u00e5r da gode minner om barnehagen og det blir g\u00f8y \u00e5 komme tilbake dagen etter. Neste dag kommer dere til samme tid og blir lengre. Hvordan vi legger opp dagene videre er ofte individuelt alt etter hvordan barnet syns dette er.<\/p>\n<p><strong>Hva \u00f8nsker vi at dere tar med de f\u00f8rste dagene?<\/strong><\/p>\n<ul>\n<li>Bleier og kl\u00e6r til skift.<\/li>\n<li>Drikkeflaske<\/li>\n<li>Ta gjerne med smokker, bamse, koseklut eller lignende som barnet er vant med.<\/li>\n<li>Bilder av dere foreldre, s\u00f8sken, besteforeldre, tanter og onkler som barnet kjenner.<\/li>\n<\/ul>\n<p>Dere vil f\u00e5 mer informasjon fra oss n\u00e5r dere begynner om hva barnet trenger \u00e5 ha med seg i barnehagen, hva MyKid er, om hvordan vi jobber og hva vi syns er viktig . Vi forst\u00e5r at det kan v\u00e6re mye nytt og at det kan v\u00e6re litt overveldende, spesielt den f\u00f8rste tiden. S\u00e5 ikke v\u00e6r redd for \u00e5 sp\u00f8rre oss om alt mulig. Sp\u00f8r gjerne igjen om dere har glemt noe eller ikke forstod hva vi svarte f\u00f8rste gang dere spurte. Hvordan du har det og din trygghet er viktig for oss.<\/p>\n<p>Vi \u00f8nsker \u00e5 ta godt vare p\u00e5 den skj\u00f8nne gaven dere kommer med til oss, denne lille nye verdensborgeren, helt i starten av livet. Vi gleder oss til \u00e5 bli kjent med dere. Har dere sp\u00f8rsm\u00e5l, er det bare \u00e5 ta kontakt.<\/p>\n","protected":false},"excerpt":{"rendered":"<p>Hjertelig velkommen. Vi gleder oss til \u00e5 bli kjent med barnet ditt og med deg. Her f\u00e5r dere innblikk i v\u00e5re tanker og v\u00e5re \u00f8nsker for disse dagene.  <\/p>\n","protected":false},"author":1,"featured_media":0,"comment_status":"closed","ping_status":"closed","sticky":false,"template":"","format":"standard","meta":[],"categories":[1],"tags":[],"acf":[],"_links":{"self":[{"href":"https:\/\/www.kanvas.no\/jutul\/wp-json\/wp\/v2\/posts\/6508"}],"collection":[{"href":"https:\/\/www.kanvas.no\/jutul\/wp-json\/wp\/v2\/posts"}],"about":[{"href":"https:\/\/www.kanvas.no\/jutul\/wp-json\/wp\/v2\/types\/post"}],"author":[{"embeddable":true,"href":"https:\/\/www.kanvas.no\/jutul\/wp-json\/wp\/v2\/users\/1"}],"replies":[{"embeddable":true,"href":"https:\/\/www.kanvas.no\/jutul\/wp-json\/wp\/v2\/comments?post=6508"}],"version-history":[{"count":0,"href":"https:\/\/www.kanvas.no\/jutul\/wp-json\/wp\/v2\/posts\/6508\/revisions"}],"wp:attachment":[{"href":"https:\/\/www.kanvas.no\/jutul\/wp-json\/wp\/v2\/media?parent=6508"}],"wp:term":[{"taxonomy":"category","embeddable":true,"href":"https:\/\/www.kanvas.no\/jutul\/wp-json\/wp\/v2\/categories?post=6508"},{"taxonomy":"post_tag","embeddable":true,"href":"https:\/\/www.kanvas.no\/jutul\/wp-json\/wp\/v2\/tags?post=6508"}],"curies":[{"name":"wp","href":"https:\/\/api.w.org\/{rel}","templated":true}]}}