{"id":5081,"date":"2026-04-20T13:19:10","date_gmt":"2026-04-20T12:19:10","guid":{"rendered":"https:\/\/www.kanvas.no\/kjenndalslia\/arsplan\/"},"modified":"2026-04-20T13:19:10","modified_gmt":"2026-04-20T12:19:10","slug":"arsplan","status":"publish","type":"post","link":"https:\/\/www.kanvas.no\/kjenndalslia\/arsplan\/","title":{"rendered":"\u00c5rsplan"},"content":{"rendered":"<div class=\"t2-featured-content-layout alignwide wp-block-t2-featured-content-layout dont-print\">\n<div class=\"t2-featured-query-post t2-featured-content wp-block-t2-featured-query-post t2-featured-content-layout-col-4 t2-featured-content-layout-col-2-mobile\">\n\t\t\t\t\t<a class=\"t2-post-link wp-block-t2-post-link\" href=\"#om-kanvas\"><\/p>\n<figure class=\"t2-post-featured-image has-image-ratio-16-9 wp-block-t2-post-featured-image\"><img decoding=\"async\" src=\"https:\/\/backstage.mykid.no\/_ajax\/download?t=eyJ0eXAiOiJKV1QiLCJhbGciOiJIUzI1NiJ9.eyJpYXQiOjE3NzY2ODc1NDksImV4cCI6MjA5MjY4NzU0OSwiZmlsZV9pZCI6InE2UnFSVlNySk92aU00SUlxeFJhUmJmeEZGZ3EwdTBDTDJzYTVoa1dmWFNKUjc3RlpsVS9MaGo2c1kzVFZvYnAxZXNJR0R2YUQ3OHZ4YWVDc0wwbHdCOHd0dHRIZkp0clBlS284Ym4yR3ExZTh0N1QrelVkUHU4OGJUR3EvTzdpaFVsdEdJc3ZDa1ZDdWMyQUdmWVUyOG10bzFkbGhWQzNJd0tsNHB6VUZlVT0iLCJmaWxlbmFtZSI6IjZfMF8wYTJjNzg5ZDk2MzVkYjJmNWFjMTI2NDYwY2FjNzY3NS5qcGcifQ.T6G6u908TYIlH3n9q5KdruriUk3fDhfIAxjNYyQ4CSc\" alt=\"\" \/><\/figure>\n<div class=\"wp-block-group alignfull is-layout-flow\">\n<h2 class=\"t2-post-title wp-block-t2-post-title fluid-2\">Om Kanvas <\/h2>\n<div class=\"t2-post-excerpt wp-block-t2-excerpt\">\n\t\t\t\t\t\t\t\tHer finner du informasjon om barnehagens rammeverk, Stiftelsen Kanvas samt nyttig informasjon om barnehagen.\n\t\t\t\t\t\t\t<\/div>\n<\/p><\/div>\n<p>\t\t\t\t\t<\/a>\n\t\t\t\t<\/div>\n<div class=\"t2-featured-query-post t2-featured-content wp-block-t2-featured-query-post t2-featured-content-layout-col-4 t2-featured-content-layout-col-2-mobile\">\n\t\t\t\t\t<a class=\"t2-post-link wp-block-t2-post-link\" href=\"#kanvas-malhierarki\"><\/p>\n<figure class=\"t2-post-featured-image has-image-ratio-16-9 wp-block-t2-post-featured-image\"><img decoding=\"async\" src=\"https:\/\/backstage.mykid.no\/_ajax\/download?t=eyJ0eXAiOiJKV1QiLCJhbGciOiJIUzI1NiJ9.eyJpYXQiOjE3NzY2ODc1NDksImV4cCI6MjA5MjY4NzU0OSwiZmlsZV9pZCI6ImJjNkNPS0NQdlpwdGtKakxDZktuVldETGhXdzVlVCthdnlWOG4rRHByeTI0ejRTZTVROGxGN3NPNWtiUHJsVnpJQzRUVnVnbitPNGlPanF2bWNBZnJqMFcxVjZ0T2ZHVzlIM0NKWGFBd3kyUXBSZ0VRRnJmMDRHUkZ5UXc1UVZaQVZQY0tyUkZ3NytRR2Q4czlBQ3lCK3kyelNza0dWcUJKNVE2ZEZuajByST0iLCJmaWxlbmFtZSI6IjZfMF8zZGRiNGVhZThlNTI1MTllZDk4YzU5MzEzMGRlNTIyOC5wbmcifQ.MIzWvrqJgdTZNlyWn_CQfZtNH4bReei1dhTzk3WtK48\" alt=\"\" \/><\/figure>\n<div class=\"wp-block-group alignfull is-layout-flow\">\n<h2 class=\"t2-post-title wp-block-t2-post-title fluid-2\">Kanvas\u2019 m\u00e5lhierarki<\/h2>\n<div class=\"t2-post-excerpt wp-block-t2-excerpt\">\n\t\t\t\t\t\t\t\tM\u00e5lhierarkiet er et verkt\u00f8y for ansatte, og viser sammenhengen mellom overordnede m\u00e5l og barnehagens \u00e5rs- og handlingsplaner.\n\t\t\t\t\t\t\t<\/div>\n<\/p><\/div>\n<p>\t\t\t\t\t<\/a>\n\t\t\t\t<\/div>\n<div class=\"t2-featured-query-post t2-featured-content wp-block-t2-featured-query-post t2-featured-content-layout-col-4 t2-featured-content-layout-col-2-mobile\">\n\t\t\t\t\t<a class=\"t2-post-link wp-block-t2-post-link\" href=\"#kanvas-pedagogiske-plattform\"><\/p>\n<figure class=\"t2-post-featured-image has-image-ratio-16-9 wp-block-t2-post-featured-image\"><img decoding=\"async\" src=\"https:\/\/backstage.mykid.no\/_ajax\/download?t=eyJ0eXAiOiJKV1QiLCJhbGciOiJIUzI1NiJ9.eyJpYXQiOjE3NzY2ODc1NDksImV4cCI6MjA5MjY4NzU0OSwiZmlsZV9pZCI6IlJBN1pxYUI1b3Fqanh6NU1JdStjcHdEKzNsQnJwWmJnV0VLVzA1cmp0T1dPQXNhVmxPUm15cUk4TDQrWkxWSFB5ZVc0ZG1VZFNDY2d1d1krZGhabXZsVElFZU52VC9OSG9oYjU1ZWdETXk2SUYvVFhLcS9oMSt5QVlaKzA3bGJobCtpNEJDbjNRZVNqZmtjUFR4cXJVM2YyajVwVXY0RzhvZ3Q5Zjc2a292c0JFWWF0RjJEM2hIRUFPaTVsRmx3WiIsImZpbGVuYW1lIjoiNl82OTNfNTA3ZGU2MWVhODVhNDFlOWQ5NWJkYzZmOTQ2NTgzNDguanBlZyJ9.yeXGaTq6Npd8wbhsEGH38GI2QR-rA4SqdbvjGVry4z8\" alt=\"\" \/><\/figure>\n<div class=\"wp-block-group alignfull is-layout-flow\">\n<h2 class=\"t2-post-title wp-block-t2-post-title fluid-2\">Kanvas\u2019 pedagogiske plattform<\/h2>\n<div class=\"t2-post-excerpt wp-block-t2-excerpt\">\n\t\t\t\t\t\t\t\tV\u00e5rt menneskesyn, sammen med Lov om barnehager og Rammeplanen, danner grunnlaget for alt pedagogisk arbeid i Kanvas.\n\t\t\t\t\t\t\t<\/div>\n<\/p><\/div>\n<p>\t\t\t\t\t<\/a>\n\t\t\t\t<\/div>\n<div class=\"t2-featured-query-post t2-featured-content wp-block-t2-featured-query-post t2-featured-content-layout-col-4 t2-featured-content-layout-col-2-mobile\">\n\t\t\t\t\t<a class=\"t2-post-link wp-block-t2-post-link\" href=\"#psykososialt-barnehagemiljo\"><\/p>\n<figure class=\"t2-post-featured-image has-image-ratio-16-9 wp-block-t2-post-featured-image\"><img decoding=\"async\" src=\"https:\/\/backstage.mykid.no\/_ajax\/download?t=eyJ0eXAiOiJKV1QiLCJhbGciOiJIUzI1NiJ9.eyJpYXQiOjE3NzY2ODc1NDksImV4cCI6MjA5MjY4NzU0OSwiZmlsZV9pZCI6IlNnMHAzejc2cTRNWm0rSWpmbjcxeGFwTWVOTGFoT0tvNytPZ056dG5zSzI1OXdta1Qwbk5tS1pZWGM0Rkowam1hSWFQVUdVRmJLN05tclBYSXllQzZDc1JKZW9KSnJKT2x6R1g0WlFlRUJwdFZyT2hhbnJhL0ZHaFkrd21TR2dBeENYZE9EdzVpKzgxUjFMYW05VysraTN5S3pJeFNHS0VBQUtCa01xZXBVcjhiNTFUUFBYYmgzRmRqSGVqQ3pMWiIsImZpbGVuYW1lIjoiNl82OTNfNmY1N2QyNzQxODM4MDczNjljMThjMWJiMGIwYzk2YzQucG5nIn0.W4eXwZNXwSgTXGllmpz_AUDD4CtgnuvnpEqtEcWhQ-Q\" alt=\"\" \/><\/figure>\n<div class=\"wp-block-group alignfull is-layout-flow\">\n<h2 class=\"t2-post-title wp-block-t2-post-title fluid-2\">Psykososialt barnehagemilj\u00f8<\/h2>\n<div class=\"t2-post-excerpt wp-block-t2-excerpt\">\n\t\t\t\t\t\t\t\tI Kanvas skal vi bidra til at alle barn som g\u00e5r i barnehagen, f\u00e5r en god barndom preget av trivsel, vennskap og lek.\n\t\t\t\t\t\t\t<\/div>\n<\/p><\/div>\n<p>\t\t\t\t\t<\/a>\n\t\t\t\t<\/div>\n<div class=\"t2-featured-query-post t2-featured-content wp-block-t2-featured-query-post t2-featured-content-layout-col-4 t2-featured-content-layout-col-2-mobile\">\n\t\t\t\t\t<a class=\"t2-post-link wp-block-t2-post-link\" href=\"#barnehagens-fokusomrader\"><\/p>\n<figure class=\"t2-post-featured-image has-image-ratio-16-9 wp-block-t2-post-featured-image\"><img decoding=\"async\" src=\"https:\/\/backstage.mykid.no\/_ajax\/download?t=eyJ0eXAiOiJKV1QiLCJhbGciOiJIUzI1NiJ9.eyJpYXQiOjE3NzY2ODc1NDksImV4cCI6MjA5MjY4NzU0OSwiZmlsZV9pZCI6IjZ3enBaZTFEby81dWtjVUlvNXVxVXRIaUtybnQxS0YxazFHZHkya2dQL3hueXR5akFvWmIydmZzaStiR3c1L2loMUNzTUI4Q0FPT3NDUXZ4aW54NXdlMEZSa0RjSHIrTi9jaXdjVVJUazdraFdTbjRqUUd6TlpDWUpkeFlKNEJKdUZvQ1RYb0t4QkRMM3A1TW5RcDFXWDJ3bHhJZ1QzQWxXQUp6eHhtV3FpYXdvSDNoZjFUdDd0azlnRThLVEsybCIsImZpbGVuYW1lIjoiNl82OTNfMjhmNDY1YWYzZTRhZTY3NGFlZDUzZjNmZGMzZGRhNDYuanBnIn0.2g7Jp94j3D6ymZmiXH56_E-de7WSdT8jNE95apu9vSo\" alt=\"\" \/><\/figure>\n<div class=\"wp-block-group alignfull is-layout-flow\">\n<h2 class=\"t2-post-title wp-block-t2-post-title fluid-2\">Barnehagens fokusomr\u00e5der<\/h2>\n<div class=\"t2-post-excerpt wp-block-t2-excerpt\">\n\t\t\t\t\t\t\t\tMed utgangspunkt i Kanvas\u2019 strategi utvikler barnehagen ulike fokusomr\u00e5der.\n\t\t\t\t\t\t\t<\/div>\n<\/p><\/div>\n<p>\t\t\t\t\t<\/a>\n\t\t\t\t<\/div>\n<div class=\"t2-featured-query-post t2-featured-content wp-block-t2-featured-query-post t2-featured-content-layout-col-4 t2-featured-content-layout-col-2-mobile\">\n\t\t\t\t\t<a class=\"t2-post-link wp-block-t2-post-link\" href=\"#rammeplanens-fagomrader\"><\/p>\n<figure class=\"t2-post-featured-image has-image-ratio-16-9 wp-block-t2-post-featured-image\"><img decoding=\"async\" src=\"https:\/\/backstage.mykid.no\/_ajax\/download?t=eyJ0eXAiOiJKV1QiLCJhbGciOiJIUzI1NiJ9.eyJpYXQiOjE3NzY2ODc1NDksImV4cCI6MjA5MjY4NzU0OSwiZmlsZV9pZCI6InVOZ1QzaS90V1RTV3ZLbnRzQTRCLzBWSm1IZlhaZmx2RzF4ZDVaa2JXQWY5UDNEbGs3dmdzSVpMbEp2UmN2SVQ0cldvUUg2VVN5NlAxMEEvOE9DSkRIam5qQ2U3amlzV0JCbktuejl3cmpmb0FFUUw3NDk2cjE4Y2YydVJYcVN1N2Y3Q0hpOGs0a253NzMyUWZUTk1oMm42WmJVVUw2S3pXbjhlZFJXdDkxVT0iLCJmaWxlbmFtZSI6IjZfMF9iMzY2OTU2NjYwMzI5Yjg0MDk3M2IxNzU5MzI1MjRmMy5qcGcifQ.SL4ZxvPZMsuQRoS0yWYX_jWolzn-eaKZKbJhfdnIR4w\" alt=\"\" \/><\/figure>\n<div class=\"wp-block-group alignfull is-layout-flow\">\n<h2 class=\"t2-post-title wp-block-t2-post-title fluid-2\">Rammeplanens fagomr\u00e5der<\/h2>\n<div class=\"t2-post-excerpt wp-block-t2-excerpt\">\n\t\t\t\t\t\t\t\tBarnas lek danner et viktig grunnlag for arbeidet med fagomr\u00e5dene. Barnehagen skal ta utgangspunkt i barnas engasjement og bidrag.\n\t\t\t\t\t\t\t<\/div>\n<\/p><\/div>\n<p>\t\t\t\t\t<\/a>\n\t\t\t\t<\/div>\n<div class=\"t2-featured-query-post t2-featured-content wp-block-t2-featured-query-post t2-featured-content-layout-col-4 t2-featured-content-layout-col-2-mobile\">\n\t\t\t\t\t<a class=\"t2-post-link wp-block-t2-post-link\" href=\"#barnehagen-som-laerende-organisasjon\"><\/p>\n<figure class=\"t2-post-featured-image has-image-ratio-16-9 wp-block-t2-post-featured-image\"><img decoding=\"async\" src=\"https:\/\/backstage.mykid.no\/_ajax\/download?t=eyJ0eXAiOiJKV1QiLCJhbGciOiJIUzI1NiJ9.eyJpYXQiOjE3NzY2ODc1NDksImV4cCI6MjA5MjY4NzU0OSwiZmlsZV9pZCI6IlcwL09qaEowL0NKcTJRT3JTTUE1bVh5WDVyOUw3MnYyY2VURitqcHEzbHA4SEtId2tNcmlrYWFpL2ZyL2xxMjJSL2E1dGs3SmRjdEVpaGo4TXorU2p5S1Z5ZDFZQzlrY0lMeGkvUHZ5bVMzdWxrT0tKOTRYeE5aUWdwNS9QRm1iZUZMRTQ3Qms2eGtEWFFJVzNOL3BycHpQMUY1bzBrV1liNHNFR1BzYU9aeUxweUNpcGZWQWg2d1cxYTNEbkJMTSIsImZpbGVuYW1lIjoiNl82OTNfMTJiMjhjZGVmNmU1ODE1YTcxY2Q4MzI2YWM1NDNlOTYuanBlZyJ9.IN-6ltWSjUPYPRBaM7KRvQEQBBL-vBeDH7qcoUpd6d4\" alt=\"\" \/><\/figure>\n<div class=\"wp-block-group alignfull is-layout-flow\">\n<h2 class=\"t2-post-title wp-block-t2-post-title fluid-2\">Barnehagen som l\u00e6rende organisasjon<\/h2>\n<div class=\"t2-post-excerpt wp-block-t2-excerpt\">\n\t\t\t\t\t\t\t\tBarnehagen skal v\u00e6re en l\u00e6rende organisasjon, og det pedagogiske arbeidet skal v\u00e6re begrunnet i barnehageloven og rammeplanen. <\/p><\/div>\n<\/p><\/div>\n<p>\t\t\t\t\t<\/a>\n\t\t\t\t<\/div>\n<div class=\"t2-featured-query-post t2-featured-content wp-block-t2-featured-query-post t2-featured-content-layout-col-4 t2-featured-content-layout-col-2-mobile\">\n\t\t\t\t\t<a class=\"t2-post-link wp-block-t2-post-link\" href=\"#samarbeid-med-barnas-hjem\"><\/p>\n<figure class=\"t2-post-featured-image has-image-ratio-16-9 wp-block-t2-post-featured-image\"><img decoding=\"async\" src=\"https:\/\/backstage.mykid.no\/_ajax\/download?t=eyJ0eXAiOiJKV1QiLCJhbGciOiJIUzI1NiJ9.eyJpYXQiOjE3NzY2ODc1NDksImV4cCI6MjA5MjY4NzU0OSwiZmlsZV9pZCI6IlNURjlpVEFCYlBSMDFhMlUwNkJoazdJdUtXd2hxaThHclB1UXhodTgxOU1KRkhjRko0dzlnMjlMUXlWZW9SNStNVHo4TnZuSlJqWjFlZitSRWdIM2xzbmg0dmhtakZWMDBDWWx1ekdhQXNkdnRBbXJRTm1uZkJRMUlINHM0V1RySmhmbEVwbkZKdXIvZ0FLT2VZeGI3UDlTbnJnenRQUGFtQWh3cFVzYWZmZFJIRnIwc2JHUG5LUmVhMXVwdUVuOSIsImZpbGVuYW1lIjoiNl82OTNfOGUxNzc0OGE2YmNiNDQ3Y2VmNjg4MThmY2RhMTY1YWYuanBlZyJ9.wlSsqbSnfWkntsarPFEwVfnb4RXYwxAkJ1A7fhamFuM\" alt=\"\" \/><\/figure>\n<div class=\"wp-block-group alignfull is-layout-flow\">\n<h2 class=\"t2-post-title wp-block-t2-post-title fluid-2\">Samarbeid med barnas hjem<\/h2>\n<div class=\"t2-post-excerpt wp-block-t2-excerpt\">\n\t\t\t\t\t\t\t\tKanvas-barnehagenes samarbeid med foreldre bygger p\u00e5 innsikt om hvilken rolle hjemmet og barnehagen hver is\u00e6r spiller i barnets liv.\n\t\t\t\t\t\t\t<\/div>\n<\/p><\/div>\n<p>\t\t\t\t\t<\/a>\n\t\t\t\t<\/div>\n<div class=\"t2-featured-query-post t2-featured-content wp-block-t2-featured-query-post t2-featured-content-layout-col-4 t2-featured-content-layout-col-2-mobile\">\n\t\t\t\t\t<a class=\"t2-post-link wp-block-t2-post-link\" href=\"#samarbeid-og-sammenheng-mellom-barnehage-og-skole\"><\/p>\n<figure class=\"t2-post-featured-image has-image-ratio-16-9 wp-block-t2-post-featured-image\"><img decoding=\"async\" src=\"https:\/\/backstage.mykid.no\/_ajax\/download?t=eyJ0eXAiOiJKV1QiLCJhbGciOiJIUzI1NiJ9.eyJpYXQiOjE3NzY2ODc1NDksImV4cCI6MjA5MjY4NzU0OSwiZmlsZV9pZCI6Inc1YUtBaEhGbUJUdUczVEdudGE1cU5td21LZDE4Ky9SajlxT3o1QUVYaGYxZllGZWR3VmNCTmJmRWE2bjBxNnRlVzcraXRSRjJUVEhJMWNKajV0Q2ZJL0xxRUV0bFZCdGFtZ2wrV3JqenNOcXFEZDM0cjlpclI5ZWtnYWNvemdzKy9ldGlTbXdrMXp2Q0RldURZblZCazc5alJlcERZbWRFN2VpbVYrRXFxTU9EZ3VNeTV1Sk5wVmN2OWpMZGtxYiIsImZpbGVuYW1lIjoiNl82OTNfZTQ1NGIyYmQ4ZjdjNTUxZWFhZWRhYzEzZDA5Zjg5ZTcuanBlZyJ9.uaYdW-TC4HlepctMUJN19fF0HbNLcNqFuFhfotp_jVE\" alt=\"\" \/><\/figure>\n<div class=\"wp-block-group alignfull is-layout-flow\">\n<h2 class=\"t2-post-title wp-block-t2-post-title fluid-2\">Samarbeid og sammenheng mellom barnehage og skole<\/h2>\n<div class=\"t2-post-excerpt wp-block-t2-excerpt\">\n\t\t\t\t\t\t\t\tBarnehagen skal i samarbeid med foreldre og skolen legge til rette for at barna kan f\u00e5 en trygg og god overgang fra barnehage til skole og skolefritid\n\t\t\t\t\t\t\t<\/div>\n<\/p><\/div>\n<p>\t\t\t\t\t<\/a>\n\t\t\t\t<\/div>\n<\/div>\n<div class=\"text-content\">\n<div id=\"om-kanvas\">\n<h2>Om Kanvas <\/h2>\n<figure class=\"wp-block-image has-image-ratio-16-9 size-full\"><img decoding=\"async\" src=\"https:\/\/backstage.mykid.no\/_ajax\/download?t=eyJ0eXAiOiJKV1QiLCJhbGciOiJIUzI1NiJ9.eyJpYXQiOjE3NzY2ODc1NDksImV4cCI6MjA5MjY4NzU0OSwiZmlsZV9pZCI6InE2UnFSVlNySk92aU00SUlxeFJhUmJmeEZGZ3EwdTBDTDJzYTVoa1dmWFNKUjc3RlpsVS9MaGo2c1kzVFZvYnAxZXNJR0R2YUQ3OHZ4YWVDc0wwbHdCOHd0dHRIZkp0clBlS284Ym4yR3ExZTh0N1QrelVkUHU4OGJUR3EvTzdpaFVsdEdJc3ZDa1ZDdWMyQUdmWVUyOG10bzFkbGhWQzNJd0tsNHB6VUZlVT0iLCJmaWxlbmFtZSI6IjZfMF8wYTJjNzg5ZDk2MzVkYjJmNWFjMTI2NDYwY2FjNzY3NS5qcGcifQ.T6G6u908TYIlH3n9q5KdruriUk3fDhfIAxjNYyQ4CSc\" alt=\"\" \/><\/figure>\n<p>Barnehagen&nbsp;drives etter Lov om barnehager med forskrifter, herunder Rammeplan for barnehagens innhold og oppgaver. Barnehagen er lovp\u00e5lagt \u00e5 lage en \u00e5rsplan som&nbsp;gir informasjon om de overordnede m\u00e5lene i barnehageloven og barnehagens tiltak for \u00e5 n\u00e5 disse. \u00c5rsplanen&nbsp;er et arbeidsredskap for de ansatte og fastsettes av barnehagens samarbeidsutvalg. Foreldre skal gjennom \u00e5rsplanen&nbsp;f\u00e5 et godt innblikk i barnehagens arbeid, og se en klar sammenheng mellom de konkrete aktivitetene i barnehagen og de overordnede m\u00e5lene. Barnehagens daglige leder har det faglige ansvaret for utarbeidelse av planene i samarbeid med ansatte og foreldre.<\/p>\n<p>&nbsp;<\/p>\n<h3>Kanvas` ideelle form\u00e5l<\/h3>\n<figure class=\"wp-block-image has-image-ratio-16-9 size-full\"><img decoding=\"async\" src=\"https:\/\/backstage.mykid.no\/_ajax\/download?t=eyJ0eXAiOiJKV1QiLCJhbGciOiJIUzI1NiJ9.eyJpYXQiOjE3NzY2ODc1NDksImV4cCI6MjA5MjY4NzU0OSwiZmlsZV9pZCI6IkpFWjAyU1JiNGJrZTlTeFNrVjFhTisrNnJkQ1pFRS8ra21Sc21vcFIxTWZ1K0dacytSdjg2TnNZazlOVnJEKzlpTXJqdGRqaWxWenFzaDVrNS92WEhxcTVycFRZU09LbGlDQlo2UVRWcEFBcWFmRFc5bm9MS0o1aEp1ZzRDUHNhdlFDZVJCUkJmUnFRMUtMVTJhMHArVHBpNGN3NmQxSHpic1h2VjhuVTlPRT0iLCJmaWxlbmFtZSI6IjZfMF8xNzU0YzBiNDJhODcxNzU0NzZlNmYwODVmZjEyNzZiMi5qcGcifQ.AXTtClmieBz6GOHYdnkscWHkOgyxeW3K_TRrwBUk4Lw\" alt=\"\" \/><\/figure>\n<p>Stiftelsen Kanvas er en av Norges st\u00f8rste private akt\u00f8rer innen utvikling og drift av barnehager. Kanvas driver etter ideelle prinsipper, og overskudd f\u00f8res i sin helhet tilbake til virksomheten og til det beste for barna.<\/p>\n<p>Kanvas&rsquo; ideelle form\u00e5l er todelt. Vi&nbsp;skal p\u00e5 ideelt grunnlag bidra til \u00e5 bedre barns oppvekstsvilk\u00e5r og foreldrenes hverdag gjennom drift av gode barnehager. Samtidig skal vi \u00f8ke kvaliteten og statusen i barnehagesektoren gjennom nytenking og kompetanseutvikling som deles internt og eksternt.<\/p>\n<p><strong>Organisasjon og ansatte<\/strong><\/p>\n<p>Kanvas driver 65&nbsp;barnehager fordelt p\u00e5 12&nbsp;kommuner i Norge. Vi har 1300 engasjerte medarbeidere som har ansvar for 4300 barn.<\/p>\n<p><strong>Kvalitet<\/strong><\/p>\n<p>For \u00e5 kunne drive gode barnehager har Kanvas bl.a. valgt \u00e5 investere i kompetansen til de ansatte. Vi tilbyr&nbsp;oppl\u00e6ringsprogrammer og veiledning for v\u00e5re ansatte for \u00e5 s\u00f8rge for kontinuerlig&nbsp;p\u00e5fyll av kompetanse. I tillegg er Kanvas involvert i forskningsprosjekter og utviklingsprogrammer for \u00e5 styrke kompetansen i hele sektoren. Vi arrangerer kurs og konferanser med interne og eksterne foredragsholdere. Slik bidrar Kanvas til \u00e5 videreutvikle barnehagesektoren.<\/p>\n<h3>Om barnehagen<\/h3>\n<figure class=\"wp-block-image has-image-ratio-16-9 size-full\"><img decoding=\"async\" src=\"https:\/\/backstage.mykid.no\/_ajax\/download?t=eyJ0eXAiOiJKV1QiLCJhbGciOiJIUzI1NiJ9.eyJpYXQiOjE3NzY2ODc1NDksImV4cCI6MjA5MjY4NzU0OSwiZmlsZV9pZCI6IkNNRjF2d1hWQ0tkbEVrdnRYTWQxRXIwS3gvRjVCUk1BSGlBZ2FMYWxxT0k2YW5WZlQ2ck4yVnc2bzFCRDRLT203MFZWdlYvdnhWMm9xSWNpbU9iYklrOU9YVjBORDE0RU4vdzIvOGd5OG5EMzBtSURKTGpMQWNtZitGOUJXbHo5cWRmOVJ0Qjh5K0twdmlzM2VHY2NxUmsvV3VpU2Uzcm4rQjZxWkZxeUl2QT0iLCJmaWxlbmFtZSI6IjZfMF9mNDJhMDc5ODRlNTIzMThjMTY4Y2UwMjU1YzU4OWQzNC5qcGcifQ.4HpB_K_S-El2yKHnDeUEdMSrsBRhXnSc0x1re0gDM40\" alt=\"\" \/><\/figure>\n<p>&nbsp;<\/p>\n<p>&nbsp;<\/p>\n<p style=\"margin:0cm 0cm 8pt\"><span style=\"font-size:11pt\"><span style=\"line-height:107%\"><span style=\"font-family:Aptos, sans-serif\"><b>Alle barn skal bli anerkjent, omfavnet og utfordret<\/b><\/span><\/span><\/span><\/p>\n<p style=\"margin:0cm 0cm 8pt\"><span style=\"font-size:11pt\"><span style=\"line-height:107%\"><span style=\"font-family:Aptos, sans-serif\">Kjenndalslia Kanvas-barnehage skal v\u00e6re et trygt og godt sted og en god l\u00e6ringsarena for barn. Alle barn skal bli anerkjent, omfavnet og utfordret. Vi deler barnegruppene n\u00e5r vi har anledning, og jobber i mindre grupper der det kan v\u00e6re lettere \u00e5 knytte gode relasjoner mellom barn-barn og barn-voksne. P\u00e5 store barns avdelingene Kroken og Tunet er barna inndelt i Stjernegruppen, \u00e5rets tre\u00e5ringer, M\u00e5negruppen, \u00e5rets fire\u00e5ringer og Solgruppen, \u00e5rets fem\u00e5ringer. Der foreg\u00e5r godt samarbeid mellom de to avdelingene, og gruppene kan noen ganger samles p\u00e5 tvers av avdelingene. Dette gjelder spesielt Solgruppen.<\/span><\/span><\/span><\/p>\n<p style=\"margin:0cm 0cm 8pt\"><span style=\"font-size:11pt\"><span style=\"line-height:107%\"><span style=\"font-family:Aptos, sans-serif\">Vi starter h\u00f8sten med \u00e5 jobbe med tilh\u00f8righet til avdelingen og gruppen. Det er viktig \u00e5 legge til rette for fellesskap og gode opplevelser s\u00e5nn at man f\u00e5r etablert en felles gruppeidentitet. <\/span><\/span><\/span><\/p>\n<p style=\"margin:0cm 0cm 8pt\"><span style=\"font-size:11pt\"><span style=\"line-height:107%\"><span style=\"font-family:Aptos, sans-serif\">Vi er opptatt av \u00e5 etablere gode relasjoner mellom barn-barn og barn-voksne. Vi jobber aktivt med det psykososiale milj\u00f8et i barnehagen. Vi er opptatt av mangfold, inkludering, likestilling og likeverd. Barns medvirkning p\u00e5 egen barnehagedag st\u00e5r sentralt i arbeidet v\u00e5rt, og vi etterstreber at dette ogs\u00e5 skal gjelde planlegging, gjennomf\u00f8ring og evaluering av ulike aktiviteter\/prosjekter.<\/span><\/span><\/span><\/p>\n<p style=\"margin:0cm 0cm 8pt\"><span style=\"font-size:11pt\"><span style=\"line-height:107%\"><span style=\"font-family:Aptos, sans-serif\">Vi bruker n\u00e6rmilj\u00f8et v\u00e5rt aktivt og har fine turmuligheter like utenfor barnehagen. Vi har egen parsell p\u00e5 Bergendal G\u00e5rd i Sanddalen. Den benyttes flittig av barna p\u00e5 Kroken og Tunet. Der har vi b\u00e5de b\u00e6rbusker, rabarbra, ulike typer gr\u00f8nnsaker m.m. Barna p\u00e5 Hulen og Smauet har sine egne plantekasser i barnehagen, og der er det pr. i dag plantet ut en del urter og gr\u00f8nnsaker.<\/span><\/span><\/span><\/p>\n<p style=\"margin:0cm 0cm 8pt\"><span style=\"font-size:11pt\"><span style=\"line-height:107%\"><span style=\"font-family:Aptos, sans-serif\">Vi legger stor vekt p\u00e5 tilvenningsperioden av nye barn og har egne rutiner for dette. Det handler om ar barnehagen skal tilpasse seg barnets behov med tanke p\u00e5 s\u00f8vn, hvile, mat, kos etc. Vi bruker god tid p\u00e5 at barna skal bli trygge p\u00e5 oss som jobber her, og n\u00e6rmer oss gradvis barnet for \u00e5 skape ro, og gode relasjoner oss imellom. Hos oss sover de yngste barna i senger i sovehus med sovevakt.<\/span><\/span><\/span><\/p>\n<p style=\"margin:0cm 0cm 8pt\"><span style=\"font-size:11pt\"><span style=\"line-height:107%\"><span style=\"font-family:Aptos, sans-serif\">Lek er barnehagens samfunnmandat. Vi sikrer at det blir satt av nok tid og rom for dette. Gjennom lek utvikles barnas&nbsp;lekekompetanse, sosial kompetanse og sosiale ferdigheter.<\/span><\/span><\/span><\/p>\n<p style=\"margin:0cm 0cm 8pt\"><span style=\"font-size:11pt\"><span style=\"line-height:107%\"><span style=\"font-family:Aptos, sans-serif\">Vi har et godt samarbeid med n\u00e6rskolen v\u00e5r som er Kringlebotn skole. Dette er spesielt viktig for Solbarna som g\u00e5r siste \u00e5ret i barnehagen. De g\u00e5r jevnlig p\u00e5 morgensamlinger p\u00e5 skolen siste \u00e5ret i barnehagen, bes\u00f8ker skolen og SFO, samt at vi har f\u00e5r bes\u00f8k av barn og personale p\u00e5 skolen, i barnehagen. <\/span><\/span><\/span><\/p>\n<p style=\"margin:0cm 0cm 8pt\"><span style=\"font-size:11pt\"><span style=\"line-height:107%\"><span style=\"font-family:Aptos, sans-serif\">Vi har i dag n\u00e6r 50% pedagog dekning og sammen med dyktige og engasjerte assistenter og fagarbeidere skal vi gi barna de beste l\u00e6rings &ndash; og utviklingsmuligheter.<\/span><\/span><\/span><\/p>\n<p style=\"margin:0cm 0cm 8pt\"><span style=\"font-size:11pt\"><span style=\"line-height:107%\"><span style=\"font-family:Aptos, sans-serif\">Barnehagen er praksisbarnehage og mottar studenter fra H\u00f8gskolen p\u00e5 Vestlandet.<\/span><\/span><\/span><\/p>\n<p style=\"margin:0cm 0cm 8pt\">&nbsp;<\/p>\n<p style=\"margin:0cm 0cm 8pt\">&nbsp;<\/p>\n<\/p><\/div>\n<div id=\"kanvas-malhierarki\">\n<h2>Kanvas\u2019 m\u00e5lhierarki<\/h2>\n<figure class=\"wp-block-image has-image-ratio-16-9 size-full\"><img decoding=\"async\" src=\"https:\/\/backstage.mykid.no\/_ajax\/download?t=eyJ0eXAiOiJKV1QiLCJhbGciOiJIUzI1NiJ9.eyJpYXQiOjE3NzY2ODc1NDksImV4cCI6MjA5MjY4NzU0OSwiZmlsZV9pZCI6ImJjNkNPS0NQdlpwdGtKakxDZktuVldETGhXdzVlVCthdnlWOG4rRHByeTI0ejRTZTVROGxGN3NPNWtiUHJsVnpJQzRUVnVnbitPNGlPanF2bWNBZnJqMFcxVjZ0T2ZHVzlIM0NKWGFBd3kyUXBSZ0VRRnJmMDRHUkZ5UXc1UVZaQVZQY0tyUkZ3NytRR2Q4czlBQ3lCK3kyelNza0dWcUJKNVE2ZEZuajByST0iLCJmaWxlbmFtZSI6IjZfMF8zZGRiNGVhZThlNTI1MTllZDk4YzU5MzEzMGRlNTIyOC5wbmcifQ.MIzWvrqJgdTZNlyWn_CQfZtNH4bReei1dhTzk3WtK48\" alt=\"\" \/><\/figure>\n<\/p><\/div>\n<div id=\"kanvas-pedagogiske-plattform\">\n<h2>Kanvas\u2019 pedagogiske plattform<\/h2>\n<figure class=\"wp-block-image has-image-ratio-16-9 size-full\"><img decoding=\"async\" src=\"https:\/\/backstage.mykid.no\/_ajax\/download?t=eyJ0eXAiOiJKV1QiLCJhbGciOiJIUzI1NiJ9.eyJpYXQiOjE3NzY2ODc1NDksImV4cCI6MjA5MjY4NzU0OSwiZmlsZV9pZCI6IlJBN1pxYUI1b3Fqanh6NU1JdStjcHdEKzNsQnJwWmJnV0VLVzA1cmp0T1dPQXNhVmxPUm15cUk4TDQrWkxWSFB5ZVc0ZG1VZFNDY2d1d1krZGhabXZsVElFZU52VC9OSG9oYjU1ZWdETXk2SUYvVFhLcS9oMSt5QVlaKzA3bGJobCtpNEJDbjNRZVNqZmtjUFR4cXJVM2YyajVwVXY0RzhvZ3Q5Zjc2a292c0JFWWF0RjJEM2hIRUFPaTVsRmx3WiIsImZpbGVuYW1lIjoiNl82OTNfNTA3ZGU2MWVhODVhNDFlOWQ5NWJkYzZmOTQ2NTgzNDguanBlZyJ9.yeXGaTq6Npd8wbhsEGH38GI2QR-rA4SqdbvjGVry4z8\" alt=\"\" \/><\/figure>\n<p>Kanvas pedagogiske plattform best\u00e5r av&nbsp;menneskesyn, kjernebegreper,&nbsp; pedagogiske delm\u00e5l og didaktisk modell.<\/p>\n<h3>Kanvas\u2019 menneskesyn<\/h3>\n<figure class=\"wp-block-image has-image-ratio-16-9 size-full\"><img decoding=\"async\" src=\"https:\/\/backstage.mykid.no\/_ajax\/download?t=eyJ0eXAiOiJKV1QiLCJhbGciOiJIUzI1NiJ9.eyJpYXQiOjE3NzY2ODc1NDksImV4cCI6MjA5MjY4NzU0OSwiZmlsZV9pZCI6IkZsVGhROFlYeHUxWkFvN0xuZVgyQjB2S2hIZzJzTTBmTkMrUjFVdEo4QXg2MkNKNDR3NThFRTB4UzdyYThNcTNOYjFVdkNyeDFzYlJ3dWZVc1BqV2VYS2pGZ0dkNExndFRmOVN6eXdMTmVvcXZDMVlFZmFjdzVmUllJb0FSWkZLaUxxUXhBYWg4YktHdFd5VjZhNHo3ODZNblhwb0FzUGpua0k5N0wvTWNacz0iLCJmaWxlbmFtZSI6IjZfMF8xNjhmMWVjZGI4MWFhODljNjVkODJjODNiMzQxYTBlNi5qcGcifQ.a0NmSS46vascMtNUXMVtYCw_nZGU5Z3Y5d117V4gQRg\" alt=\"\" \/><\/figure>\n<p>V\u00e5rt menneskesyn, sammen med <a href=\"https:\/\/lovdata.no\/dokument\/NL\/lov\/2005-06-17-64\">Lov om barnehager<\/a>&nbsp;og <a href=\"https:\/\/www.udir.no\/laring-og-trivsel\/rammeplan-for-barnehagen\/\" target=\"_blank\" rel=\"noopener\">Rammeplanen<\/a>, danner grunnlaget for alt pedagogisk arbeid i Kanvas.<\/p>\n<ul>\n<li>Barn og voksne er likeverdige, der ansvaret for relasjonen ligger hos den voksne.&nbsp;<\/li>\n<li>Mennesket har iboende muligheter til \u00e5 utvikle seg selv i samspill med omgivelsene.&nbsp;<\/li>\n<li>Alle skal bli m\u00f8tt med respekt og har rett til \u00e5 bli h\u00f8rt.&nbsp;&nbsp;<\/li>\n<\/ul>\n<h3>Kanvas&#8217; kjernebegreper<\/h3>\n<figure class=\"wp-block-image has-image-ratio-16-9 size-full\"><img decoding=\"async\" src=\"https:\/\/backstage.mykid.no\/_ajax\/download?t=eyJ0eXAiOiJKV1QiLCJhbGciOiJIUzI1NiJ9.eyJpYXQiOjE3NzY2ODc1NDksImV4cCI6MjA5MjY4NzU0OSwiZmlsZV9pZCI6Ik5mMWMzcGNTbzMzdTZkKzNkRkdTZVNueGI0ZU5nOUhPNEZWcFJxeTNPUHdzZnRGZVJrVkZXZ0hldk44N213WkFmMWtEa1owZFhZYjVQdXIwS3FLZGh5WktpRERjZEp4STBxVEZWNGZ6clY2aU5LRG9LR3ViZTA5QmFaZGJOUGNITnNkVS85d0phN2JZUmtIaUFxTzBsQ3FYUXkyeGN4VkxVSXZRckVUUTg2QT0iLCJmaWxlbmFtZSI6IjZfMF85NmU4OTBiMjA4MTkzOWQwOTkxZDhlZDhhMTJhNTM5Zi5qcGcifQ.ZPO1Xy25yGQ8PU_u_gtdnrwSAkwyidsQ9-5ceWsKCPc\" alt=\"\" \/><\/figure>\n<p>V\u00e5rt menneskesyn, sammen med Lov om barnehager og Rammeplanen, danner grunnlaget for alt pedagogisk arbeid i Kanvas. I v\u00e5rt arbeid med de fire kjernebegrepene i rammeplanen; omsorg, lek, l\u00e6ring og danning er vi s\u00e6rlig opptatt av at:&nbsp;&nbsp;<\/p>\n<ul>\n<li><strong>Omsorg&nbsp;<\/strong>er relasjoner preget av lydh\u00f8rhet, n\u00e6rhet, innlevelse og evne og vilje til samspill.&nbsp;&nbsp;<br \/>\n\tVi skal verdsette og anerkjenne barnets egne omsorgshandlinger.&nbsp; &nbsp;<\/li>\n<li><strong>Lek&nbsp;<\/strong>er barns viktigste aktivitet.&nbsp;<br \/>\n\tLek er grunnlag for barns utvikling, sosialt, emosjonelt, kognitivt og motorisk. &nbsp;<\/li>\n<li><strong>L\u00e6ring<\/strong>&nbsp;skjer gjennom deltakelse i sosial praksis og bruk av spr\u00e5k, verbalt og ikke-verbalt.&nbsp;<br \/>\n\tBarns nysgjerrighet, interesser og sp\u00f8rsm\u00e5l danner grunnlag for l\u00e6ringsprosesser og aktiviteter. &nbsp;<\/li>\n<li><strong>Danning<\/strong>&nbsp;handler om at barnehagen skal bidra til at barn blir modige, selvstendige og ansvarlige samfunnsdeltagere.&nbsp;<br \/>\n\tBarnehagen skal st\u00f8tte barns evne til \u00e5 tenke kritisk og verdsette ulikheter.&nbsp;<\/li>\n<\/ul>\n<h3>Kanvas&#8217; pedagogiske delm\u00e5l<\/h3>\n<figure class=\"wp-block-image has-image-ratio-16-9 size-full\"><img decoding=\"async\" src=\"https:\/\/backstage.mykid.no\/_ajax\/download?t=eyJ0eXAiOiJKV1QiLCJhbGciOiJIUzI1NiJ9.eyJpYXQiOjE3NzY2ODc1NDksImV4cCI6MjA5MjY4NzU0OSwiZmlsZV9pZCI6IkJCUkJ4QkFrNVBVRi9tMC94bFRLc2VrVGV4TWp4ZlB0QlBMWU9GRkNKb3JWQTA3ZHN2ak5XVzZlVzhOVHQ4dVByeGNkSUZIcUpEY1ZhSmlPMlVYWDg4ckk2VXMwa3N3QVFON042QnJETWxSTWRtb3RkbkdsN1V2UGRnbVN5enJ2azV1bjc1Y3lpb21qL1VkSFRjejdOYmRvMHFsRVg0MWc3cmVvYnliOXdWYz0iLCJmaWxlbmFtZSI6IjZfMF81YzBlMzExNTQwZjM4NjIyOTg3M2ZjNWEyYWU3NzM4ZC5wbmcifQ.KuqIftB_ry71HXe3D48zuikD4__8ZlCn9Y0ZOqxGJTU\" alt=\"\" \/><\/figure>\n<p>Her kan du lese om Kanvas&#039; pedagogiske delm\u00e5l.<\/p>\n<p><u><strong>Inkluderende spr\u00e5kmilj\u00f8:<\/strong><\/u><\/p>\n<p>Vi bruker spr\u00e5ket aktivt i samspill med barn. Vi spr\u00e5ksetter hverdagen v\u00e5r n\u00e5r vi beskriver hva vi holder p\u00e5 med. Dette handler om \u00e5 &quot;bade&quot;&nbsp;barna i spr\u00e5k og gi dem et godt utgangspunkt for \u00e5 utvikle eget spr\u00e5k, og f\u00e5 en st\u00f8rre spr\u00e5kfort\u00e5else. Hverdags- og overgangssituasjoner er gode arenaer for dette. Vi leser mye b\u00f8ker, synger sanger, bruker mye rim og regler og t\u00f8yser og tuller med spr\u00e5ket. Vi bruker mye tegn og bilder type ASK, dagtavler m.m. som visualiserer spr\u00e5ket p\u00e5 en god m\u00e5te.&nbsp;<\/p>\n<p>Det lages spr\u00e5kmappe som benyttes av alle barna, med enkle ord og uttrykk fra de ulike landene som er representert i barnehagen. Vi bruker foresatte som sammarbeidspartner og ressurs i dette arbeidet. Vi markerer ogs\u00e5 p\u00e5 verdenkartet hvor de ulike landene befinner seg.<\/p>\n<p><u><strong>Barn med s\u00e6rskilte behov:<\/strong><\/u><\/p>\n<p>Det skal tas hensyn til alle barna i barnegruppen n\u00e5r man planlegger ulike aktiviteter, turer etc. M\u00e5let er at alle skal kunne delta med utgangspunkt i den de er. Hele personalgruppen skal kjenne til de ulike barns utfordringer og skal l\u00e6re \u00e5 forholde seg til barnet p\u00e5 en god m\u00e5te. Alle barn er v\u00e5re barn, s\u00e5 det er viktig at avdelingen formidler erfaringer og kompetanse videre til resten av huset. Det kan v\u00e6re b\u00e5de nyttig og positivt at foresatte velger \u00e5 v\u00e6re \u00e5pen rundt sine barns utfordringer og behov&nbsp;gjennom skriv til personalet og andre foresatte, eller formidler dette&nbsp;p\u00e5 et foreldrem\u00f8te. Refleksjon, undring, erfaringsdeling&nbsp;rundt begrepene mangfold og inkludering blir tatt opp p\u00e5 ulike m\u00f8ter i personalgruppen. Noen ganger ved hjelp av interne forelesere, men og eksterne forelesere som har en spesiell kompetanse vi kan dra&nbsp;nytte av.<\/p>\n<p><strong><u>Fysisk barnehagemilj\u00f8:<\/u><\/strong><\/p>\n<p>Vi skal bidra til barns milj\u00f8vennlige holdninger og handlinger.<\/p>\n<ul>\n<li>Dette gj\u00f8r vi blant annet gjennom avfallssortering\/kildesortering<\/li>\n<li>Holder det rent og ryddig rundt oss, b\u00e5de inne og ute<\/li>\n<li>Plukker s\u00f8ppel&nbsp;<\/li>\n<li>\u00d8ker kjennskap til naturmangfold og tilh\u00f8righet til naturen<\/li>\n<li>Graver ned&nbsp;ulike materialer som plast, papir, mat, metall etc, p\u00e5 h\u00f8sten og graver det&nbsp;opp igjen v\u00e5ren etter for \u00e5 sjekke ut hva som har skjedd i l\u00f8pet av vinteren<\/li>\n<li>Gjenbruk<\/li>\n<li>Reparasjon av leker og b\u00f8ker<\/li>\n<li>Ta vare p\u00e5 maten &#8211; unng\u00e5 matsvinn<\/li>\n<li>Str\u00f8ml\u00f8s dag&nbsp;<\/li>\n<\/ul>\n<p>&nbsp;<\/p>\n<h3>Kanvas\u2019 didaktiske modell<\/h3>\n<figure class=\"wp-block-image has-image-ratio-16-9 size-full\"><img decoding=\"async\" src=\"https:\/\/backstage.mykid.no\/_ajax\/download?t=eyJ0eXAiOiJKV1QiLCJhbGciOiJIUzI1NiJ9.eyJpYXQiOjE3NzY2ODc1NDksImV4cCI6MjA5MjY4NzU0OSwiZmlsZV9pZCI6ImtDNCsvdFRVcllKMzNEbmhaU3RMTk9ZTnB6SWpJV2lMY3JPSlQ2aWRuR2pJSTA1MlBsSStWb25xdG0rOE1md2VUUGY5WWNjY2ZIRmlUMDNlZ3p6dHRhaDJ2V04zSVJ3SzZrMWUxTUFJY3dnaUVGSGIvb1Qvdk5GeEpLTXY3RFlRek1DaHo1ZlhVTDVZT3htY05HQTBrUzFqUk1kMC9kMk9ySmxudjlyOEYydz0iLCJmaWxlbmFtZSI6IjZfMF9hNmI4MjNhMGI1YzIxMDdjNzk0ZmQ1YzBjMGIwY2NmMC5wbmcifQ.79-Pszhi1hAE3gOE9n0MMjtFC0RPPApG4TQrqlXgve8\" alt=\"\" \/><\/figure>\n<p>Kanvas&rsquo; didaktiske modell tar opp to viktige sider ved det pedagogiske arbeidet i barnehagen &ndash; det \u00e5 planlegge for l\u00e6ring, samtidig som barns medvirkning har innflytelse p\u00e5 innhold og metoder. Den didaktiske modellen bidrar til et systematisk og reflektert pedagogisk tilbud i barnehagen i tr\u00e5d med Kanvas&rsquo; pedagogiske plattform og m\u00e5l for l\u00e6ringsarbeidet.<\/p>\n<p>I Kanvas handler didaktikk om den l\u00e6ring, verdiformidling og sosialisering som skjer i barnehagen i henhold til det pedagogiske mandatet vi har gjennom&nbsp;<a href=\"https:\/\/lovdata.no\/dokument\/NL\/lov\/2005-06-17-64\">Lov om barnehager<\/a>&nbsp;og <a href=\"https:\/\/www.udir.no\/laring-og-trivsel\/rammeplan-for-barnehagen\/\" target=\"_blank\" rel=\"noopener\">Rammeplanen<\/a>. Didaktikk handler b\u00e5de om de planlagte l\u00e6ringsaktivitetene og om hvem de ansatte skal v\u00e6re i m\u00f8te med barn, kolleger og foreldre. Det handler om \u00e5 jobbe med medvirkning, lek, omsorg og toleranse, slik at barnehagen bidrar til \u00e5 utvikle demokratiske borgere.<\/p>\n<p>Noe av det viktigste vi gj\u00f8r er \u00e5 etablere gode relasjoner mellom barn og voksne og etterhvert barn-barn. Vi tiln\u00e6rmer&nbsp;oss hvert barn ulikt med utgangspunkt i hvem barnet er. Relasjonskvaliteten og relasjonskompetansen blir viktige faktorer i dette arbeidet. De ligger til grunn for alt vi gj\u00f8r og er med p\u00e5 \u00e5 etbalere tillit og trygghet for det enkelte barnet. M\u00e5l, barnas medvirkning, samt innhold og metode skal ligge til grunn og tas hensyn til for planlegging av ulike typer aktiviteter, opplegg etc. Mye av det vi gj\u00f8r blir dokumentert med bilder og tekst i MyKid. Vi reflekterer med jevne mellomrom p\u00e5 b\u00e5de avdelingsm\u00f8ter, assistentm\u00f8ter, barnehagel\u00e6rerm\u00f8ter og personalm\u00f8ter rundt enkeltbarn, barnegruppen, organsisering, opplegg etc. Vi vurderer ogs\u00e5 jevnlig ulike aspekter ved driften v\u00e5r. Det v\u00e6re seg det som allerede er nevnt samt fokusomr\u00e5der, fagomr\u00e5dene, foreldresamarbeid, personalsamarbeid&nbsp;m.m.&nbsp;<\/p>\n<p>&nbsp;<\/p>\n<\/p><\/div>\n<div id=\"psykososialt-barnehagemiljo\">\n<h2>Psykososialt barnehagemilj\u00f8<\/h2>\n<figure class=\"wp-block-image has-image-ratio-16-9 size-full\"><img decoding=\"async\" src=\"https:\/\/backstage.mykid.no\/_ajax\/download?t=eyJ0eXAiOiJKV1QiLCJhbGciOiJIUzI1NiJ9.eyJpYXQiOjE3NzY2ODc1NDksImV4cCI6MjA5MjY4NzU0OSwiZmlsZV9pZCI6IlNnMHAzejc2cTRNWm0rSWpmbjcxeGFwTWVOTGFoT0tvNytPZ056dG5zSzI1OXdta1Qwbk5tS1pZWGM0Rkowam1hSWFQVUdVRmJLN05tclBYSXllQzZDc1JKZW9KSnJKT2x6R1g0WlFlRUJwdFZyT2hhbnJhL0ZHaFkrd21TR2dBeENYZE9EdzVpKzgxUjFMYW05VysraTN5S3pJeFNHS0VBQUtCa01xZXBVcjhiNTFUUFBYYmgzRmRqSGVqQ3pMWiIsImZpbGVuYW1lIjoiNl82OTNfNmY1N2QyNzQxODM4MDczNjljMThjMWJiMGIwYzk2YzQucG5nIn0.W4eXwZNXwSgTXGllmpz_AUDD4CtgnuvnpEqtEcWhQ-Q\" alt=\"\" \/><\/figure>\n<p><span style=\"color:#e67e22\">&laquo;M\u00f8ter jeg et barn, s\u00e5 m\u00f8ter jeg et menneske&raquo;<\/span><br \/>\n<span style=\"color:#e67e22\">Anne-Cath Vestly<\/span><\/p>\n<p>\nI Kanvas skal vi bidra til at alle barn som g\u00e5r i barnehagen, f\u00e5r en god barndom preget av trivsel, vennskap og lek. Det er voksnes ansvar at alle barn f\u00e5r mulighet til \u00e5 v\u00e6re sammen med jevnaldrende og utvikle vennskapsrelasjoner. I Kanvas-barnehagene unders\u00f8ker vi \u00e5rlig, systematisk barns trivsel.\u202fLek er den viktigste arenaen for etablering av vennskap. I Kanvas skal vi fremme et inkluderende milj\u00f8 der alle barna og voksne kan delta i lek og erfare glede i lek. Vi skal veilede barna hvis leken medf\u00f8rer uheldige samspill, og vi skal bidra til at alle kommer inn i leken. I Kanvas skal vi styrke barnets selvf\u00f8lelse. Det gj\u00f8r vi blant annet gjennom \u00e5 v\u00e6re bevisste p\u00e5 hvordan vi anerkjenner og roser barn.\u202f Barnehagen skal bidra til at alle barn f\u00f8ler seg sett og anerkjent for den de er, og synliggj\u00f8re den enkeltes plass og verdi i fellesskapet. Samtidig er det forpliktende \u00e5 v\u00e6re en del av et fellesskap. Et godt psykososialt milj\u00f8 inneb\u00e6rer at barn gradvis forst\u00e5r at alle er forskjellige og at i et fungerende fellesskap m\u00e5 man ta vare p\u00e5 hverandre, ta hensyn og inng\u00e5 kompromisser.&nbsp;<\/p>\n<p>Kapittel VIII Psykososialt barnehagemilj\u00f8&nbsp;<\/p>\n<p>&sect; 41.Nulltoleranse og forebyggende arbeid:\u202fBarnehagen skal ikke godta krenkelser som for eksempel utestenging, mobbing, vold, diskriminering og trakassering. I dette kapittelet finner vi bestemmelser som skal sikre at alle barn har et godt og trygt psykososialt barnehagemilj\u00f8. Barnehagen skal arbeide kontinuerlig for \u00e5 fremme helsen, trivselen, leken og l\u00e6ringen til barna.&nbsp;&nbsp;<\/p>\n<p>&sect; 42. Aktivitetsplikten&nbsp;<br \/>\nForm\u00e5let med aktivitetsplikten er \u00e5 bidra til at alle barnehagebarn opplever at barnehagen er et sted der det er trygt og godt \u00e5 v\u00e6re, og et milj\u00f8 der de opplever tilh\u00f8righet, mestring og trivsel.\u202f Ved mistanke om eller kjennskap til at et barn ikke har et trygt og godt barnehagemilj\u00f8, skal barnehagen snarest unders\u00f8ke saken.\u202fAktivitetsplikten best\u00e5r av fire delplikter:&nbsp;&nbsp;<\/p>\n<ul role=\"list\">\n<li data-aria-level=\"1\" data-aria-posinset=\"1\" data-font=\"Symbol\" data-leveltext=\"\uf0b7\" data-list-defn-props=\"{\">\n<p>F\u00f8lg med&nbsp;&nbsp;<\/p>\n<\/li>\n<li data-aria-level=\"1\" data-aria-posinset=\"2\" data-font=\"Symbol\" data-leveltext=\"\uf0b7\" data-list-defn-props=\"{\">\n<p>Meld fra&nbsp;&nbsp;<\/p>\n<\/li>\n<li data-aria-level=\"1\" data-aria-posinset=\"3\" data-font=\"Symbol\" data-leveltext=\"\uf0b7\" data-list-defn-props=\"{\">\n<p>Unders\u00f8k&nbsp;&nbsp;<\/p>\n<\/li>\n<li data-aria-level=\"1\" data-aria-posinset=\"4\" data-font=\"Symbol\" data-leveltext=\"\uf0b7\" data-list-defn-props=\"{\">\n<p>Sett inn tiltak&nbsp;&nbsp;<\/p>\n<\/li>\n<\/ul>\n<p>Alle som arbeider i barnehagen, skal f\u00f8lge med p\u00e5 hvordan barna i barnehagen har det. Ved mistanke om eller kjennskap til at et barn ikke har et trygt og godt barnehagemilj\u00f8, skal barnehagen snarest unders\u00f8ke saken. En enkeltst\u00e5ende hendelse vil ikke n\u00f8dvendigvis utl\u00f8se aktivitetsplikten.&nbsp;<\/p>\n<p><strong>Om mobbing og krenkelser<\/strong>&nbsp;<\/p>\n<p>Mobbing i barnehagen kan skje p\u00e5 flere ulike m\u00e5ter. Det kan v\u00e6re handlinger fra andre barn eller voksne som gj\u00f8r at barnet ikke f\u00f8ler at det h\u00f8rer til eller er en del av fellesskapet. Det kan v\u00e6re at barn gjentatte ganger opplever at det ikke f\u00e5r v\u00e6re med p\u00e5 leken eller samtalen, at ingen vil holde barnet i h\u00e5nden eller sitte ved siden av barnet. Konflikter er en naturlig del av den sosiale utviklingen som skjer i barnehagen og det er viktig \u00e5 skille mellom enkelthendelser, naturlige konflikter og krenkelser av barn. I Kanvas har vi valgt at de to f\u00f8lgende definisjonene skal st\u00f8tte barnehageansatte i \u00e5 gj\u00f8re disse vurderingene.&nbsp;<br \/>\n&nbsp;<\/p>\n<ol role=\"list\" start=\"1\">\n<li data-aria-level=\"1\" data-aria-posinset=\"1\" data-font=\"Trebuchet MS,Times New Roman\" data-leveltext=\"%1)\" data-list-defn-props=\"{\">\n<p>Mobbing og krenkelser er handlinger fra barn\/voksne som hindrer opplevelsen av \u00e5 h\u00f8re til, \u00e5 v\u00e6re en betydningsfull deltaker i fellesskapet og muligheten til medvirkning. (Ingrid Lund et al., 2015; I. Lund &amp; Helgeland, 2020).&nbsp;<\/p>\n<\/li>\n<\/ol>\n<ol role=\"list\" start=\"2\">\n<li data-aria-level=\"1\" data-aria-posinset=\"2\" data-font=\"Trebuchet MS,Times New Roman\" data-leveltext=\"%1)\" data-list-defn-props=\"{\">\n<p>&nbsp;Mobbing og krenkelser er gjentatt negativ adferd (for eksempel aggresjon, nedsettende bemerkninger, utestengelse, avvisning) fra en eller flere barn\/voksne rettet mot et barn. Det er adferd som barnet har vanskelig for \u00e5 forsvare seg mot (Helgesen, 2014; Roland, 2014).&nbsp;<\/p>\n<\/li>\n<\/ol>\n<p>Dersom du som forelder har mistanke eller kjennskap til at ditt barn ikke har det trygt og godt i barnehagen, s\u00e5 ta kontakt med pedagogisk leder p\u00e5 avdelingen. Dersom du opplever at dette ikke f\u00f8rer til bedring, s\u00e5 ta kontakt med daglig leder i barnehagen. Dersom du opplever at barnehagen ikke f\u00f8lger opp sin aktivitetsplikt kan du ta kontakt med barnehagefaglig r\u00e5dgiver i Kanvas, <a href=\"mailto:pia.halvorsen@kanvas.no\" target=\"_blank\" rel=\"noopener\">Pia Katarina Halvorsen<\/a><\/p>\n<p><strong>Mangfold og likeverd<\/strong><\/p>\n<p>I Kanvas-barnehagene skal vi synliggj\u00f8re, verdsette og fremme mangfold og gjensidig respekt, uavhengig av kj\u00f8nn, funksjonsevne, seksuell orientering, kultur, sosial status, spr\u00e5k, religion og livssyn. Barna skal f\u00e5 oppleve at det finnes mange m\u00e5ter \u00e5 tenke, handle og leve p\u00e5. Barnehagen skal vise hvordan alle kan l\u00e6re av hverandre og fremme barnas nysgjerrighet og undring over likheter og forskjeller. Mangfold skal brukes som en verdi og ressurs i det pedagogiske arbeidet.<\/p>\n<p><span style=\"font-size:16px\"><strong><u>For \u00e5 sikre et godt psykososialt milj\u00f8 i barnehagen gj\u00f8r vi f\u00f8lgende:<\/u><\/strong><\/span><\/p>\n<p style=\"margin:0cm 0cm 0cm 36pt\"><span style=\"font-size:11pt\"><span style=\"line-height:107%\"><span style=\"font-family:Aptos, sans-serif\"><span style=\"font-family:Symbol\">&middot;<span style=\"font-size:16px\"> <\/span><\/span><span style=\"font-size:16px\">M\u00f8ter barna der de er<\/span><\/span><\/span><\/span><\/p>\n<p style=\"margin:0cm 0cm 0cm 36pt\"><span style=\"font-size:16px\"><span style=\"line-height:107%\"><span style=\"font-family:Aptos, sans-serif\"><span style=\"font-family:Symbol\">&middot; <\/span>Praktiserer anerkjennende kommunikasjon &ndash; anerkjenner barnets f\u00f8lelser<\/span><\/span><\/span><\/p>\n<p style=\"margin:0cm 0cm 0cm 36pt\"><span style=\"font-size:16px\"><span style=\"line-height:107%\"><span style=\"font-family:Aptos, sans-serif\"><span style=\"font-family:Symbol\">&middot; <\/span>Fokus p\u00e5 relasjonsbygging og trygghet<\/span><\/span><\/span><\/p>\n<p style=\"margin:0cm 0cm 0cm 36pt\"><span style=\"font-size:16px\"><span style=\"line-height:107%\"><span style=\"font-family:Aptos, sans-serif\"><span style=\"font-family:Symbol\">&middot; <\/span>Viser at vi bryr oss, er der for barnet, gir mye omsorg<\/span><\/span><\/span><\/p>\n<p style=\"margin:0cm 0cm 0cm 36pt\"><span style=\"font-size:16px\"><span style=\"line-height:107%\"><span style=\"font-family:Aptos, sans-serif\"><span style=\"font-family:Symbol\">&middot; <\/span>Jobber for at alle skal f\u00f8le seg som en viktig del av fellesskapet &ndash; v\u00e6re inkludert<\/span><\/span><\/span><\/p>\n<p style=\"margin:0cm 0cm 0cm 36pt\"><span style=\"font-size:16px\"><span style=\"line-height:107%\"><span style=\"font-family:Aptos, sans-serif\"><span style=\"font-family:Symbol\">&middot; <\/span>Felles opplevelser, mange samlinger med fokus p\u00e5 vennskap og tilh\u00f8righet<\/span><\/span><\/span><\/p>\n<p style=\"margin:0cm 0cm 0cm 36pt\"><span style=\"font-size:16px\"><span style=\"line-height:107%\"><span style=\"font-family:Aptos, sans-serif\"><span style=\"font-family:Symbol\">&middot; <\/span>Sikre at alle har noen \u00e5 leke med<\/span><\/span><\/span><\/p>\n<p style=\"margin:0cm 0cm 0cm 36pt\"><span style=\"font-size:16px\"><span style=\"line-height:107%\"><span style=\"font-family:Aptos, sans-serif\"><span style=\"font-family:Symbol\">&middot; <\/span>Er tett p\u00e5 og veileder barna i ulike lekesituasjoner<\/span><\/span><\/span><\/p>\n<p style=\"margin:0cm 0cm 0cm 36pt\"><span style=\"font-size:16px\"><span style=\"line-height:107%\"><span style=\"font-family:Aptos, sans-serif\"><span style=\"font-family:Symbol\">&middot; <\/span>Vi observerer enkeltbarnet og barnegruppen med tanke p\u00e5 barnas ulike behov<\/span><\/span><\/span><\/p>\n<p style=\"margin:0cm 0cm 0cm 36pt\"><span style=\"font-size:16px\"><span style=\"line-height:107%\"><span style=\"font-family:Aptos, sans-serif\"><span style=\"font-family:Symbol\">&middot; <\/span>Barnesamtaler i forkant av foreldresamtaler med fokus p\u00e5 barnets trivsel i barnehagen<\/span><\/span><\/span><\/p>\n<p style=\"margin:0cm 0cm 0cm 36pt\"><span style=\"font-size:16px\"><span style=\"line-height:107%\"><span style=\"font-family:Aptos, sans-serif\"><span style=\"font-family:Symbol\">&middot; <\/span>Bruker praksisfortellinger p\u00e5 avdelingsm\u00f8ter som grunnlag for refleksjon<\/span><\/span><\/span><\/p>\n<p style=\"margin:0cm 0cm 0cm 36pt\"><span style=\"font-size:16px\"><span style=\"line-height:107%\"><span style=\"font-family:Aptos, sans-serif\"><span style=\"font-family:Symbol\">&middot; <\/span>Aktivitetsplan som sier noe hvilke utfordringer som skal l\u00f8ses, hvilke tiltak er planlagt, hvem som skal gjennomf\u00f8re tiltakene, n\u00e5r det&nbsp; skal gj\u00f8res og&nbsp; n\u00e5r det skal evalueres<\/span><\/span><\/span><\/p>\n<p style=\"margin:0cm 0cm 0cm 36pt\"><span style=\"font-size:16px\"><span style=\"line-height:107%\"><span style=\"font-family:Aptos, sans-serif\"><span style=\"font-family:Symbol\">&middot; <\/span>Relasjonsbarometer h\u00f8st og v\u00e5r &ndash; verkt\u00f8y for kartlegging av relasjoner voksen &#8211; enkeltbarn<\/span><\/span><\/span><\/p>\n<p style=\"margin:0cm 0cm 0cm 36pt\"><span style=\"font-size:16px\"><span style=\"line-height:107%\"><span style=\"font-family:Aptos, sans-serif\"><span style=\"font-family:Symbol\">&middot; <\/span>PLS modellen &ndash; dette er en reguleringsst\u00f8tte modell som sier noe om personalets handlingsintensjoner og evne til selvregulering n\u00e5r det oppst\u00e5r utfordrende situasjoner rundt enkeltbarn<\/span><\/span><\/span><\/p>\n<p style=\"margin:0cm 0cm 0cm 36pt\"><span style=\"font-size:16px\"><span style=\"line-height:107%\"><span style=\"font-family:Aptos, sans-serif\"><span style=\"font-family:Symbol\">&middot; <\/span>Kids do well if they can &ndash; et verkt\u00f8y som beskriver de voksnes holdninger og hvordan m\u00f8te barnet p\u00e5 en god og hensiktsmessig m\u00e5te<\/span><\/span><\/span><\/p>\n<p style=\"margin:0cm 0cm 8pt 36pt\"><span style=\"font-size:16px\"><span style=\"line-height:107%\"><span style=\"font-family:Aptos, sans-serif\"><span style=\"font-family:Symbol\">&middot; <\/span>God dialog med foresatte &ndash; godt foreldresamarbeid<\/span><\/span><\/span><\/p>\n<p><span style=\"font-size:16px\">N\u00e5r det gjelder bursdagsinvitasjoner uttrykker vi \u00f8nske om at de barna som er p\u00e5 samme gruppe som jubilanten blir invitert i selskap. Dette blir godt fulgt opp i foreldregruppen.&nbsp;Vi snakker ogs\u00e5 med foreldrene om det \u00e5 snakke fint om de andre barna i barnehagen i egne barns p\u00e5h\u00f8r. Ingen barn skal oppleve mobbing eller utestengelse i barnehagen og noen ganger m\u00e5 foreldrene hjelpe oss til mer inkludering, ved \u00e5 invitere barn med hjem etter barnehagen.<\/span><\/p>\n<p><span style=\"font-size:16px\"><span style=\"line-height:107%\"><span style=\"font-family:Aptos, sans-serif\"><b><u><span style=\"line-height:106%\">Mangfold og likeverd:<\/span><\/u><\/b><\/span><\/span><\/span><\/p>\n<p><span style=\"font-size:16px\">Vi reflekterer rundt hvilken ord vi bruker og hvordan vi ordlegger oss. Vi hjelper barn \u00e5 finne frem i det moralske kompasset n\u00e5r de st\u00e5r i ulike utfordringer knyttet til samspill med andre barn og voksne. Vi er alle forskjellige og vi skal respektere hverandre for den vi er. Vi skal i v\u00e5re holdninger og handlinger etterstrebe gode dager for alle barn uavhengig av kj\u00f8nn, kultur, interesser, funksjonsniv\u00e5 m.m.<\/span><\/p>\n<p><span style=\"font-size:16px\">Vi behandler barn ulikt ut ifra eget st\u00e5sted, tilpasset alder, modning og funksjonsniv\u00e5 samtidig som vi gir dem like muligheter til lek og aktiviteter.<\/span><\/p>\n<p style=\"margin:0cm 0cm 0cm 36pt\"><span style=\"font-size:16px\"><span style=\"line-height:107%\"><span style=\"font-family:Aptos, sans-serif\"><span style=\"line-height:107%\"><span style=\"font-family:Symbol\">&middot; <\/span>Vi lager plakat med flagg over de aktuelle land og spr\u00e5k som er representert i barnehagen<\/span><\/span><\/span><\/span><\/p>\n<p style=\"margin:0cm 0cm 0cm 36pt\"><span style=\"font-size:16px\"><span style=\"line-height:107%\"><span style=\"font-family:Aptos, sans-serif\"><span style=\"line-height:107%\"><span style=\"font-family:Symbol\">&middot; <\/span>Lager mat fra andre kulturer<\/span><\/span><\/span><\/span><\/p>\n<p style=\"margin:0cm 0cm 0cm 36pt\"><span style=\"font-size:16px\"><span style=\"line-height:107%\"><span style=\"font-family:Aptos, sans-serif\"><span style=\"line-height:107%\"><span style=\"font-family:Symbol\">&middot; <\/span>Alle barna blir inkludert i gruppen. <\/span><\/span><\/span><\/span><\/p>\n<p style=\"margin:0cm 0cm 0cm 36pt\"><span style=\"font-size:16px\"><span style=\"line-height:107%\"><span style=\"font-family:Aptos, sans-serif\"><span style=\"line-height:107%\"><span style=\"font-family:Symbol\">&middot; <\/span>Barn med spesielle behov er en integrert del av gruppen. Alle barn m\u00e5 \u00f8ve p\u00e5 noe, synliggj\u00f8re dette for barna at vi er forskjellige, men likevel like<\/span><\/span><\/span><\/span><\/p>\n<p style=\"margin:0cm 0cm 0cm 36pt\"><span style=\"font-size:16px\"><span style=\"line-height:107%\"><span style=\"font-family:Aptos, sans-serif\"><span style=\"line-height:107%\"><span style=\"font-family:Symbol\">&middot; <\/span>Barna opplever \u00e5 v\u00e6re en del av det fellesskapet i barnehagen, p\u00e5 sin egen avdeling og i sin egen gruppe. <\/span><\/span><\/span><\/span><\/p>\n<p style=\"margin:0cm 0cm 8pt 36pt\"><span style=\"font-size:16px\"><span style=\"line-height:107%\"><span style=\"font-family:Aptos, sans-serif\"><span style=\"line-height:107%\"><span style=\"font-family:Symbol\">&middot; <\/span>Vi l\u00e6rer dem om den Norske kulturen og de f\u00e5r gj\u00f8re seg egne erfaringer rundt ulike h\u00f8ytider og tradisjoner. <\/span><\/span><\/span><\/span><\/p>\n<p style=\"margin:0cm 0cm 0cm 36pt\"><span style=\"font-size:11pt\"><span style=\"line-height:107%\"><span style=\"font-family:Aptos, sans-serif\"><span style=\"font-size:12.0pt\"><span style=\"line-height:107%\"><span style=\"font-family:Symbol\">&middot; <\/span><\/span><\/span><span style=\"font-size:12.0pt\"><span style=\"line-height:107%\">Vi har b\u00f8ker som viser mangfold<\/span><\/span><\/span><\/span><\/span><\/p>\n<p style=\"margin:0cm 0cm 0cm 36pt\"><span style=\"font-size:11pt\"><span style=\"line-height:107%\"><span style=\"font-family:Aptos, sans-serif\"><span style=\"font-size:12.0pt\"><span style=\"line-height:107%\"><span style=\"font-family:Symbol\">&middot; <\/span><\/span><\/span><span style=\"font-size:12.0pt\"><span style=\"line-height:107%\">Dukkene i barnehagen er jenter og gutter i ulike farger og st\u00f8rrelser <\/span><\/span><\/span><\/span><\/span><\/p>\n<p style=\"margin:0cm 0cm 0cm 36pt\"><span style=\"font-size:11pt\"><span style=\"line-height:107%\"><span style=\"font-family:Aptos, sans-serif\"><span style=\"font-size:12.0pt\"><span style=\"line-height:107%\"><span style=\"font-family:Symbol\">&middot; <\/span><\/span><\/span><\/span><\/span><\/span><span style=\"font-size:11pt\"><span style=\"line-height:107%\"><span style=\"font-family:Aptos, sans-serif\"><span style=\"font-size:12.0pt\"><span style=\"line-height:107%\">Vi har&nbsp;<\/span><\/span><span style=\"font-size:12.0pt\"><span style=\"line-height:107%\">leker og materialer som innbyr til samspill, <\/span><\/span><\/span><\/span><\/span><\/p>\n<p style=\"margin:0cm 0cm 0cm 36pt\"><span style=\"font-size:11pt\"><span style=\"line-height:107%\"><span style=\"font-family:Aptos, sans-serif\"><span style=\"font-size:12.0pt\"><span style=\"line-height:107%\"><span style=\"font-family:Symbol\">&middot; <\/span><\/span><\/span><span style=\"font-size:12.0pt\"><span style=\"line-height:107%\">Vi er bevisste p\u00e5 at det som tilbys av leker og utstyr er relativt kj\u00f8nnsn\u00f8ytralt<\/span><\/span><\/span><\/span><\/span><\/p>\n<p style=\"margin:0cm 0cm 0cm 36pt\"><span style=\"font-size:11pt\"><span style=\"line-height:107%\"><span style=\"font-family:Aptos, sans-serif\"><span style=\"font-size:12.0pt\"><span style=\"line-height:107%\"><span style=\"font-family:Symbol\">&middot; <\/span><\/span><\/span><span style=\"font-size:12.0pt\"><span style=\"line-height:107%\">Vi tegner og henger opp flagget til den nasjonale opprinnelsen til barna<\/span><\/span><\/span><\/span><\/span><\/p>\n<p style=\"margin:0cm 0cm 0cm 36pt\"><span style=\"font-size:11pt\"><span style=\"line-height:107%\"><span style=\"font-family:Aptos, sans-serif\"><span style=\"font-size:12.0pt\"><span style=\"line-height:107%\"><span style=\"font-family:Symbol\">&middot; <\/span><\/span><\/span><span style=\"font-size:12.0pt\"><span style=\"line-height:107%\">L\u00e6rer barn Tegn til tale&nbsp;<\/span><\/span><\/span><\/span><\/span><\/p>\n<p style=\"margin:0cm 0cm 0cm 36pt\"><span style=\"font-size:11pt\"><span style=\"line-height:107%\"><span style=\"font-family:Aptos, sans-serif\"><span lang=\"NO-NYN\" style=\"font-size:12.0pt\"><span style=\"line-height:107%\"><span style=\"font-family:Symbol\">&middot; <\/span><\/span><\/span><span style=\"font-size:12.0pt\"><span style=\"line-height:107%\">L\u00e6rer enkle sanger fra andre land<\/span><\/span><\/span><\/span><\/span><\/p>\n<p style=\"margin:0cm 0cm 0cm 36pt\"><span style=\"font-size:11pt\"><span style=\"line-height:107%\"><span style=\"font-family:Aptos, sans-serif\"><span lang=\"NO-NYN\" style=\"font-size:12.0pt\"><span style=\"line-height:107%\"><span style=\"font-family:Symbol\">&middot; <\/span><\/span><\/span><span style=\"font-size:12.0pt\"><span style=\"line-height:107%\">Lytter til ulik musikk, b\u00e5de sjanger, spr\u00e5k og andre land<\/span><\/span><\/span><\/span><\/span><\/p>\n<p style=\"margin:0cm 0cm 8pt 36pt\"><span style=\"font-size:11pt\"><span style=\"line-height:107%\"><span style=\"font-family:Aptos, sans-serif\"><span style=\"font-size:12.0pt\"><span style=\"line-height:107%\"><span style=\"font-family:Symbol\">&middot; <\/span><\/span><\/span><span style=\"font-size:12.0pt\"><span style=\"line-height:107%\">Kvinner og menn gj\u00f8r de samme oppgavene i barnehagen uavhengig av kj\u00f8nn&nbsp;<\/span><\/span><\/span><\/span><\/span><\/p>\n<p style=\"margin:0cm 0cm 0cm 36pt\"><span style=\"font-size:11pt\"><span style=\"line-height:107%\"><span style=\"font-family:Aptos, sans-serif\"><span style=\"font-size:12.0pt\"><span style=\"line-height:107%\"><span style=\"font-family:Symbol\">&middot; <\/span><\/span><\/span><span style=\"font-size:12.0pt\"><span style=\"line-height:107%\">Vi markerer verdensdagen for Psykisk helse 10. oktober <\/span><\/span><\/span><\/span><\/span><\/p>\n<p style=\"margin:0cm 0cm 0cm 36pt\"><span style=\"font-size:11pt\"><span style=\"line-height:107%\"><span style=\"font-family:Aptos, sans-serif\"><span style=\"font-size:12.0pt\"><span style=\"line-height:107%\"><span style=\"font-family:Symbol\">&middot; <\/span><\/span><\/span><span style=\"font-size:12.0pt\"><span style=\"line-height:107%\">Vi markerer FN dagen 24. oktober med bla. fokus p\u00e5 barnas rettigheter<\/span><\/span><\/span><\/span><\/span><\/p>\n<p style=\"margin:0cm 0cm 0cm 36pt\"><span style=\"font-size:11pt\"><span style=\"line-height:107%\"><span style=\"font-family:Aptos, sans-serif\"><span style=\"font-size:12.0pt\"><span style=\"line-height:107%\"><span style=\"font-family:Symbol\">&middot; <\/span><\/span><\/span><span style=\"font-size:12.0pt\"><span style=\"line-height:107%\">Vi feirer jul og p\u00e5ske i barnehagen og snakker om den norske kulturen og v\u00e5re tradisjoner rundt disse h\u00f8ytidene<\/span><\/span><\/span><\/span><\/span><\/p>\n<p style=\"margin:0cm 0cm 0cm 36pt\"><span style=\"font-size:11pt\"><span style=\"line-height:107%\"><span style=\"font-family:Aptos, sans-serif\"><span style=\"font-size:12.0pt\"><span style=\"line-height:107%\"><span style=\"font-family:Symbol\">&middot; <\/span><\/span><\/span><span style=\"font-size:12.0pt\"><span style=\"line-height:107%\">Vi har eventyrperiode i januar og februar hvert \u00e5r med fokus p\u00e5 eventyr fra ulike land og ulike kulturer<\/span><\/span><\/span><\/span><\/span><\/p>\n<p style=\"margin:0cm 0cm 0cm 36pt\"><span style=\"font-size:11pt\"><span style=\"line-height:107%\"><span style=\"font-family:Aptos, sans-serif\"><span style=\"font-size:12.0pt\"><span style=\"line-height:107%\"><span style=\"font-family:Symbol\">&middot; <\/span><\/span><\/span><span style=\"font-size:12.0pt\"><span style=\"line-height:107%\">Vi feirer Samenes nasjonaldag 06. februar<\/span><\/span><\/span><\/span><\/span><\/p>\n<p style=\"margin:0cm 0cm 0cm 36pt\"><span style=\"font-size:11pt\"><span style=\"line-height:107%\"><span style=\"font-family:Aptos, sans-serif\"><span style=\"font-size:12.0pt\"><span style=\"line-height:107%\"><span style=\"font-family:Symbol\">&middot; <\/span><\/span><\/span><span style=\"font-size:12.0pt\"><span style=\"line-height:107%\">Vi markerer ID n\u00e5r vi har barn som feirer dette med sin familie<\/span><\/span><\/span><\/span><\/span><\/p>\n<p style=\"margin:0cm 0cm 8pt 36pt\"><span style=\"font-size:11pt\"><span style=\"line-height:107%\"><span style=\"font-family:Aptos, sans-serif\"><span style=\"font-size:12.0pt\"><span style=\"line-height:107%\"><span style=\"font-family:Symbol\">&middot; <\/span><\/span><\/span><span style=\"font-size:12.0pt\"><span style=\"line-height:107%\">Vi markerer med flagg den uken Bergen har Regnbuedager og snakker om hva flagget betyr og hva det representerer<\/span><\/span><\/span><\/span><\/span><\/p>\n<p style=\"margin:0cm 0cm 8pt\"><span style=\"font-size:11pt\"><span style=\"line-height:107%\"><span style=\"font-family:Aptos, sans-serif\"><span style=\"font-size:12.0pt\"><span style=\"line-height:106%\">Det er<b> <\/b>viktig med godt foreldresamarbeid ogs\u00e5 der foresatte representerer en annen kultur og\/eller en annen religion enn hva barnehagen representerer. Vi m\u00e5 avklare hvordan vi skal m\u00f8te dem og deres \u00f8nsker og behov.&nbsp;Hvordan skal vi forholde oss til deres tradisjoner dersom de strider mot norsk lov, norske tradisjoner og v\u00e5r egen barnehagekultur? Viktig \u00e5 ha ryddige samtaler der utgangspunktet m\u00e5 v\u00e6re dialog og samarbeid, samtidig som vi ogs\u00e5 skal&nbsp;representere den norske barnehagekulturen. <\/span><\/span><\/span><\/span><\/span><\/p>\n<p style=\"margin:0cm 0cm 8pt\"><span style=\"font-size:11pt\"><span style=\"line-height:107%\"><span style=\"font-family:Aptos, sans-serif\"><span style=\"font-size:12.0pt\"><span style=\"line-height:106%\">Vi<b> <\/b>ber om innspill fra foreldre om tips til hva og hvordan vi kan markere forskjellige lands nasjonaldager<b>, <\/b>ulike tradisjoner, ord og uttrykk, ulik type mat, sanger m.m.<\/span><\/span><\/span><\/span><\/span><\/p>\n<p style=\"margin:0cm 0cm 8pt\">&nbsp;<\/p>\n<p>&nbsp;<\/p>\n<\/p><\/div>\n<div id=\"barnehagens-fokusomrader\">\n<h2>Barnehagens fokusomr\u00e5der<\/h2>\n<figure class=\"wp-block-image has-image-ratio-16-9 size-full\"><img decoding=\"async\" src=\"https:\/\/backstage.mykid.no\/_ajax\/download?t=eyJ0eXAiOiJKV1QiLCJhbGciOiJIUzI1NiJ9.eyJpYXQiOjE3NzY2ODc1NDksImV4cCI6MjA5MjY4NzU0OSwiZmlsZV9pZCI6IjZ3enBaZTFEby81dWtjVUlvNXVxVXRIaUtybnQxS0YxazFHZHkya2dQL3hueXR5akFvWmIydmZzaStiR3c1L2loMUNzTUI4Q0FPT3NDUXZ4aW54NXdlMEZSa0RjSHIrTi9jaXdjVVJUazdraFdTbjRqUUd6TlpDWUpkeFlKNEJKdUZvQ1RYb0t4QkRMM3A1TW5RcDFXWDJ3bHhJZ1QzQWxXQUp6eHhtV3FpYXdvSDNoZjFUdDd0azlnRThLVEsybCIsImZpbGVuYW1lIjoiNl82OTNfMjhmNDY1YWYzZTRhZTY3NGFlZDUzZjNmZGMzZGRhNDYuanBnIn0.2g7Jp94j3D6ymZmiXH56_E-de7WSdT8jNE95apu9vSo\" alt=\"\" \/><\/figure>\n<p>Med utgangspunkt i Kanvas&rsquo; strategi utvikler barnehagen egne fokusomr\u00e5der. Det kommende barnehage\u00e5ret er barnehagens fokusomr\u00e5der:<\/p>\n<p style=\"margin:0cm 0cm 8pt\"><strong><span style=\"font-size:11pt\"><span style=\"line-height:107%\"><span style=\"font-family:Aptos, sans-serif\"><u>Lek og l\u00e6ring<\/u><\/span><\/span><\/span><\/strong><\/p>\n<p style=\"margin:0cm 0cm 8pt\"><span style=\"font-size:11pt\"><span style=\"line-height:107%\"><span style=\"font-family:Aptos, sans-serif\">Vi er opptatt av \u00e5 gi leken en stor plass i barnehagedagen. V\u00e5r jobb blir \u00e5 sikre at alle barn har noen \u00e5 leke med, samtidig som vi gir dem nok tid og rom for lek. Barna utforsker, er nysgjerrige, bruker fantasien og bearbeider ulike opplevelser n\u00e5r de leker. Personalet skal tilrettelegge og delta i barns lek. Vi skal st\u00f8tte og veilede dem underveis og l\u00e6re dem gode lekestrategier. Barnehagen skal tilrettelegge for variert lek og skape ulike milj\u00f8er som inspirerer til gode lekesituasjoner som involverer b\u00e5de sm\u00e5 og store grupper barn. Lekeomr\u00e5dene skal inviterer til samspill og samarbeid og vi utvider, tilf\u00f8rer og endrer rommene for \u00e5 sikre progresjon i leken&nbsp;i takt med barnets utvikling og behov. For \u00e5 sikre barns medvirkning er det viktig at personalet praktiserer pedagogisk improvisasjon <\/span><\/span><\/span><\/p>\n<p style=\"margin:0cm 0cm 8pt\"><span style=\"font-size:11pt\"><span style=\"line-height:107%\"><span style=\"font-family:Aptos, sans-serif\">Hver avdeling har ulike rom og boltre seg p\u00e5. Barna p\u00e5virker og tar i bruk rommet, alt etter hva som er tilgjengelige for dem. Vi pr\u00f8ver \u00e5 tilrettelegge for varierte og fleksible lekemilj\u00f8er b\u00e5de inne og ute. Vi er opptatt av balansen mellom aktivitet og hvile og pr\u00f8ver \u00e5 innrede rommene ulikt, s\u00e5nn at de dekker barnas behov. Vi bruker en del udefinerte materialer. Barnehagens ulike tradisjoner p\u00e5virker ogs\u00e5 det fysiske milj\u00f8et i barnehagen. Det v\u00e6re seg eventyrperioden, h\u00f8st, jul, vinter, p\u00e5ske og v\u00e5r\/sommer.<\/span><\/span><\/span><\/p>\n<p style=\"margin:0cm 0cm 8pt\"><strong><span style=\"font-size:11pt\"><span style=\"line-height:107%\"><span style=\"font-family:Aptos, sans-serif\"><u>Sosial kompetanse<\/u><\/span><\/span><\/span><\/strong><\/p>\n<p style=\"margin:0cm 0cm 8pt\"><span style=\"font-size:11pt\"><span style=\"line-height:107%\"><span style=\"font-family:Aptos, sans-serif\">Barnehagen skal v\u00e6re en arena der barna utvikler ferdigheter, kunnskap og holdninger for \u00e5 kunne mestre&nbsp;ulike sosiale milj\u00f8er. Barna l\u00e6rer \u00e5 etablere og vedlikeholde relasjoner og vennskap, samt utvikle et positivt selvbilde. Igjen er det viktig med gode strategier for hvordan v\u00e6re en god venn, se og inkludere barn som ikke har noen \u00e5 v\u00e6re sammen med, v\u00e6re oppmerksomme p\u00e5 at vi er ulike og at mangfold er fint. Likeverd, likestilling og fellesskap blir viktige fokusomr\u00e5der i dette arbeidet.<\/span><\/span><\/span><\/p>\n<\/p><\/div>\n<div id=\"rammeplanens-fagomrader\">\n<h2>Rammeplanens fagomr\u00e5der<\/h2>\n<figure class=\"wp-block-image has-image-ratio-16-9 size-full\"><img decoding=\"async\" src=\"https:\/\/backstage.mykid.no\/_ajax\/download?t=eyJ0eXAiOiJKV1QiLCJhbGciOiJIUzI1NiJ9.eyJpYXQiOjE3NzY2ODc1NDksImV4cCI6MjA5MjY4NzU0OSwiZmlsZV9pZCI6InVOZ1QzaS90V1RTV3ZLbnRzQTRCLzBWSm1IZlhaZmx2RzF4ZDVaa2JXQWY5UDNEbGs3dmdzSVpMbEp2UmN2SVQ0cldvUUg2VVN5NlAxMEEvOE9DSkRIam5qQ2U3amlzV0JCbktuejl3cmpmb0FFUUw3NDk2cjE4Y2YydVJYcVN1N2Y3Q0hpOGs0a253NzMyUWZUTk1oMm42WmJVVUw2S3pXbjhlZFJXdDkxVT0iLCJmaWxlbmFtZSI6IjZfMF9iMzY2OTU2NjYwMzI5Yjg0MDk3M2IxNzU5MzI1MjRmMy5qcGcifQ.SL4ZxvPZMsuQRoS0yWYX_jWolzn-eaKZKbJhfdnIR4w\" alt=\"\" \/><\/figure>\n<p>Barnas lek danner et viktig grunnlag for arbeidet med fagomr\u00e5dene. Barnehagen\u202fskal se fagomr\u00e5dene i sammenheng og alle fagomr\u00e5dene skal v\u00e6re en gjennomg\u00e5ende del av barnehagens innhold. Alle barna skal kunne oppleve progresjon i barnehagens innhold, og barnehagen skal legge til rette for at barn i alle aldersgrupper f\u00e5r varierte leke-, aktivitets- og l\u00e6ringsmuligheter. Personalet skal utvide og bygge videre p\u00e5 barnas interesser og gi barna varierte erfaringer og opplevelser. Barnehagen skal legge til rette for progresjon gjennom valg av pedagogisk innhold, arbeidsm\u00e5ter, leker, materialer og utforming av fysisk milj\u00f8. Barn skal f\u00e5 utfordringer tilpasset sine erfaringer, interesser, kunnskaper og ferdigheter.&nbsp;<\/p>\n<h3>Kommunikasjon, spr\u00e5k og tekst <\/h3>\n<p>Gjennom arbeid med fagomr\u00e5det skal barnehagen bidra til at barna f\u00e5r utforske og utvikle sin spr\u00e5kforst\u00e5else, spr\u00e5kkompetanse og et mangfold av kommunikasjonsformer. I barnehagen skal barna m\u00f8te ulike spr\u00e5k, spr\u00e5kformer og dialekter gjennom rim, regler, sanger, litteratur og tekster fra samtid og fortid. Barnehagen skal bidra til at barn leker med spr\u00e5k, symboler og tekst og stimulere til spr\u00e5klig nysgjerrighet, bevissthet og utvikling.&nbsp;<\/p>\n<p style=\"margin:0cm 0cm 8pt\"><span style=\"font-size:11pt\"><span style=\"line-height:107%\"><span style=\"font-family:Aptos, sans-serif\"><u>Hva gj\u00f8r vi:<\/u><\/span><\/span><\/span><\/p>\n<p style=\"margin:0cm 0cm 0cm 36pt\"><span style=\"font-size:11pt\"><span style=\"line-height:107%\"><span style=\"font-family:Aptos, sans-serif\"><span style=\"font-family:Symbol\">&middot; <\/span>Synger mye gjennom hele dagen, bruker mye rim og regler, \u00f8ver p\u00e5 ulike rytmer, <\/span><\/span><\/span><\/p>\n<p style=\"margin:0cm 0cm 0cm 36pt\"><span style=\"font-size:11pt\"><span style=\"line-height:107%\"><span style=\"font-family:Aptos, sans-serif\"><span style=\"font-family:Symbol\">&middot; <\/span>H\u00f8ytlesning &#8211; leser fortellinger, faktab\u00f8ker, eventyr m.m. og snakker om det vi leser underveis<\/span><\/span><\/span><\/p>\n<p style=\"margin:0cm 0cm 0cm 36pt\"><span style=\"font-size:11pt\"><span style=\"line-height:107%\"><span style=\"font-family:Aptos, sans-serif\"><span style=\"font-family:Symbol\">&middot; <\/span>Har b\u00f8ker tilgjengelige for barna<\/span><\/span><\/span><\/p>\n<p style=\"margin:0cm 0cm 0cm 36pt\"><span style=\"font-size:11pt\"><span style=\"line-height:107%\"><span style=\"font-family:Aptos, sans-serif\"><span style=\"font-family:Symbol\">&middot; <\/span>Bruker barnas egne permer som utgangspunkt for gode samtaler<\/span><\/span><\/span><\/p>\n<p style=\"margin:0cm 0cm 0cm 36pt\"><span style=\"font-size:11pt\"><span style=\"line-height:107%\"><span style=\"font-family:Aptos, sans-serif\"><span style=\"font-family:Symbol\">&middot; <\/span>Samtaler og reflekterer rundt barnas opplevelser, turer etc.<\/span><\/span><\/span><\/p>\n<p style=\"margin:0cm 0cm 0cm 36pt\"><span style=\"font-size:11pt\"><span style=\"line-height:107%\"><span style=\"font-family:Aptos, sans-serif\"><span style=\"font-family:Symbol\">&middot; <\/span>Vi bruker tegn og bilder som forsterkning til barns spr\u00e5k <\/span><\/span><\/span><\/p>\n<p style=\"margin:0cm 0cm 0cm 36pt\"><span style=\"font-size:11pt\"><span style=\"line-height:107%\"><span style=\"font-family:Aptos, sans-serif\"><span style=\"font-family:Symbol\">&middot; <\/span>Personalet er gode spr\u00e5kmodeller og setter ord p\u00e5 det de gj\u00f8r &ndash; utvider barnas ordforr\u00e5d<\/span><\/span><\/span><\/p>\n<p style=\"margin:0cm 0cm 0cm 36pt\"><span style=\"font-size:11pt\"><span style=\"line-height:107%\"><span style=\"font-family:Aptos, sans-serif\"><span style=\"font-family:Symbol\">&middot; <\/span>Leker, tuller og t\u00f8yser med ord og uttrykk<\/span><\/span><\/span><\/p>\n<p style=\"margin:0cm 0cm 0cm 36pt\"><span style=\"font-size:11pt\"><span style=\"line-height:107%\"><span style=\"font-family:Aptos, sans-serif\"><span style=\"font-family:Symbol\">&middot; <\/span>Anerkjenner og tar i bruk ulike kommunikasjonsformer b\u00e5de verbalt og nonverbalt spr\u00e5k, ulike dialekter, bokm\u00e5l, nynorsk<\/span><\/span><\/span><\/p>\n<p style=\"margin:0cm 0cm 0cm 36pt\"><span style=\"font-size:11pt\"><span style=\"line-height:107%\"><span style=\"font-family:Aptos, sans-serif\"><span style=\"font-family:Symbol\">&middot; <\/span>Personalet samarbeider og f\u00e5r veiledning med PPS\/Fagsenteret, spesialpedagoger og logopeder<\/span><\/span><\/span><\/p>\n<h3>Kropp, bevegelse, mat og helse<\/h3>\n<p>Barnehagen skal legge til rette for at alle barn kan oppleve bevegelsesglede, matglede og matkultur, mentalt og sosialt velv\u00e6re og fysisk og psykisk helse. Barna skal inkluderes i aktiviteter der de kan f\u00e5 v\u00e6re i bevegelse, lek og sosial samhandling og oppleve motivasjon og mestring ut fra egne forutsetninger. Barnehagen skal bidra til at barna blir kjent med kroppen sin og utvikler bevissthet om egne og andres grenser.&nbsp;<\/p>\n<p style=\"margin:0cm 0cm 8pt\"><span style=\"font-size:11pt\"><span style=\"line-height:107%\"><span style=\"font-family:Aptos, sans-serif\"><u>Hva gj\u00f8r vi:<\/u><\/span><\/span><\/span><\/p>\n<p style=\"margin:0cm 0cm 0cm 36pt\"><span style=\"font-size:11pt\"><span style=\"line-height:107%\"><span style=\"font-family:Aptos, sans-serif\"><span style=\"font-family:Symbol\">&middot; <\/span>Vi tilrettelegger for varierte aktiviteter b\u00e5de inne og ute<\/span><\/span><\/span><\/p>\n<p style=\"margin:0cm 0cm 0cm 36pt\"><span style=\"font-size:11pt\"><span style=\"line-height:107%\"><span style=\"font-family:Aptos, sans-serif\"><span style=\"font-family:Symbol\">&middot; <\/span>Bruker mye n\u00e6romr\u00e5dene som turm\u00e5l, ulike steder i skogen med sv\u00e6rt variert terreng, S\u00e5ta, andre lekeplasser i n\u00e6rheten,&nbsp; fotballbingen etc.<\/span><\/span><\/span><\/p>\n<p style=\"margin:0cm 0cm 0cm 36pt\"><span style=\"font-size:11pt\"><span style=\"line-height:107%\"><span style=\"font-family:Aptos, sans-serif\"><span style=\"font-family:Symbol\">&middot; <\/span>Vi bruker verkt\u00f8yet: Snakk med barn n\u00e5r vi har tema om barns seksuelle helse, samt forebygging av vold og seksuelle overgrep, respekt for egne og andres grenser<\/span><\/span><\/span><\/p>\n<p style=\"margin:0cm 0cm 0cm 36pt\"><span style=\"font-size:11pt\"><span style=\"line-height:107%\"><span style=\"font-family:Aptos, sans-serif\"><span style=\"font-family:Symbol\">&middot; <\/span>Dyrker b\u00e6r og gr\u00f8nnsaker p\u00e5 parsellen v\u00e5r &ndash; l\u00e6rer barna om hvordan maten kommer fra jord til bord<\/span><\/span><\/span><\/p>\n<p style=\"margin:0cm 0cm 0cm 36pt\"><span style=\"font-size:11pt\"><span style=\"line-height:107%\"><span style=\"font-family:Aptos, sans-serif\"><span style=\"font-family:Symbol\">&middot; <\/span>I barnehagen har vi fruktr\u00e6r og krydderurter<\/span><\/span><\/span><\/p>\n<p style=\"margin:0cm 0cm 0cm 36pt\"><span style=\"font-size:11pt\"><span style=\"line-height:107%\"><span style=\"font-family:Aptos, sans-serif\"><span style=\"font-family:Symbol\">&middot; <\/span>Fokus p\u00e5 matglede og matro under m\u00e5ltidet, den gode samtalen, selvstendighet, hjelpe hverandre <\/span><\/span><\/span><\/p>\n<p style=\"margin:0cm 0cm 0cm 36pt\"><span style=\"font-size:11pt\"><span style=\"line-height:107%\"><span style=\"font-family:Aptos, sans-serif\"><span style=\"font-family:Symbol\">&middot; <\/span>Oppfordrer barna til \u00e5 bli kjent med nye smaker inkludert spiselige vekster i naturen<\/span><\/span><\/span><\/p>\n<p style=\"margin:0cm 0cm 0cm 36pt\"><span style=\"font-size:11pt\"><span style=\"line-height:107%\"><span style=\"font-family:Aptos, sans-serif\"><span style=\"font-family:Symbol\">&middot; <\/span>Serverer grove kornprodukter, baker ofte rundstykker, scones, foccatha br\u00f8d etc.<\/span><\/span><\/span><\/p>\n<p style=\"margin:0cm 0cm 0cm 36pt\"><span style=\"font-size:11pt\"><span style=\"line-height:107%\"><span style=\"font-family:Aptos, sans-serif\"><span style=\"font-family:Symbol\">&middot; <\/span>Bruker lite salt og sukker i maten<\/span><\/span><\/span><\/p>\n<p style=\"margin:0cm 0cm 0cm 36pt\"><span style=\"font-size:11pt\"><span style=\"line-height:107%\"><span style=\"font-family:Aptos, sans-serif\"><span style=\"font-family:Symbol\">&middot; <\/span>Serverer havregr\u00f8t\/byggrynsgr\u00f8t en gang i uken<\/span><\/span><\/span><\/p>\n<p style=\"margin:0cm 0cm 0cm 36pt\"><span style=\"font-size:11pt\"><span style=\"line-height:107%\"><span style=\"font-family:Aptos, sans-serif\"><span style=\"font-family:Symbol\">&middot; <\/span>Serverer varm mat som fiskekaker, fiskepinner, pizzasnurrer, laks og kylling<\/span><\/span><\/span><\/p>\n<p style=\"margin:0cm 0cm 8pt 36pt\"><span style=\"font-size:11pt\"><span style=\"line-height:107%\"><span style=\"font-family:Aptos, sans-serif\"><span style=\"font-family:Symbol\">&middot; <\/span>Serverer fukt og gr\u00f8nt til alle m\u00e5ltider<\/span><\/span><\/span><\/p>\n<h3>Kunst, kultur og kreativitet<\/h3>\n<p>I barnehagen skal barna f\u00e5 estetiske erfaringer med kunst og kultur i ulike former og organisert p\u00e5 m\u00e5ter som gir barna anledning til utforsking, fordypning og progresjon. Barna skal st\u00f8ttes i \u00e5 v\u00e6re aktive og skape egne kunstneriske og kulturelle uttrykk. Barnehagen skal legge til rette for samh\u00f8righet og kreativitet ved \u00e5 bidra til at barna f\u00e5r v\u00e6re sammen om \u00e5 oppleve og skape kunstneriske og kulturelle uttrykk.&nbsp;<\/p>\n<p><span style=\"font-size:11pt\"><span style=\"line-height:107%\"><span style=\"font-family:Aptos, sans-serif\"><u>Hva gj\u00f8r vi:<\/u><\/span><\/span><\/span><\/p>\n<p style=\"margin:0cm 0cm 0cm 36pt\"><span style=\"font-size:11pt\"><span style=\"line-height:107%\"><span style=\"font-family:Aptos, sans-serif\"><span style=\"font-family:Symbol\">&middot; <\/span>G\u00e5r p\u00e5 teater og konserter<\/span><\/span><\/span><\/p>\n<p style=\"margin:0cm 0cm 0cm 36pt\"><span style=\"font-size:11pt\"><span style=\"line-height:107%\"><span style=\"font-family:Aptos, sans-serif\"><span style=\"font-family:Symbol\">&middot; <\/span>Jobber med teater og ulike oppvisninger\/forestillinger i barnehagen<\/span><\/span><\/span><\/p>\n<p style=\"margin:0cm 0cm 0cm 36pt\"><span style=\"font-size:11pt\"><span style=\"line-height:107%\"><span style=\"font-family:Aptos, sans-serif\"><span style=\"font-family:Symbol\">&middot; <\/span>Maler, tegner, lager kulisser<\/span><\/span><\/span><\/p>\n<p style=\"margin:0cm 0cm 0cm 36pt\"><span style=\"font-size:11pt\"><span style=\"line-height:107%\"><span style=\"font-family:Aptos, sans-serif\"><span style=\"font-family:Symbol\">&middot; <\/span>Lager modeller kitt<\/span><\/span><\/span><\/p>\n<p style=\"margin:0cm 0cm 0cm 36pt\"><span style=\"font-size:11pt\"><span style=\"line-height:107%\"><span style=\"font-family:Aptos, sans-serif\"><span style=\"font-family:Symbol\">&middot; <\/span>Lager kostymer i eventyrperioden<\/span><\/span><\/span><\/p>\n<p style=\"margin:0cm 0cm 0cm 36pt\"><span style=\"font-size:11pt\"><span style=\"line-height:107%\"><span style=\"font-family:Aptos, sans-serif\"><span style=\"font-family:Symbol\">&middot; <\/span>Tilbyr lekemateriell som innbyr til kreativitet, fantasi, samspill og samarbeid<\/span><\/span><\/span><\/p>\n<p style=\"margin:0cm 0cm 0cm 36pt\"><span style=\"font-size:11pt\"><span style=\"line-height:107%\"><span style=\"font-family:Aptos, sans-serif\"><span style=\"font-family:Symbol\">&middot; <\/span>Bruker mye dans og musikk<\/span><\/span><\/span><\/p>\n<p style=\"margin:0cm 0cm 8pt 36pt\"><span style=\"font-size:11pt\"><span style=\"line-height:107%\"><span style=\"font-family:Aptos, sans-serif\"><span style=\"font-family:Symbol\">&middot; <\/span>Felles sangstund\/samling p\u00e5 tvers av huset annenhver uke<\/span><\/span><\/span><\/p>\n<h3>Etikk, religion og filosofi<\/h3>\n<p>Barnehagen skal la barna f\u00e5 kjennskap til fortellinger, tradisjoner, verdier og h\u00f8ytider i ulike religioner og livssyn og erfaringer med at kulturelle uttrykk har egenverdi. Barnehagen skal skape interesse for samfunnets mangfold og forst\u00e5else for andre menneskers livsverden og levesett. Gjennom \u00e5 samtale om og undre seg over eksistensielle, etiske og filosofiske sp\u00f8rsm\u00e5l skal barn f\u00e5 anledning til selv \u00e5 formulere sp\u00f8rsm\u00e5l, lytte til andre, reflektere og finne svar. Slik skal barnehagen bidra til \u00e5 legge grunnlag for kritisk tenkning og d\u00f8mmekraft.&nbsp;<\/p>\n<p><u>Hva gj\u00f8r vi:<\/u><\/p>\n<ul>\n<li>Utforsker og undrer&nbsp;oss over ekstensielle, etiske, religi\u00f8se, livssynsmessige og filosofiske sp\u00f8rsm\u00e5l sammen med barna<\/li>\n<li>Bidrar til \u00e5 utvikle barnas toleranse, interesse og respekt for hverandre og for mennesker med ulik kulturell, religi\u00f8s eller livssynsmessig tilh\u00f8righet<\/li>\n<li>Gir barna kjennskap til og markerer merkedager, h\u00f8ytider, tradisjoner i den kristne kulturaarven og andre religioner og livssyn som er representert i barnehagen<\/li>\n<li>Undrer oss over hva&nbsp;er det som skjer her? Det kan v\u00e6re en situasjon i hverdagen, en bok, en fortelling, et eventyr etc.<\/li>\n<li>G\u00e5r inn i konflikter med barn med fokus p\u00e5 veien videre. Hva trenger du for \u00e5 g\u00e5 videre?<\/li>\n<li>Sier man unnskyld for noe man har gjort, hva er det da barnet unnskylder seg for? Viktig at man har noen tanker bak de ordene man bruker.<\/li>\n<li>Samtaler mye om ulike m\u00e5ter \u00e5 v\u00e6re sammen med andre p\u00e5. Vennskap &#8211; hva er en god venn? Rett og galt. Fellesskap og inkludering. Empati. Har en del leker og benytter en del b\u00f8ker som bidrar til mangfold og ikke minst undring.<\/li>\n<li>Under eventyrperioden g\u00e5r man inn i de ulike rollene\/figurene og lurer p\u00e5 hva de tenker og om vi tror &quot;at alle levde lykkelig resten av livet&quot; samt at vi snur dem litt opp\/ned og lurer p\u00e5 hva reven tenkte i en gitt situasjon, var den glad, lei seg, sint etc. Vi kan ogs\u00e5 dra inn likestillingsperspektivet her, spesielt i gamle eventyr der kj\u00f8nnsrollene er relativt avgrenset.<\/li>\n<li>Prater en del rundt&nbsp;barnas rettigheter<\/li>\n<li>Henger opp flagg p\u00e5 verdenskartet over ulike land som er representert i barnehagen &#8211; lager en liten spr\u00e5kpakke med enkle ord og uttrykk, samt telling&nbsp;fra 1-5 til hvert land.<\/li>\n<li>Refleksjonsm\u00f8ter blant personalet der etiske dillemma st\u00e5r p\u00e5 dagsorden. F.eks. skjerming av etablert lek kontra inkludering av andre barn i samme lek.<\/li>\n<\/ul>\n<h3>N\u00e6rmilj\u00f8 og samfunn<\/h3>\n<p>Barnehagen skal bidra til kunnskap om og erfaring med lokale tradisjoner, samfunnsinstitusjoner og yrker slik at barna kan oppleve tilh\u00f8righet til n\u00e6rmilj\u00f8et. Kulturelt mangfold, ulike levevis og ulike familieformer er en del av fagomr\u00e5det. Gjennom lek og varierte aktiviteter skal barna f\u00e5 erfaring med \u00e5 lytte, forhandle og diskutere og f\u00e5 begynnende kjennskap til menneskerettighetene.&nbsp;<\/p>\n<p>Fagomr\u00e5det skal omfatte kjennskap til samisk spr\u00e5k, kultur og tradisjon og kjennskap til nasjonale minoriteter.\u202f&nbsp;<\/p>\n<p><span style=\"font-size:11pt\"><span style=\"line-height:107%\"><span style=\"font-family:Aptos, sans-serif\"><u>Hva gj\u00f8r vi:<\/u><\/span><\/span><\/span><\/p>\n<p style=\"margin:0cm 0cm 0cm 36pt\"><span style=\"font-size:11pt\"><span style=\"line-height:107%\"><span style=\"font-family:Aptos, sans-serif\"><span style=\"font-family:Symbol\">&middot; <\/span>Barna viser frem huset sitt n\u00e5r vi etablerer nye grupper hver h\u00f8st<\/span><\/span><\/span><\/p>\n<p style=\"margin:0cm 0cm 0cm 36pt\"><span style=\"font-size:11pt\"><span style=\"line-height:107%\"><span style=\"font-family:Aptos, sans-serif\"><span style=\"font-family:Symbol\">&middot; <\/span>Vi bruker n\u00e6romr\u00e5det aktivt b\u00e5de som turomr\u00e5de, benytter ulike lekeplasser, fotball binge, akebakke m.m.<\/span><\/span><\/span><\/p>\n<p style=\"margin:0cm 0cm 0cm 36pt\"><span style=\"font-size:11pt\"><span style=\"line-height:107%\"><span style=\"font-family:Aptos, sans-serif\"><span style=\"font-family:Symbol\">&middot; <\/span>Barna l\u00e6rer om ulike samfunnsinstitusjoner og Norges historie i forbindelse med 17. mai<\/span><\/span><\/span><\/p>\n<p style=\"margin:0cm 0cm 0cm 36pt\"><span style=\"font-size:11pt\"><span style=\"line-height:107%\"><span style=\"font-family:Aptos, sans-serif\"><span style=\"font-family:Symbol\">&middot; <\/span>Barna f\u00e5r kunnskap om v\u00e5r historie gjennom ulike aktiviteter i forbindelse med jul og p\u00e5ske<\/span><\/span><\/span><\/p>\n<p style=\"margin:0cm 0cm 0cm 36pt\"><span style=\"font-size:11pt\"><span style=\"line-height:107%\"><span style=\"font-family:Aptos, sans-serif\"><span style=\"font-family:Symbol\">&middot; <\/span>Kanvas har egen ressurskoffert om samene og vi markerer samefolkets dag 06. februar<\/span><\/span><\/span><\/p>\n<p style=\"margin:0cm 0cm 0cm 36pt\"><span style=\"font-size:11pt\"><span style=\"line-height:107%\"><span style=\"font-family:Aptos, sans-serif\"><span style=\"font-family:Symbol\">&middot; <\/span>Vi blir kjent med ulike institusjoner som f.eks. bibliotek, kulturhus, skoler m.m.<\/span><\/span><\/span><\/p>\n<p style=\"margin:0cm 0cm 0cm 36pt\"><span style=\"font-size:11pt\"><span style=\"line-height:107%\"><span style=\"font-family:Aptos, sans-serif\"><span style=\"font-family:Symbol\">&middot; <\/span>Vi har gitt turomr\u00e5dene i n\u00e6rmilj\u00f8et egne stedsnavn<\/span><\/span><\/span><\/p>\n<p style=\"margin:0cm 0cm 0cm 36pt\"><span style=\"font-size:11pt\"><span style=\"line-height:107%\"><span style=\"font-family:Aptos, sans-serif\"><span style=\"font-family:Symbol\">&middot; <\/span>Vi plukker boss i n\u00e6rmilj\u00f8et<\/span><\/span><\/span><\/p>\n<p style=\"margin:0cm 0cm 8pt 36pt\"><span style=\"font-size:11pt\"><span style=\"line-height:107%\"><span style=\"font-family:Aptos, sans-serif\"><span style=\"font-family:Symbol\">&middot; <\/span>Vi lar barna medvirke og jobber med demokrati<\/span><\/span><\/span><\/p>\n<p style=\"margin:0cm 0cm 0cm 36pt\">&nbsp;<\/p>\n<p style=\"margin:0cm 0cm 8pt\">&nbsp;<\/p>\n<h3>Natur, milj\u00f8 og teknologi<\/h3>\n<p>Barnehagen skal bidra til at barna blir glade i naturen og f\u00e5r erfaringer med naturen som fremmer evnen til \u00e5 orientere seg og oppholde seg i naturen til ulike \u00e5rstider.&nbsp;<\/p>\n<p>Barnehagen skal legge til rette for at barna kan f\u00e5 et mangfold av naturopplevelser og f\u00e5 oppleve naturen som arena for lek og l\u00e6ring. Barnehagen skal legge til rette for at barna kan forbli nysgjerrige p\u00e5 naturvitenskapelige fenomener, oppleve tilh\u00f8righet til naturen og gj\u00f8re erfaringer med bruk av teknologi og redskaper.&nbsp;<\/p>\n<p style=\"margin:0cm 0cm 8pt\"><span style=\"font-size:11pt\"><span style=\"line-height:107%\"><span style=\"font-family:Aptos, sans-serif\"><u>Hva gj\u00f8r vi:<\/u><\/span><\/span><\/span><\/p>\n<p style=\"margin:0cm 0cm 0cm 36pt\"><span style=\"font-size:11pt\"><span style=\"line-height:107%\"><span style=\"font-family:Aptos, sans-serif\"><span style=\"font-family:Symbol\">&middot; <\/span>Turdager &ndash; b\u00e5de korte og litt lengre turer<\/span><\/span><\/span><\/p>\n<p style=\"margin:0cm 0cm 0cm 36pt\"><span style=\"font-size:11pt\"><span style=\"line-height:107%\"><span style=\"font-family:Aptos, sans-serif\"><span style=\"font-family:Symbol\">&middot; <\/span>Benytter ulike omr\u00e5der i skogen i barnehagens n\u00e6romr\u00e5de<\/span><\/span><\/span><\/p>\n<p style=\"margin:0cm 0cm 0cm 36pt\"><span style=\"font-size:11pt\"><span style=\"line-height:107%\"><span style=\"font-family:Aptos, sans-serif\"><span style=\"font-family:Symbol\">&middot; <\/span>Leker mye med kongler, steiner og pinner n\u00e5r vi er p\u00e5 tur og ellers i barnehagen<\/span><\/span><\/span><\/p>\n<p style=\"margin:0cm 0cm 0cm 36pt\"><span style=\"font-size:11pt\"><span style=\"line-height:107%\"><span style=\"font-family:Aptos, sans-serif\"><span style=\"font-family:Symbol\">&middot; <\/span>Bruker forst\u00f8rrelsesglass og nettbrett n\u00e5r vi skal utforske insekter, biller, makker etc.<\/span><\/span><\/span><\/p>\n<p style=\"margin:0cm 0cm 0cm 36pt\"><span style=\"font-size:11pt\"><span style=\"line-height:107%\"><span style=\"font-family:Aptos, sans-serif\"><span style=\"font-family:Symbol\">&middot; <\/span>Parsellen med b\u00e6r og gr\u00f8nnsaker<\/span><\/span><\/span><\/p>\n<p style=\"margin:0cm 0cm 0cm 36pt\"><span style=\"font-size:11pt\"><span style=\"line-height:107%\"><span style=\"font-family:Aptos, sans-serif\"><span style=\"font-family:Symbol\">&middot; <\/span>Krydderurter og poteter i plantekasser i barnehagen<\/span><\/span><\/span><\/p>\n<p style=\"margin:0cm 0cm 0cm 36pt\"><span style=\"font-size:11pt\"><span style=\"line-height:107%\"><span style=\"font-family:Aptos, sans-serif\"><span style=\"font-family:Symbol\">&middot; <\/span>Milj\u00f8planke &ndash; hver avdeling graver ned ulike materialer som mat, glass, papir, plast og metall om h\u00f8sten og ser hva som har skjedd n\u00e5r vi graver det opp igjen v\u00e5ren etter<\/span><\/span><\/span><\/p>\n<p style=\"margin:0cm 0cm 0cm 36pt\"><span style=\"font-size:11pt\"><span style=\"line-height:107%\"><span style=\"font-family:Aptos, sans-serif\"><span style=\"font-family:Symbol\">&middot; <\/span>Forlater omr\u00e5dene vi har v\u00e6rt p\u00e5 i god stand<\/span><\/span><\/span><\/p>\n<p style=\"margin:0cm 0cm 0cm 36pt\"><span style=\"font-size:11pt\"><span style=\"line-height:107%\"><span style=\"font-family:Aptos, sans-serif\"><span style=\"font-family:Symbol\">&middot; <\/span>Rydder boss p\u00e5 veien til- og fra turm\u00e5let<\/span><\/span><\/span><\/p>\n<p style=\"margin:0cm 0cm 8pt 36pt\"><span style=\"font-size:11pt\"><span style=\"line-height:107%\"><span style=\"font-family:Aptos, sans-serif\"><span style=\"font-family:Symbol\">&middot; <\/span>Har en del store tr\u00e6r p\u00e5 barnehagens lekeplass hvor vi kan f\u00f8lge treets utvikling med tanke p\u00e5 bladenes vekst og fall samt farge <\/span><\/span><\/span><\/p>\n<h3>Antall, rom og form<\/h3>\n<p>Fagomr\u00e5det handler om \u00e5 oppdage, utforske og skape strukturer og hjelper barna til \u00e5 forst\u00e5 sammenhenger i naturen, samfunnet og universet. Barnehagen skal synliggj\u00f8re sammenhenger og legge til rette for at barna kan utforske og oppdage matematikk i dagligliv, i teknologi, natur, kunst og kultur og ved selv \u00e5 v\u00e6re kreative og skapende. Arbeid med fagomr\u00e5det skal stimulere barnas undring, nysgjerrighet og motivasjon for probleml\u00f8sing.&nbsp;<\/p>\n<p style=\"margin:0cm 0cm 8pt\"><span style=\"font-size:11pt\"><span style=\"line-height:107%\"><span style=\"font-family:Aptos, sans-serif\"><u>Hva gj\u00f8r vi:<\/u><\/span><\/span><\/span><\/p>\n<p style=\"margin:0cm 0cm 0cm 36pt\"><span style=\"font-size:11pt\"><span style=\"line-height:107%\"><span style=\"font-family:Aptos, sans-serif\"><span style=\"font-family:Symbol\">&middot; <\/span>Vi teller, m\u00e5ler, veier og sorterer ved ulike anledninger, det v\u00e6re seg i lek, n\u00e5r vi dekker bord, lager mat m.m.<\/span><\/span><\/span><\/p>\n<p style=\"margin:0cm 0cm 0cm 36pt\"><span style=\"font-size:11pt\"><span style=\"line-height:107%\"><span style=\"font-family:Aptos, sans-serif\"><span style=\"font-family:Symbol\">&middot; <\/span>Innh\u00f8sting av b\u00e6r og gr\u00f8nnsaker gir oss gode muligheter for det samme<\/span><\/span><\/span><\/p>\n<p style=\"margin:0cm 0cm 0cm 36pt\"><span style=\"font-size:11pt\"><span style=\"line-height:107%\"><span style=\"font-family:Aptos, sans-serif\"><span style=\"font-family:Symbol\">&middot; <\/span>Rydder og sorterer leker og utstyr p\u00e5 faste plasser flere ganger for dagen <\/span><\/span><\/span><\/p>\n<p style=\"margin:0cm 0cm 0cm 36pt\"><span style=\"font-size:11pt\"><span style=\"line-height:107%\"><span style=\"font-family:Aptos, sans-serif\"><span style=\"font-family:Symbol\">&middot; <\/span>Har mye konstruksjonslek med ulike materialer som klosser, magneter, puter etc.<\/span><\/span><\/span><\/p>\n<p style=\"margin:0cm 0cm 0cm 36pt\"><span style=\"font-size:11pt\"><span style=\"line-height:107%\"><span style=\"font-family:Aptos, sans-serif\"><span style=\"font-family:Symbol\">&middot; <\/span>Bruker hverdagssituasjonene til \u00e5 undre oss over sammen med barna &ndash; hva hvis?<\/span><\/span><\/span><\/p>\n<p style=\"margin:0cm 0cm 0cm 36pt\"><span style=\"font-size:11pt\"><span style=\"line-height:107%\"><span style=\"font-family:Aptos, sans-serif\"><span style=\"font-family:Symbol\">&middot; <\/span>Har ulike st\u00f8rrelser p\u00e5 rommene v\u00e5re &ndash; bruker mye under\/over, bak\/foran, liten\/stor m.m.<\/span><\/span><\/span><\/p>\n<p style=\"margin:0cm 0cm 8pt 36pt\"><span style=\"font-size:11pt\"><span style=\"line-height:107%\"><span style=\"font-family:Aptos, sans-serif\"><span style=\"font-family:Symbol\">&middot; <\/span>Eksperimenterer med bl.a. vann &ndash; Hva skjer n\u00e5r man fryser\/smelter vann? Hva flyter? Hva synker? Og hvorfor det?<\/span><\/span><\/span><\/p>\n<\/p><\/div>\n<div id=\"barnehagen-som-laerende-organisasjon\">\n<h2>Barnehagen som l\u00e6rende organisasjon<\/h2>\n<figure class=\"wp-block-image has-image-ratio-16-9 size-full\"><img decoding=\"async\" src=\"https:\/\/backstage.mykid.no\/_ajax\/download?t=eyJ0eXAiOiJKV1QiLCJhbGciOiJIUzI1NiJ9.eyJpYXQiOjE3NzY2ODc1NDksImV4cCI6MjA5MjY4NzU0OSwiZmlsZV9pZCI6IlcwL09qaEowL0NKcTJRT3JTTUE1bVh5WDVyOUw3MnYyY2VURitqcHEzbHA4SEtId2tNcmlrYWFpL2ZyL2xxMjJSL2E1dGs3SmRjdEVpaGo4TXorU2p5S1Z5ZDFZQzlrY0lMeGkvUHZ5bVMzdWxrT0tKOTRYeE5aUWdwNS9QRm1iZUZMRTQ3Qms2eGtEWFFJVzNOL3BycHpQMUY1bzBrV1liNHNFR1BzYU9aeUxweUNpcGZWQWg2d1cxYTNEbkJMTSIsImZpbGVuYW1lIjoiNl82OTNfMTJiMjhjZGVmNmU1ODE1YTcxY2Q4MzI2YWM1NDNlOTYuanBlZyJ9.IN-6ltWSjUPYPRBaM7KRvQEQBBL-vBeDH7qcoUpd6d4\" alt=\"\" \/><\/figure>\n<p>Barnehagen skal v\u00e6re en l\u00e6rende organisasjon, og det pedagogiske arbeidet skal v\u00e6re begrunnet i barnehageloven og rammeplanen. Planlegging av det pedagogiske arbeidet sikrer b\u00e5de forankring i lovverket, samt at arbeidet er systematisk og langsiktig. Planlegging skal ogs\u00e5 bidra til kontinuitet og progresjon. Barnehagen vurderer jevnlig sitt pedagogiske arbeid. Vurderingsarbeidet skal bygge p\u00e5 refleksjoner som hele personalgruppen er involvert i. Felles refleksjoner over det pedagogiske arbeidet kan gi personalet et utgangspunkt for videre planlegging og gjennomf\u00f8ring. Det kan ogs\u00e5 bidra til en \u00e5pen diskusjon om barnehagens form\u00e5l, innhold og oppgaver. Faglige og etiske problemstillinger skal inng\u00e5 i vurderingsarbeidet. P\u00e5 denne m\u00e5ten kan personalet l\u00e6re av egen praksis og bidra til \u00e5 utvikle barnehagen som pedagogisk virksomhet. Dokumentasjon handler om \u00e5 synliggj\u00f8re og vurdere pedagogiske prosesser som foreg\u00e5r i barnehagen. I Kanvas-barnehagene har vi ulike m\u00f8tearenaer for \u00e5 jobbe med planlegging, dokumentasjon og vurdering, samt en rekke metodiske verkt\u00f8y som for eksempel didaktisk modell og Kanvas&rsquo; modell for l\u00e6rende organisasjon.&nbsp;&nbsp;<\/p>\n<p><strong><a href=\"http:\/\/vimeo.com\/zoaring\/review\/508412834\/94464f509a\" target=\"_blank\" rel=\"noopener\">Film om barnehagen som l\u00e6rende organisasjon<\/a><\/strong><\/p>\n<p>Barnehagen har f\u00e5tt tildelt midler for&nbsp;\u00e5 delta p\u00e5 ReKomp (Regionalordning for partnerskapsbarnehage) h\u00f8sten -25 til v\u00e5ren -27. ReKomp er et utviklingsarbeid&nbsp;som skal fremme kompetanseutvikling hos alle ansatte i nevnte periode. Alle barnehager i Bergen skal ha H\u00f8gskolen p\u00e5 Vestland (HVL) som samarbeidspartner. Hver barnehage f\u00e5r tildelt en utviklingspartner. Vi har etablert egen prosjektgruppe i barnehagen som skal sikre fremdrift av prosjektet og \u00f8kt kompetanse i personalgruppen. Det vil bli satt av egen m\u00f8tetid til prosjektgruppen.&nbsp;Tema for v\u00e5rt prosjekt er LEK. Vi vil i l\u00f8pet av h\u00f8sten formulere&nbsp;m\u00e5l og delm\u00e5l for prosjektet, og kommer til \u00e5 bruke b\u00e5de planleggingsdager og personalm\u00f8ter til dette arbeidet fremover.<\/p>\n<p>Vi har siste halv\u00e5r hatt med en barnehagel\u00e6rer p\u00e5 KUL &#8211; samlinger (<strong>K<\/strong>anvas`&nbsp;<strong>u<\/strong>tvikling for <strong>b<\/strong>arnehagel\u00e6rere) i regi av Kanvas sentralt.&nbsp;<\/p>\n<p>Programmet skal blant annet bidra til \u00e5 utvikle kvaliteten i v\u00e5re barnehager til beste for barn, styrke oss som l\u00e6rende organisasjon og bidra til barnehagebasert kompetanseutvikling. For barnehagel\u00e6reren skal programmet bidra til \u00f8kt trygghet i pedagogisk lederrolle, utvikle personlige og kollektive ferdigheter i ledelse samt \u00f8kt bevisstgj\u00f8ring p\u00e5 rollen som leder og kulturbygger. Dette har gitt b\u00e5de henne og barnehagen noen nye tanker og verkt\u00f8y som vi har tatt i bruk. Blant annet sm\u00e5skrittsforbedringer. Alle barnehagel\u00e6rerne skal etter planen gjennomf\u00f8re KUL. Vi har meldt p\u00e5 en ny pedagog for h\u00f8sten -25.&nbsp; &nbsp; &nbsp; &nbsp; &nbsp; &nbsp; &nbsp; &nbsp;_______________&nbsp;<\/p>\n<p>Ellers bruker vi ukentlige avdelingsm\u00f8ter og barnehagel\u00e6rerm\u00f8ter til b\u00e5de refleksjon rundt enkeltbarn, barnegruppen, organisering, planlegging, vurdering, samt eventuelle tiltak\/endringer som m\u00e5 gj\u00f8res innenfor de ulike omr\u00e5dene. P\u00e5 disse m\u00f8tene foreg\u00e5r det b\u00e5de kompetansebygging og mye deling av de ansattes ulike erfaringer.<\/p>\n<p>Vi bruker observasjoner av barn og praksisfortellinger som grunnlag for disse m\u00f8tene<\/p>\n<p>Vi har fem planleggingsdager i \u00e5ret for faglig p\u00e5fyll og utvikling, hvor vi benytter oss av b\u00e5de interne og eksterne krefter. H\u00f8sten &#8211; 25 er det planlagt en felles planleggingsdag for alle Kanvas-barnehagene i Bergen.&nbsp;<\/p>\n<p>Vi har en \u00e5rlig&nbsp;samling&nbsp;for alle barnehagel\u00e6rerne i Kanvas Bergen med aktuelt faglig fokus<\/p>\n<p>Det drives jevnlig veiledning og tett oppf\u00f8lging rundt ulike situasjoner med barn ute p\u00e5 avdelingene<\/p>\n<p>Holder oss faglig oppdaterte gjennom lesing\/refleksjon rundt artikler\/faglittertur<\/p>\n<p>&nbsp;<\/p>\n<p>&nbsp;<\/p>\n<\/p><\/div>\n<div id=\"samarbeid-med-barnas-hjem\">\n<h2>Samarbeid med barnas hjem<\/h2>\n<figure class=\"wp-block-image has-image-ratio-16-9 size-full\"><img decoding=\"async\" src=\"https:\/\/backstage.mykid.no\/_ajax\/download?t=eyJ0eXAiOiJKV1QiLCJhbGciOiJIUzI1NiJ9.eyJpYXQiOjE3NzY2ODc1NDksImV4cCI6MjA5MjY4NzU0OSwiZmlsZV9pZCI6IlNURjlpVEFCYlBSMDFhMlUwNkJoazdJdUtXd2hxaThHclB1UXhodTgxOU1KRkhjRko0dzlnMjlMUXlWZW9SNStNVHo4TnZuSlJqWjFlZitSRWdIM2xzbmg0dmhtakZWMDBDWWx1ekdhQXNkdnRBbXJRTm1uZkJRMUlINHM0V1RySmhmbEVwbkZKdXIvZ0FLT2VZeGI3UDlTbnJnenRQUGFtQWh3cFVzYWZmZFJIRnIwc2JHUG5LUmVhMXVwdUVuOSIsImZpbGVuYW1lIjoiNl82OTNfOGUxNzc0OGE2YmNiNDQ3Y2VmNjg4MThmY2RhMTY1YWYuanBlZyJ9.wlSsqbSnfWkntsarPFEwVfnb4RXYwxAkJ1A7fhamFuM\" alt=\"\" \/><\/figure>\n<p>Kanvas-barnehagenes samarbeid med foreldre bygger p\u00e5 innsikt om hvilken rolle hjemmet og barnehagen hver is\u00e6r spiller i barnets liv. Samarbeidet tar utgangspunkt i en grunnleggende respekt for foreldres kompetanse som foreldre, og den rett og det ansvar de har for \u00e5 oppdra sine barn p\u00e5 den m\u00e5ten som er riktig i forhold til deres tradisjoner, normer og vurderinger.<\/p>\n<p>Trygg tilknytning og barns emosjonelle utvikling danner grunnlaget for hvordan barnehagen jobber med barns tilvenning til barnehagelivet, b\u00e5de for f\u00f8rste gang og i nye grupper i barnehagen.&nbsp;<\/p>\n<p>For de fleste barn er det en stor overgang \u00e5 begynne i barnehagen. M\u00e5let for oss i Kanvas er at barnet ikke skal oppleve barnehagestarten som et brudd, men at barnet skal oppleve at det finnes en sammenheng mellom hjem og barnehage. Like fullt er det en l\u00f8srivelsesprosess for b\u00e5de barn og foresatte.&nbsp;<a href=\"https:\/\/www.kanvas.no\/2023\/07\/26\/tilvenning-i-barnehagen\/\" target=\"_blank\" rel=\"noopener\">Les mer om hvordan vi jobber med tilvenning i Kanvas-barnehagene<\/a><\/p>\n<p>For \u00e5 sikre samarbeid med barnas hjem og foreldrenes medvirkning p\u00e5 barnehagens samlede virksomhet, skal hver barnehage ha et foreldrer\u00e5d og et samarbeidsutvalg. Foreldrer\u00e5det best\u00e5r av alle foreldre\/foresatte. Samarbeidsutvalget best\u00e5r av foreldre\/foresatte og ansatte i barnehagen, slik at hver gruppe er likt representert. Samarbeidsutvalget skal v\u00e6re et r\u00e5dgivende, kontaktskapende og samordnende organ.<\/p>\n<p>I barnehagen medvirker foreldrene&nbsp;gjennom:<\/p>\n<ul>\n<li>startssamtale&nbsp;i tilvenningsperioden<\/li>\n<li>overgangssamtale hvis barn bytter gruppe eller avdeling<\/li>\n<li>foreldresamtaler, tilbys to ganger i \u00e5ret<\/li>\n<li>foreldrer\u00e5d<\/li>\n<li>samarbeidsutvalget (SU)<\/li>\n<li>foreldrem\u00f8ter<\/li>\n<li>\u00e5rlig brukerunders\u00f8kelse<\/li>\n<li>daglig dialog<\/li>\n<li>foreldrearrangementer&nbsp;<\/li>\n<\/ul>\n<p style=\"margin:0cm 0cm 8pt\"><span style=\"font-size:11pt\"><span style=\"line-height:107%\"><span style=\"font-family:Aptos, sans-serif\"><u>Hva gj\u00f8r vi:<\/u><\/span><\/span><\/span><\/p>\n<p style=\"margin:0cm 0cm 8pt\"><span style=\"font-size:11pt\"><span style=\"line-height:107%\"><span style=\"font-family:Aptos, sans-serif\">Vi jobber for et godt foreldresamarbeid preget av gjensidig \u00e5penhet, tillit og respekt. Vi pr\u00f8ver \u00e5 bygge gode relasjoner, sikre tilstrekkelig informasjon b\u00e5de muntlig og skriftlig og ha en \u00e5pen og konstruktiv kommunikasjon.<\/span><\/span><\/span><\/p>\n<p style=\"margin:0cm 0cm 0cm 36pt\"><span style=\"font-size:11pt\"><span style=\"line-height:107%\"><span style=\"font-family:Aptos, sans-serif\"><span style=\"font-family:Symbol\">&middot; <\/span>Daglig kontakt preget av dialog, gode relasjoner og respekt for hverandres synspunkter<\/span><\/span><\/span><\/p>\n<p style=\"margin:0cm 0cm 0cm 36pt\"><span style=\"font-size:11pt\"><span style=\"line-height:107%\"><span style=\"font-family:Aptos, sans-serif\"><span style=\"font-family:Symbol\">&middot; O<\/span>vergangsm\u00f8te\/m\u00f8te med nye foreldre<\/span><\/span><\/span><\/p>\n<p style=\"margin:0cm 0cm 0cm 36pt\"><span style=\"font-size:11pt\"><span style=\"line-height:107%\"><span style=\"font-family:Aptos, sans-serif\"><span style=\"font-family:Symbol\">&middot; <\/span>MyKid &ndash; bilder og beskrivelse av dagen v\u00e5r<\/span><\/span><\/span><\/p>\n<p style=\"margin:0cm 0cm 0cm 36pt\"><span style=\"font-size:11pt\"><span style=\"line-height:107%\"><span style=\"font-family:Aptos, sans-serif\"><span style=\"font-family:Symbol\">&middot; <\/span>Periodeskriv fra avdelingen to ganger i halv\u00e5ret med fokus p\u00e5 det vi har gjort og det vi skal gj\u00f8re fremover<\/span><\/span><\/span><\/p>\n<p style=\"margin:0cm 0cm 0cm 36pt\"><span style=\"font-size:11pt\"><span style=\"line-height:107%\"><span style=\"font-family:Aptos, sans-serif\"><span style=\"font-family:Symbol\">&middot; <\/span>Eventuelle handlingsplaner i samarbeid med foresatte rundt enkeltbarn<\/span><\/span><\/span><\/p>\n<p style=\"margin:0cm 0cm 0cm 36pt\"><span style=\"font-size:11pt\"><span style=\"line-height:107%\"><span style=\"font-family:Aptos, sans-serif\"><span style=\"font-family:Symbol\">&middot; <\/span>Foreldrearrangementer som Lucia og Sommerfest<\/span><\/span><\/span><\/p>\n<p style=\"margin:0cm 0cm 8pt 36pt\">&nbsp;<\/p>\n<\/p><\/div>\n<div id=\"samarbeid-og-sammenheng-mellom-barnehage-og-skole\">\n<h2>Samarbeid og sammenheng mellom barnehage og skole<\/h2>\n<figure class=\"wp-block-image has-image-ratio-16-9 size-full\"><img decoding=\"async\" src=\"https:\/\/backstage.mykid.no\/_ajax\/download?t=eyJ0eXAiOiJKV1QiLCJhbGciOiJIUzI1NiJ9.eyJpYXQiOjE3NzY2ODc1NDksImV4cCI6MjA5MjY4NzU0OSwiZmlsZV9pZCI6Inc1YUtBaEhGbUJUdUczVEdudGE1cU5td21LZDE4Ky9SajlxT3o1QUVYaGYxZllGZWR3VmNCTmJmRWE2bjBxNnRlVzcraXRSRjJUVEhJMWNKajV0Q2ZJL0xxRUV0bFZCdGFtZ2wrV3JqenNOcXFEZDM0cjlpclI5ZWtnYWNvemdzKy9ldGlTbXdrMXp2Q0RldURZblZCazc5alJlcERZbWRFN2VpbVYrRXFxTU9EZ3VNeTV1Sk5wVmN2OWpMZGtxYiIsImZpbGVuYW1lIjoiNl82OTNfZTQ1NGIyYmQ4ZjdjNTUxZWFhZWRhYzEzZDA5Zjg5ZTcuanBlZyJ9.uaYdW-TC4HlepctMUJN19fF0HbNLcNqFuFhfotp_jVE\" alt=\"\" \/><\/figure>\n<p>Barnehagen skal i samarbeid med foreldre og skolen legge til rette for at barna kan f\u00e5 en trygg og god overgang fra barnehage til skole og skolefritidsordning. I Kanvas \u00f8nsker vi at de eldste barna skal glede seg til \u00e5 begynne p\u00e5 skolen og at de skal oppleve at det er en sammenheng mellom barnehagen og skolen. Det siste \u00e5ret i barnehagen skal oppleves som meningsfylt, spennende og ekstraordin\u00e6rt.<\/p>\n<p>Vi har som m\u00e5l at barna skal m\u00f8te skolen med nysgjerrighet og tro p\u00e5 egne evner.<\/p>\n<p>Leken skal st\u00e5 sentralt ogs\u00e5 i barna sitt siste \u00e5r i barnehagen, fordi vi vet at barn f\u00f8rst og fremst l\u00e6rer gjennom lek. Barna skal f\u00e5 b\u00e5de tid og rom til \u00e5 leke og utvikle vennskap. Lek og vennskap er grunnleggende for barns trivsel, noe som igjen p\u00e5virker l\u00e6ringsevnen. Samtidig som leken er spontan og egenmotivert s\u00e5 handler leken i aller h\u00f8yeste grad om \u00e5 l\u00e6re og mestre noe som har stor betydning for barna, b\u00e5de her og n\u00e5, og resten av livet. Leken gir barna allsidig l\u00e6ring, den gir barna en forst\u00e5else av seg selv og andre og den gir rom for utforskning og utfoldelse.<\/p>\n<p>I Kanvas-barnehagene mener vi at barna er de beste b\u00e6rerne av sammenhenger. Derfor skal barna v\u00e6re med \u00e5 utforme b\u00e5de det siste \u00e5ret i barnehagen og bidra til \u00e5 skape egen mening i overgangen til skolen. Dette gj\u00f8r vi blant annet gjennom at barna skal v\u00e6re aktive deltakere i utforming av m\u00e5l og metoder, samt samtaler med barna.<\/p>\n<p>For at barna skal oppleve sammenheng i overgangen mellom barnehage og skole er samarbeid med foresatte viktig. Et av v\u00e5re m\u00e5l er at vi gjennom dialog, forventningsavklaring og et n\u00e6rt samarbeid med foreldrene til de eldste barna skaper en felles forst\u00e5else av det siste \u00e5ret i barnehagen og overgangen til skolen. Informasjonsdeling er et viktig ledd i \u00e5 sikre en best mulig overgang. Opplysninger om enkeltbarn blir aldri delt uten samtykke fra foreldrene.<\/p>\n<p>I Kanvas forplikter vi oss til \u00e5 delta p\u00e5 ulike typer samarbeidsm\u00f8ter og andre initiativ som har som m\u00e5l \u00e5 st\u00f8tte opp om overgangen til skole.<\/p>\n<p>Vi skal ta initiativ til et samarbeid med skolene om grenseobjekter, dersom det ikke allerede eksisterer. Grenseobjekter er noe barna kan stifte bekjentskap med i barnehagen og senere m\u00f8te i skolen. Dette kan f.eks. et spill, en lek, en bok eller en arbeidsmetode. Dette skal bidra til \u00e5 skape en sammenheng for barna i overgangen, samtidig som det gir barna noen felles erfaringer n\u00e5r nye relasjoner skal etableres.<\/p>\n<p>Vi har fokus p\u00e5 at barna skal utvikle og tro p\u00e5 egne evner og opparbeide seg et godt selvbilde. Et selvbilde er en positiv holdning til seg selv og lar seg overf\u00f8re til tidligere ukjente handlinger. Selvbilde er basert p\u00e5 barnets tro p\u00e5 seg selv, ikke til forveksling med selvtillit hvor man m\u00e5ler seg selv med andre. Dette er viktig for at de skal g\u00e5 inn i nye sosiale settinger p\u00e5 en god m\u00e5te.<\/p>\n<p>Som f\u00f8rskolebarn vil barna f\u00e5 stor medvirkning p\u00e5 egen hverdag og egen l\u00e6ring. Dette er med p\u00e5 \u00e5 gi barna l\u00e6relyst og bidrar til starten p\u00e5 et livslangt l\u00e6ringsl\u00f8p. Barnet skal erfare at det er selvstendig og at det mestrer \u00e5 ta selvstendige valg. Som f\u00f8rskolebarn f\u00e5r barna mer frihet, men og mer ansvar. Vi arbeider aktivt med at barna skal bli mer selvstendige i hverdagsaktiviteter. Vi arbeider ogs\u00e5 videre med barnas evne til \u00e5 lytte til beskjeder og vente p\u00e5 tur. Skolen har uttalt forventninger om at barna skal mestre leken og at de er selvstendige med tanke p\u00e5 blant annet p\u00e5kledning, toalett, holde orden p\u00e5 sekken sin etc.<\/p>\n<p><u>For \u00e5 oppn\u00e5 disse m\u00e5lene gj\u00f8r vi f\u00f8lgende:&nbsp; &nbsp; <\/u>&nbsp; &nbsp; &nbsp; &nbsp; &nbsp; &nbsp; &nbsp; &nbsp; &nbsp; &nbsp; &nbsp; &nbsp; &nbsp; &nbsp; &nbsp; &nbsp; &nbsp; &nbsp; &nbsp; &nbsp; &nbsp; &nbsp; &nbsp; &nbsp; &nbsp; &nbsp; &nbsp; &nbsp; &nbsp; &nbsp; &nbsp; &nbsp; &nbsp; &nbsp; &nbsp; &nbsp; &nbsp; &nbsp; &nbsp; &nbsp; &nbsp; &nbsp; &nbsp; &nbsp; &nbsp; &nbsp; &nbsp; &nbsp; &nbsp; &nbsp; &nbsp; &nbsp; &nbsp; &nbsp; &nbsp; &nbsp; &nbsp; &nbsp; &nbsp; &nbsp; &nbsp; &nbsp; &nbsp; &nbsp; &nbsp; &nbsp; &nbsp; &nbsp; &nbsp; &nbsp; &nbsp; &nbsp; &nbsp; &nbsp; &nbsp;<\/p>\n<ul>\n<li>Tett samarbeid med n\u00e6rskolen der barna skal begynne<\/li>\n<li>Jevnlig bes\u00f8k p\u00e5 n\u00e6rskolen &#8211; deltar p\u00e5 felles samlinger et par ganger i m\u00e5neden<\/li>\n<li>G\u00e5r ofte tur over skoleplassen &#8211; prater med elever som vi kjenner fra barnehagen<\/li>\n<li>Bes\u00f8k p\u00e5 skolen &#8211; omvisning p\u00e5 SFO&nbsp;og i klasserommet<\/li>\n<li>Bes\u00f8k av fjor\u00e5rets f\u00f8rskolebarn b\u00e5de h\u00f8st og v\u00e5r<\/li>\n<li>Bes\u00f8k av avdelingsleder og SFO leder i barnehagen<\/li>\n<li>Overgangsm\u00f8ter med skolen om enkeltbarn og barn med spesielle behov<\/li>\n<li>Felles grenseobjekt &#8211; Bukkene Bruse begynner p\u00e5 skolen<\/li>\n<li>Avslutningsseremoni<\/li>\n<\/ul>\n<p>Vi tilrettelegger for gode lekesituasjoner, god relasjonskvalitet, identitetsbygging, gruppedynamikk, fellesskap og barns medvirkning.<\/p>\n<p>I tillegg bruker vi skrivedans som er en metode for \u00e5 forberede barna p\u00e5 innl\u00e6ring av h\u00e5ndskrift. Det inneb\u00e6rer ikke innl\u00e6ring av bokstaver eller skriving, men grov- og finmotoriske bevegelser gjennom dans og tegning. H\u00e5ndbevegelsene og former man bruker n\u00e5r man skriver, brukes i bevegelsene n\u00e5r man danser og tegner skrivedans. Musikk og rytme er viktige elementer. Aktivitetene er lekpreget og skal stimulere&nbsp;til \u00f8kt kroppsbevissthet samt ha en positiv effekt p\u00e5 konsentrasjon og \u00f8ye- h\u00e5ndkoordinasjon.<\/p>\n<p>&nbsp;<\/p>\n<p>&nbsp;<\/p>\n<\/p><\/div>\n<\/div>\n","protected":false},"excerpt":{"rendered":"<p>\u00c5rsplanen viser hvordan barnehagen arbeider for \u00e5 omsette rammeplanens form\u00e5l og innhold. Her finner du barnehagens pedagogisk handlingsplan.<\/p>\n","protected":false},"author":1,"featured_media":0,"comment_status":"closed","ping_status":"closed","sticky":false,"template":"","format":"standard","meta":[],"categories":[1],"tags":[],"acf":[],"_links":{"self":[{"href":"https:\/\/www.kanvas.no\/kjenndalslia\/wp-json\/wp\/v2\/posts\/5081"}],"collection":[{"href":"https:\/\/www.kanvas.no\/kjenndalslia\/wp-json\/wp\/v2\/posts"}],"about":[{"href":"https:\/\/www.kanvas.no\/kjenndalslia\/wp-json\/wp\/v2\/types\/post"}],"author":[{"embeddable":true,"href":"https:\/\/www.kanvas.no\/kjenndalslia\/wp-json\/wp\/v2\/users\/1"}],"replies":[{"embeddable":true,"href":"https:\/\/www.kanvas.no\/kjenndalslia\/wp-json\/wp\/v2\/comments?post=5081"}],"version-history":[{"count":0,"href":"https:\/\/www.kanvas.no\/kjenndalslia\/wp-json\/wp\/v2\/posts\/5081\/revisions"}],"wp:attachment":[{"href":"https:\/\/www.kanvas.no\/kjenndalslia\/wp-json\/wp\/v2\/media?parent=5081"}],"wp:term":[{"taxonomy":"category","embeddable":true,"href":"https:\/\/www.kanvas.no\/kjenndalslia\/wp-json\/wp\/v2\/categories?post=5081"},{"taxonomy":"post_tag","embeddable":true,"href":"https:\/\/www.kanvas.no\/kjenndalslia\/wp-json\/wp\/v2\/tags?post=5081"}],"curies":[{"name":"wp","href":"https:\/\/api.w.org\/{rel}","templated":true}]}}