{"id":39,"date":"2026-04-13T15:23:41","date_gmt":"2026-04-13T13:23:41","guid":{"rendered":"https:\/\/www.kanvas.no\/moerlia\/2026\/04\/13\/informasjonshefte\/"},"modified":"2026-04-13T15:23:41","modified_gmt":"2026-04-13T13:23:41","slug":"informasjonshefte","status":"publish","type":"post","link":"https:\/\/www.kanvas.no\/moerlia\/2026\/04\/13\/informasjonshefte\/","title":{"rendered":"Informasjonshefte"},"content":{"rendered":"<div class=\"t2-featured-content-layout alignwide wp-block-t2-featured-content-layout dont-print\">\n<div class=\"t2-featured-query-post t2-featured-content wp-block-t2-featured-query-post t2-featured-content-layout-col-4 t2-featured-content-layout-col-2-mobile\">\n\t\t\t\t\t<a class=\"t2-post-link wp-block-t2-post-link\" href=\"#om-barnehagen\"><\/p>\n<figure class=\"t2-post-featured-image has-image-ratio-16-9 wp-block-t2-post-featured-image\"><img decoding=\"async\" src=\"https:\/\/backstage.mykid.no\/_ajax\/download?t=eyJ0eXAiOiJKV1QiLCJhbGciOiJIUzI1NiJ9.eyJpYXQiOjE3NzYwODY2MjEsImV4cCI6MjA5MjA4NjYyMSwiZmlsZV9pZCI6IlJ3TmtDZWtCWGd3VlF2MFRrbW5qZHJJbE9mNERZRVZ5TzlZYXJjZ2xTcEhOU2tUTmdKcGNnRE5FdVdQb0NrdURSWXFVaWRkN3pRV3NLWkIrU3BFQjRVajI0Qll2YW4zaTBLeHVlZEdyQ0tRRDZyeEFFSVpLNVgySGlIWEFieEw0Wkd3c3ZoSC9CTTlQVUxQajErYm8zNndnNHpWWXBtY1lhWEVOZHp3cldEQUNNVEpBUmRsenFDSktnVlZaVUdMRyIsImZpbGVuYW1lIjoiNl80Njc3X2IyZjk3YzcxMmVjMzQ4NmEzYjBlZTY2Y2M5NWMxZmM1LmpwZyJ9.xDqqODeuqAVJ6utyma7CJWlti2eMvwppn7oH1fRfByI\" alt=\"\" \/><\/figure>\n<div class=\"wp-block-group alignfull is-layout-flow\">\n<h2 class=\"t2-post-title wp-block-t2-post-title fluid-2\">Om barnehagen<\/h2>\n<div class=\"t2-post-excerpt wp-block-t2-excerpt\">\n\t\t\t\t\t\t\t\tHer finner du fakta om barnehagen, \u00e5pningstider og kontaktinformasjon.\n\t\t\t\t\t\t\t<\/div>\n<\/p><\/div>\n<p>\t\t\t\t\t<\/a>\n\t\t\t\t<\/div>\n<div class=\"t2-featured-query-post t2-featured-content wp-block-t2-featured-query-post t2-featured-content-layout-col-4 t2-featured-content-layout-col-2-mobile\">\n\t\t\t\t\t<a class=\"t2-post-link wp-block-t2-post-link\" href=\"#ny-i-barnehagen\"><\/p>\n<figure class=\"t2-post-featured-image has-image-ratio-16-9 wp-block-t2-post-featured-image\"><img decoding=\"async\" src=\"https:\/\/backstage.mykid.no\/_ajax\/download?t=eyJ0eXAiOiJKV1QiLCJhbGciOiJIUzI1NiJ9.eyJpYXQiOjE3NzYwODY2MjEsImV4cCI6MjA5MjA4NjYyMSwiZmlsZV9pZCI6IkVja0t6Q2VsMzUvR2pUVm5RVG1kZjBLZlRMM05aTXN4cnJDUjNVdFpnYXM3Vm45dllGcFIvL0JNU0xnWnpDVkZERmE4dVJaSVJERDd3UzZjTGFBMGRoUHNYTGhuZ3lDUGQ5d3Ura3dML2Z5TmFxUW9RZmZkN2JtOWJucVBTa2txR0JUZDdLejVpNW1QQ292d0dObjdpTVVPQnJwYXMxakIvN1dIMDA5VDY3QT0iLCJmaWxlbmFtZSI6IjZfMF9mNjQ0NDQ4NTk2ZGRlYzJjZWZhNmM4YTI1MTRlMzRmOC5qcGcifQ.cvaswSgc8saIZWk9Mn1LZTsspCkYq0MpylNuVhr8JzI\" alt=\"\" \/><\/figure>\n<div class=\"wp-block-group alignfull is-layout-flow\">\n<h2 class=\"t2-post-title wp-block-t2-post-title fluid-2\">Ny i barnehagen<\/h2>\n<div class=\"t2-post-excerpt wp-block-t2-excerpt\">\n\t\t\t\t\t\t\t\tHer finner du info om tilvenning, startsamtalen og hva du b\u00f8r vite f\u00f8r oppstart.\n\t\t\t\t\t\t\t<\/div>\n<\/p><\/div>\n<p>\t\t\t\t\t<\/a>\n\t\t\t\t<\/div>\n<div class=\"t2-featured-query-post t2-featured-content wp-block-t2-featured-query-post t2-featured-content-layout-col-4 t2-featured-content-layout-col-2-mobile\">\n\t\t\t\t\t<a class=\"t2-post-link wp-block-t2-post-link\" href=\"#praktisk-info\"><\/p>\n<figure class=\"t2-post-featured-image has-image-ratio-16-9 wp-block-t2-post-featured-image\"><img decoding=\"async\" src=\"https:\/\/backstage.mykid.no\/_ajax\/download?t=eyJ0eXAiOiJKV1QiLCJhbGciOiJIUzI1NiJ9.eyJpYXQiOjE3NzYwODY2MjEsImV4cCI6MjA5MjA4NjYyMSwiZmlsZV9pZCI6IkhzRkZNV2sxaS81YllybEtuSUI4bis2QnU2dWJ5Q1U4ZDFDN2lNdHN0SkY4Z3V2WXFMSnFLV3JEVEM2di9raGxOT2EvQkM1MUVFMWFqK3lkL29RbEdickh6c0pnd2VMZ3RwcGZsWGJnaTMrMVpyNHYxYmV5VG9GMk81VTlMa3l4TzV6bjVXdDRLWUJ4RkVTNjNWei91Y2UwSXJZY1hMeDVTNXBpdkhBazI2dz0iLCJmaWxlbmFtZSI6IjZfMF82M2YxMGIwMDkxYmEyYmFmM2Y5NWU3NzA4ZjNlNzljZS5qcGcifQ.oiUxuyqFel2TW7WKamA9j_Zqi-afegf1XPP1PGevn_g\" alt=\"\" \/><\/figure>\n<div class=\"wp-block-group alignfull is-layout-flow\">\n<h2 class=\"t2-post-title wp-block-t2-post-title fluid-2\">Praktisk info<\/h2>\n<div class=\"t2-post-excerpt wp-block-t2-excerpt\">\n\t\t\t\t\t\t\t\tHer finner du informasjon om bl.a. kl\u00e6r og utstyr, mat, soving, sykt barn, ferie og forsikring.\n\t\t\t\t\t\t\t<\/div>\n<\/p><\/div>\n<p>\t\t\t\t\t<\/a>\n\t\t\t\t<\/div>\n<div class=\"t2-featured-query-post t2-featured-content wp-block-t2-featured-query-post t2-featured-content-layout-col-4 t2-featured-content-layout-col-2-mobile\">\n\t\t\t\t\t<a class=\"t2-post-link wp-block-t2-post-link\" href=\"#barnehagehverdagen\"><\/p>\n<figure class=\"t2-post-featured-image has-image-ratio-16-9 wp-block-t2-post-featured-image\"><img decoding=\"async\" src=\"https:\/\/backstage.mykid.no\/_ajax\/download?t=eyJ0eXAiOiJKV1QiLCJhbGciOiJIUzI1NiJ9.eyJpYXQiOjE3NzYwODY2MjEsImV4cCI6MjA5MjA4NjYyMSwiZmlsZV9pZCI6Im1sTFJ3V1VoOUNOeWlmeGdRMWZDcUdCeUs0VHQ4M2MzNlMwU3VTMCtST3RCNzlpZ21vaHpUYzRRVnBIV2NaTy9OM0hiMmtHQWU5VEJ4ZG5SWjJwYUdOSTdDRXlRcTdaUHBPQlZ2MVMxQVJyVGdwMjk5eURrdWNtaG5uWHgzQ1Rpc3ZTY09ReFF5T3R6QkYrT1luMVI2cm4ybFBMNm5TWm1pM0NtZVpUVFE3M1VwMHBlL1AySGZEWGZBd0w4TWxhdCIsImZpbGVuYW1lIjoiNl80Njc3XzJkOTRkNTkxMWZiY2U0Y2E0ZDYyYmZiYWQ3M2YxYjVhLmpwZWcifQ.h65nzvd3mPSkmkXU2CBe6OLJqVA8G8AfQAnd2bC7l3A\" alt=\"\" \/><\/figure>\n<div class=\"wp-block-group alignfull is-layout-flow\">\n<h2 class=\"t2-post-title wp-block-t2-post-title fluid-2\">Barnehagehverdagen<\/h2>\n<div class=\"t2-post-excerpt wp-block-t2-excerpt\">\n\t\t\t\t\t\t\t\tHer finner du informasjon om bl.a. dagsrytme, aktiviteter og bemanning.\n\t\t\t\t\t\t\t<\/div>\n<\/p><\/div>\n<p>\t\t\t\t\t<\/a>\n\t\t\t\t<\/div>\n<div class=\"t2-featured-query-post t2-featured-content wp-block-t2-featured-query-post t2-featured-content-layout-col-4 t2-featured-content-layout-col-2-mobile\">\n\t\t\t\t\t<a class=\"t2-post-link wp-block-t2-post-link\" href=\"#foreldresamarbeid\"><\/p>\n<figure class=\"t2-post-featured-image has-image-ratio-16-9 wp-block-t2-post-featured-image\"><img decoding=\"async\" src=\"https:\/\/backstage.mykid.no\/_ajax\/download?t=eyJ0eXAiOiJKV1QiLCJhbGciOiJIUzI1NiJ9.eyJpYXQiOjE3NzYwODY2MjEsImV4cCI6MjA5MjA4NjYyMSwiZmlsZV9pZCI6IjlrbmxZcFN4Y1NYWWNja1FzeVRoUEFUa2I1YlVPSEpOWW14REdsNmphV21Sd1hXdVZtTmxQWjlIeHU2eWNlTG1SLzRiaTVRTk9XVVQxY0YrVlVmREdIY3ZPcTdDem1idVRTbTZhWHVhU3krcXJpQXJFK3lEbnE4Zmdrb2tNRytyMnpOQnhEeU1jTVhITHo1UFBTVHlKTHlVN1BtR0NXRFhUTmwvVUwzczJuTT0iLCJmaWxlbmFtZSI6IjZfMF8yMjQzZjNhYTQ1NmQ0ZjQ1NDJjOTlkNTE2MWFmMzgzNi5qcGcifQ.u2nxfPkRMmHgFyn24lHM1kpv2XtXxMjzCBIbHBB5ToI\" alt=\"\" \/><\/figure>\n<div class=\"wp-block-group alignfull is-layout-flow\">\n<h2 class=\"t2-post-title wp-block-t2-post-title fluid-2\">Foreldresamarbeid<\/h2>\n<div class=\"t2-post-excerpt wp-block-t2-excerpt\">\n\t\t\t\t\t\t\t\tHer finner du informasjon om bl.a. MyKid, foreldresamtaler og -m\u00f8ter, SU, foreldrebetaling og foreldreunders\u00f8kelsen.\n\t\t\t\t\t\t\t<\/div>\n<\/p><\/div>\n<p>\t\t\t\t\t<\/a>\n\t\t\t\t<\/div>\n<div class=\"t2-featured-query-post t2-featured-content wp-block-t2-featured-query-post t2-featured-content-layout-col-4 t2-featured-content-layout-col-2-mobile\">\n\t\t\t\t\t<a class=\"t2-post-link wp-block-t2-post-link\" href=\"#arshjul\"><\/p>\n<figure class=\"t2-post-featured-image has-image-ratio-16-9 wp-block-t2-post-featured-image\"><img decoding=\"async\" src=\"https:\/\/backstage.mykid.no\/_ajax\/download?t=eyJ0eXAiOiJKV1QiLCJhbGciOiJIUzI1NiJ9.eyJpYXQiOjE3NzYwODY2MjEsImV4cCI6MjA5MjA4NjYyMSwiZmlsZV9pZCI6InJ6ZDJLUHAxV0JDZG9SOEt5aHlBUjJaRzlxMEVrU0YyZVh2QmtXQXBFZkdHc01rbE5GaFl5aUllaFNjMTBvaHFQWGs2RVBwcEZtcldxZTJMNW5TMzNERDdzQUJvQmFCK0NGcEw1YzV4dkh5Z0FGWWx0QXoxVmlaTk4zbmJ5a2RndGordXJJd3VWSDhoem1ZVHBiclVUUjhENExqVW1ESWo5UzFXci84eDA2ND0iLCJmaWxlbmFtZSI6IjZfMF85NjFmN2FiZTk0ZmJhZmYzYWI2MDIwNWVlOGVkMWQwYi5qcGcifQ.xohsjaHfGmV5iJ2UCQqCi-6iID3Jy2EbVlou3FWgwhM\" alt=\"\" \/><\/figure>\n<div class=\"wp-block-group alignfull is-layout-flow\">\n<h2 class=\"t2-post-title wp-block-t2-post-title fluid-2\">\u00c5rshjul<\/h2>\n<div class=\"t2-post-excerpt wp-block-t2-excerpt\">\n\t\t\t\t\t\t\t\tHer finner du oversikt over merkedager, planleggingsdager, ferielukket mm.\n\t\t\t\t\t\t\t<\/div>\n<\/p><\/div>\n<p>\t\t\t\t\t<\/a>\n\t\t\t\t<\/div>\n<\/div>\n<div class=\"text-content\">\n<div id=\"om-barnehagen\">\n<h2>Om barnehagen<\/h2>\n<figure class=\"wp-block-image has-image-ratio-16-9 size-full\"><img decoding=\"async\" src=\"https:\/\/backstage.mykid.no\/_ajax\/download?t=eyJ0eXAiOiJKV1QiLCJhbGciOiJIUzI1NiJ9.eyJpYXQiOjE3NzYwODY2MjEsImV4cCI6MjA5MjA4NjYyMSwiZmlsZV9pZCI6IlJ3TmtDZWtCWGd3VlF2MFRrbW5qZHJJbE9mNERZRVZ5TzlZYXJjZ2xTcEhOU2tUTmdKcGNnRE5FdVdQb0NrdURSWXFVaWRkN3pRV3NLWkIrU3BFQjRVajI0Qll2YW4zaTBLeHVlZEdyQ0tRRDZyeEFFSVpLNVgySGlIWEFieEw0Wkd3c3ZoSC9CTTlQVUxQajErYm8zNndnNHpWWXBtY1lhWEVOZHp3cldEQUNNVEpBUmRsenFDSktnVlZaVUdMRyIsImZpbGVuYW1lIjoiNl80Njc3X2IyZjk3YzcxMmVjMzQ4NmEzYjBlZTY2Y2M5NWMxZmM1LmpwZyJ9.xDqqODeuqAVJ6utyma7CJWlti2eMvwppn7oH1fRfByI\" alt=\"\" \/><\/figure>\n<p>DETTE ER MOERLIA:<\/p>\n<table>\n<tbody>\n<tr>\n<td>\n<p>&nbsp;<\/p>\n<p>En barnehage der gode relasjoner og godt samspill st\u00e5r i sentrum for alt vi gj\u00f8r<\/p>\n<p>En barnehage der lek har en framtredende plass<\/p>\n<p>En barnehage som setter av god tid til alt vi gj\u00f8r<\/p>\n<p>En barnehage som er allsidig i sitt aktivitetstilbud<\/p>\n<p>En barnehage der barn og ansatte er mye ute<\/p>\n<p>En barnehage med kvalifisert personale, med kompetanse p\u00e5 mange felt<\/p>\n<p>&nbsp;<\/p>\n<\/td>\n<\/tr>\n<\/tbody>\n<\/table>\n<p>&nbsp;<\/p>\n<p>Barnehagen ligger p\u00e5 Moerfeltet, ca 1 &frac12; km s\u00f8r for \u00c5s sentrum. Vi&nbsp;har akebakke, fotballbane og klatrevegg innenfor gjerdet. Det er kort&nbsp;vei til skogen, en turmulighet som stort sett benyttes ukentlig.&nbsp;<br \/>\n&nbsp;<\/p>\n<p>Barnehagen har tre avdelinger med plass til 50 &#8211; 54&nbsp;barn og 14&nbsp;ansatte.<\/p>\n<p>Barnehage\u00e5ret 2024-2025 er avdelingene organsiert slik:&nbsp;<\/p>\n<p>Humlebolet: 20 plasser, 2-5&nbsp;\u00e5r<\/p>\n<p>Maurtua: 16 plasser for barn 1-2 \u00e5r<\/p>\n<p>Revehiet: 16 plasser for barn 3-5&nbsp;\u00e5r<\/p>\n<p>&nbsp;<\/p>\n<p>\u00c5pningstid:&nbsp;07.15-16.45, det er mulig \u00e5 s\u00f8ke om \u00e5pningstid fra 7, hvis man har behov for det. Ta kontakt med daglig leder.<\/p>\n<p>&nbsp;<\/p>\n<p>&nbsp;<\/p>\n<p>&nbsp;<\/p>\n<p>&nbsp;<\/p>\n<p>&nbsp;<\/p>\n<p>&nbsp;<\/p>\n<\/p><\/div>\n<div id=\"ny-i-barnehagen\">\n<h2>Ny i barnehagen<\/h2>\n<figure class=\"wp-block-image has-image-ratio-16-9 size-full\"><img decoding=\"async\" src=\"https:\/\/backstage.mykid.no\/_ajax\/download?t=eyJ0eXAiOiJKV1QiLCJhbGciOiJIUzI1NiJ9.eyJpYXQiOjE3NzYwODY2MjEsImV4cCI6MjA5MjA4NjYyMSwiZmlsZV9pZCI6IkVja0t6Q2VsMzUvR2pUVm5RVG1kZjBLZlRMM05aTXN4cnJDUjNVdFpnYXM3Vm45dllGcFIvL0JNU0xnWnpDVkZERmE4dVJaSVJERDd3UzZjTGFBMGRoUHNYTGhuZ3lDUGQ5d3Ura3dML2Z5TmFxUW9RZmZkN2JtOWJucVBTa2txR0JUZDdLejVpNW1QQ292d0dObjdpTVVPQnJwYXMxakIvN1dIMDA5VDY3QT0iLCJmaWxlbmFtZSI6IjZfMF9mNjQ0NDQ4NTk2ZGRlYzJjZWZhNmM4YTI1MTRlMzRmOC5qcGcifQ.cvaswSgc8saIZWk9Mn1LZTsspCkYq0MpylNuVhr8JzI\" alt=\"\" \/><\/figure>\n<h3>F\u00f8r oppstart<\/h3>\n<p>F\u00f8r barnet begynner i barnehagen&nbsp;mottar de foresatte en sms med beskjed om \u00e5 registrere barnet og foresatte i kommunikasjonsplattformen MyKid. I MyKid skal dere fylle ut kontaktinformasjon og andre opplysninger som er viktig for barnets opphold i barnehagen, blant annet et samtykkeskjema og en egenerkl\u00e6ring om barnets helse.<\/p>\n<p>Foreldre som ikke bor sammen skal fylle ut hvert sitt skjema.<\/p>\n<p>Opplysninger om barnets helse er taushetsbelagt og det vil v\u00e6re begrenset&nbsp;tilgang til informasjonen i barnehagen.<\/p>\n<p>&nbsp;<\/p>\n<h3>Tilvenning<\/h3>\n<p>Les mer om tilvenning her:&nbsp;<a href=\"https:\/\/www.kanvas.no\/2023\/07\/26\/tilvenning-i-barnehagen\/\">Tilvenning i barnehagen &#8211; Kanvas<\/a><\/p>\n<p>Man f\u00e5r som regel&nbsp;barnehageplass fra 1.august, det er da nytt barnehage\u00e5r begynner, men spesielt p\u00e5 Maurtua (1-2 \u00e5r) er det mange barn som begynner og vi m\u00e5 fordele tilvenningsperioden utover slik at det blir bra for alle. Endelig oppstartsdato&nbsp; vil dere f\u00e5 beskjed om i slutten av mai og dere vil ogs\u00e5 bli invitert til en bes\u00f8ksdag i barnehagen slik at vi kan bli litt kjent. Under bes\u00f8ket vil dere m\u00f8te ansatte som skal jobbe p\u00e5 barnets avdeling, samt andre nye barn og deres foreldre. Bes\u00f8ket vil handle om \u00e5 bli kjent med de ansatte og med hverandre, ved \u00e5 v\u00e6re sammen rundt barna. Bes\u00f8ket gjennomf\u00f8res inne p\u00e5 barnets avdeling eller p\u00e5 barnehagens uteomr\u00e5de.&nbsp;Vi oppfordrer dere ogs\u00e5 til \u00e5 leke p\u00e5 barnehagens uteomr\u00e5de i helgene og til \u00e5 komme p\u00e5 uformelt bes\u00f8k n\u00e5r vi er ute p\u00e5 formiddager framover.<\/p>\n<p>N\u00e5r sm\u00e5 barn begynner i barnehagen, er det ikke mulig \u00e5 forklare dem hvordan denne f\u00f8rste store overgangen i livet kommer til \u00e5 foreg\u00e5. De trenger derfor at &nbsp;foreldre og ansatte samarbeider godt, slik at overgangen blir s\u00e5 fin og enkel som mulig. En god tilvenning og tilknytning der barnet f\u00e5r tid og muligheter til \u00e5 gj\u00f8re seg kjent, sammen med dere foreldre, vil fremme trygge sm\u00e5barn som kan trives, leke, utforske og l\u00e6re i barnehagen.&nbsp; &nbsp;I Moerlia legger vi opp til en tilvenningsperiode der dere foreldre tar en aktiv rolle. Dette har utgangspunkt i et prosjekt som heter &laquo;Liten og ny i barnehagen&raquo; som opprinnelig ble i gang satt i Trondheim kommune.&nbsp; Barn er forskjellig og noen trenger lenger tid p\u00e5 \u00e5 bli kjent og trygg enn andre. I utgangspunktet tenker vi at dere foreldre skal v\u00e6re i barnehagen hele f\u00f8rste uka, men g\u00e5 fra barnet ei lita stund p\u00e5 dag 4 og 5. Dette vil vi sammen vurdere underveis.&nbsp;&nbsp;<\/p>\n<p>&nbsp;<\/p>\n<p>Foreldreaktiv tilvenning&nbsp;<\/p>\n<p>Foreldreaktiv tilvenning inneb\u00e6rer at dere foreldre har en aktiv rolle overfor eget barn i tilvenningsperioden og har hovedansvaret for barnet.&nbsp; Det er dere som representerer trygghet og som derfor er best egnet til \u00e5 st\u00f8tte barnet n\u00e5r det n\u00e5 skal bli kjent i et nytt milj\u00f8. Det er dere som kjenner barnets rutiner og vet n\u00e5r barnet trenger tr\u00f8st og n\u00e6rhet eller n\u00e5r barnet er klar for lek og utforskning. I l\u00f8pet av tilvenningsdagene har dere mulighet til \u00e5 dele denne kunnskapen om barnet med de ansatte.&nbsp;I &laquo;Liten og ny i barnehagen&raquo; legges det vekt p\u00e5 at dere foreldre f\u00e5r anledning til \u00e5 hjelpe barnet med \u00e5 bli kjent med ansatte og andre barn. M\u00e5let er at barnet gradvis erfarer at ogs\u00e5 barnehagen er et fint og trygt sted \u00e5 v\u00e6re.&nbsp;Hver familie f\u00e5r en eller to kontaktpersoner som har et spesielt ansvar for \u00e5 ta seg av &laquo;sine&raquo; barn og foreldre i forbindelse med barnehagestarten. &nbsp;Vi etablerer sm\u00e5grupper med to kontaktpersoner og 2-4 barn med hver sin forelder. Kontaktpersonene har som oppgave raskt \u00e5 etablere en relasjon til barnet, slik at barnet har en &laquo;trygg havn&raquo; n\u00e5r dere foreldre ikke lenger er i barnehagen. Det er ogs\u00e5 viktig at dere foreldre etablerer et godt forhold til kontaktpersonene, da det er noe barnet vil merke.&nbsp;<\/p>\n<p>&nbsp;<\/p>\n<p>Hvis mulig anbefaler vi litt korte dager de f\u00f8rste ukene i barnehagen.&nbsp;<\/p>\n<p>&nbsp;<\/p>\n<p>For eldre barn som begynner i barnehagen (p\u00e5 Revehiet og Humlebolet) setter&nbsp;vi som utgangspunkt av tre dager, men der man m\u00e5 vurdere sammen underveis. Barn er forskjellige og har forskjellige behov.&nbsp;<\/p>\n<p>Overganger innad i barnehagen:<\/p>\n<p>Dette kan ogs\u00e5 v\u00e6re en stor endring i barns liv, fra \u00e5 v\u00e6re blannt de eldste av 14-15 barn til \u00e5 v\u00e6re yngst av 18. Vi vurderer hvert \u00e5r hvilken avdelingssammensetting vi skal ha for det neste barnehage\u00e5ret. Detet avhenger av hvilke barn vi har og alderssammensetting p\u00e5 de som s\u00f8ker og f\u00e5r plass ved hovedopptaket. Vi setter uansett av god tid til tilvenning og tilknytning slik at barna blir kjent med barn, ansatte og det fysiske milj\u00f8et p\u00e5 ny avdeling.&nbsp;<\/p>\n<p>&nbsp;<\/p>\n<p style=\"margin:0cm\">&nbsp;<\/p>\n<p>&nbsp;<\/p>\n<h3>Startsamtalen<\/h3>\n<p>Om startsamtalen i Kanvas:&nbsp;<a href=\"https:\/\/www.kanvas.no\/2023\/07\/06\/startsamtale-foreldresamtaler-og-foreldremoter\/\">Startsamtale, foreldresamtaler og foreldrem\u00f8ter &#8211; Kanvas<\/a><\/p>\n<p>Oppstartsamtale&nbsp;<\/p>\n<p>Dere vil f\u00e5 tilbud om oppstartsamtale rett etter at barnet begynner i barnehagen. Samtalen er en viktig del av samarbeidet mellom foreldre og barnehage. M\u00e5let med samtalen er at dere forteller litt om barnet (barnets d\u00f8gnrytme, hva barnet liker \u00e5 leke med, hvilken mat barnet liker, hvordan barnet s\u00f8ker tr\u00f8st med mer) og at de ansatte gir informasjon om barnehagen og tilvenningen. Under foreldresamtalen er det ogs\u00e5 god mulighet for dere foreldre \u00e5 stille sp\u00f8rsm\u00e5l.<\/p>\n<p>Samtalen er med barnets kontaktperson og varer ca 30 min.&nbsp;<\/p>\n<p>&nbsp;<\/p>\n<p>Foreldresamtaler: Vi tilbyr to samtaler pr \u00e5r, h\u00f8st og v\u00e5r, og evn flere ved behov.<\/p>\n<\/p><\/div>\n<div id=\"praktisk-info\">\n<h2>Praktisk info<\/h2>\n<figure class=\"wp-block-image has-image-ratio-16-9 size-full\"><img decoding=\"async\" src=\"https:\/\/backstage.mykid.no\/_ajax\/download?t=eyJ0eXAiOiJKV1QiLCJhbGciOiJIUzI1NiJ9.eyJpYXQiOjE3NzYwODY2MjEsImV4cCI6MjA5MjA4NjYyMSwiZmlsZV9pZCI6IkhzRkZNV2sxaS81YllybEtuSUI4bis2QnU2dWJ5Q1U4ZDFDN2lNdHN0SkY4Z3V2WXFMSnFLV3JEVEM2di9raGxOT2EvQkM1MUVFMWFqK3lkL29RbEdickh6c0pnd2VMZ3RwcGZsWGJnaTMrMVpyNHYxYmV5VG9GMk81VTlMa3l4TzV6bjVXdDRLWUJ4RkVTNjNWei91Y2UwSXJZY1hMeDVTNXBpdkhBazI2dz0iLCJmaWxlbmFtZSI6IjZfMF82M2YxMGIwMDkxYmEyYmFmM2Y5NWU3NzA4ZjNlNzljZS5qcGcifQ.oiUxuyqFel2TW7WKamA9j_Zqi-afegf1XPP1PGevn_g\" alt=\"\" \/><\/figure>\n<h3>Kl\u00e6r og utstyr<\/h3>\n<p>Utstyrsliste for barnehagen&nbsp; &#8211; Maurtua:<\/p>\n<p>Det er mye som trengs n\u00e5r den lille skal starte i barnehagen, og det kan f\u00f8les overveldende. Kj\u00f8p gjerne brukte kl\u00e6r! (Sko b\u00f8r ikke kj\u00f8pes brukt) Her i barnehagen trenger barna kl\u00e6r som t\u00e5ler mye aktivitet og som dere ikke er redde for at skal bli stygt eller \u00f8delagt.&nbsp;&nbsp;Kl\u00e6rne skal v\u00e6re praktiske, gode \u00e5 bevege seg i og behagelige.&nbsp;&nbsp;Det er en fordel om ute-t\u00f8yet kan henge i barnehagen. Det er fort gjort \u00e5 glemme det hjemme, og v\u00e6romslag kan skje i l\u00f8pet av barnehagedagen. Barna m\u00e5 ha kl\u00e6r til all slags v\u00e6r. Vi er ute hver dag.&nbsp;&nbsp;Vi skifter kl\u00e6r ofte, s\u00e5 husk \u00e5 merke ALT med navn &ndash; til og med sokkene. Da er det st\u00f8rre sannsynlighet for at dere f\u00e5r riktig t\u00f8y tilbake, og det sparer oss ansatte for tid og frustrasjon. Det er foreldrenes ansvar at det er tilstrekkelig med skiftet\u00f8y i barnehagen.&nbsp;<\/p>\n<p>N\u00e5r det blir kaldere ute, er det fint med tynt ullt\u00f8y innerst mot kroppen. Ull holder kroppen varm og t\u00f8rr og transporterer fuktigheten bort fra kroppen.&nbsp;&nbsp;Det ytterste laget skal beskytte mot v\u00e6r og vind. Her er parkdress det beste alternativet. Husk at dressen skal v\u00e6re vanntett, ha strikk til \u00e5 ha under skoene, v\u00e6re lang nok i ryggen slik at de sm\u00e5 klarer \u00e5 reise seg opp fra bakken og sitte uten at det strammer.&nbsp;&nbsp;Et tips som kan spare b\u00e5de milj\u00f8 og lommebok er \u00e5 velge en parkdress med avtagbart f\u00f2r slik at den fungerer b\u00e5de om h\u00f8sten og vinteren.&nbsp;&nbsp;<\/p>\n<p>&nbsp;<\/p>\n<h3>Bringe og hente<\/h3>\n<p>Barnehagens&nbsp; \u00e5pningstid er 7.15 &#8211; 16.45.<\/p>\n<p>\n&nbsp;<\/p>\n<p>Alle skal bli m\u00f8tt, sett og hilst p\u00e5 om morgenen. Derimot klarer&nbsp;vi ikke \u00e5 m\u00f8te alle i garderoben. F\u00f8lg barnet ditt inn p\u00e5 avdelinga, da kan vi sl\u00e5 av en prat, og &nbsp;utveksle litt informasjon. Ikke g\u00e5 fra barnehagen f\u00f8r du har snakka&nbsp;med en ansatt!<\/p>\n<p>Hvis du vil at barnet ditt skal spise frokost (ta med matpakke!) i barnehagen m\u00e5 dere komme f\u00f8r 8.30.&nbsp;Vi pr\u00f8ver \u00e5 f\u00e5 snakket med alle foreldre n\u00e5r de henter, sl\u00e5 av en prat og fortelle litt fra barnehagedagen. Ikke ta med barnet fra barnehagen f\u00f8r du har snakka&nbsp;med en ansatt.&nbsp; &nbsp; &nbsp; &nbsp; &nbsp; &nbsp; &nbsp; &nbsp; &nbsp; &nbsp; &nbsp; &nbsp; &nbsp; &nbsp; &nbsp; &nbsp; &nbsp; &nbsp; &nbsp; &nbsp; &nbsp; &nbsp; &nbsp; &nbsp; &nbsp; &nbsp; &nbsp; &nbsp; &nbsp; &nbsp; &nbsp; &nbsp; &nbsp; &nbsp; &nbsp; &nbsp; &nbsp; &nbsp; &nbsp; &nbsp; &nbsp; &nbsp; &nbsp; &nbsp; &nbsp; &nbsp; &nbsp; &nbsp; &nbsp; &nbsp; Vi skal alltid vite hvor mange barn, og hvilke barn som er i barnehagen til enhver tid.&nbsp;<\/p>\n<p>Personalets arbeidstid er over 16.45, s\u00e5 pass p\u00e5 at du er ute av d\u00f8ra f\u00f8r det. Ser du at du kommer for seint (feks forsinka tog, hendelser p\u00e5 vegen) s\u00e5 gi oss beskjed.&nbsp;<\/p>\n<p>&nbsp;<\/p>\n<p>Aktiviteter og turer starter gjerne 9.30. Vil du komme seinere er det helt ok, men gi oss beskjed! Er vi p\u00e5 tur kan det hende du m\u00e5 da levere i skogen i stedet for barnehagen.<\/p>\n<p>&nbsp;<\/p>\n<p>NB! Hvis andre skal hente barnet ditt m\u00e5 vi f\u00e5 beskjed i forkant. Si fra om morgenen, send melding eller legg inn p\u00e5 My Kid i l\u00f8pet av dagen.&nbsp;<\/p>\n<h3>Mat og m\u00e5ltider<\/h3>\n<p>I Kanvas f\u00f8lger vi Helsedirektoratets retningslinjer for mat og m\u00e5ltider i barnehagen.<\/p>\n<p>Les mer om mat og m\u00e5ltider i Kanvas-barnehagene her:&nbsp;<a href=\"https:\/\/www.kanvas.no\/nytt-og-nyttig\/sunn-mat-i-barnehagen\/\">Sunn mat i barnehagen &#8211; Kanvas<\/a><\/p>\n<p>&nbsp;<\/p>\n<p>MAT<\/p>\n<p>M\u00e5ltidene i barnehagen er en vesentlig del av barnehagedagen, og mat og drikke som tilbys i barnehagen utgj\u00f8r en viktig del av barns kosthold. Vi er opptatt av at maten vi tilbyr i barnehagen skal v\u00e6re sunn og gi barna energi, samt holde blodsukkeret stabilt. Da er barna best rustet til \u00e5 leke og utfolde seg gjennom dagen.&nbsp;<\/p>\n<p>Barna betaler kr 400,- pr m\u00e5ned i matpenger.<\/p>\n<p>Dette dekker lunsj fire dager i uka, melk, frukt og noe spesielt til bursdager.<br \/>\nBarna har med matpakke til frokost. &nbsp;Til lunsj er det br\u00f8d og variert p\u00e5legg tre dager i uka, en dag lager vi varmmat. Tirsdager har barna med matpakke til lunsj ogs\u00e5.&nbsp; P\u00e5 turdagen sm\u00f8rer barn og ansatte mat og tar med, eller vi lager mat p\u00e5 tur. Barnehagen har b\u00e5ltakke, og den kan brukes til \u00e5 steke b\u00e5de fiskekaker og sveler. Til ettermiddagsm\u00e5ltidet serverer vi knekkebr\u00f8d med p\u00e5legg eller matyoghurt med b\u00e6r.&nbsp;Vi har gr\u00f8nt\/frukt&nbsp;og vann og melk til alle m\u00e5ltider.<\/p>\n<p>Bursdag er en spesiell dag i barns liv! Maurtua (de yngste ) feirer uten noe spesielt \u00e5 spise, mens Humlebolet og Revehiet lager noe etter batrns \u00f8nske.&nbsp;&nbsp;Det kan v\u00e6re feks v\u00e6re fruktsalat, fruktspyd, smoothie eller grove vafler.<\/p>\n<p>Vi har en liten kj\u00f8kkenhage der vi dyrker litt urter,&nbsp;samt at vi har noen frukttre og b\u00e6rbusker.<\/p>\n<p>&nbsp;<\/p>\n<p>Vi f\u00f8lger retningslinjene for mat og m\u00e5ltider i barnehagen&nbsp;&nbsp;<a href=\"https:\/\/www.helsedirektoratet.no\/retningslinjer\/mat-og-maltider-i-barnehagen\">Mat og m\u00e5ltider i barnehagen &#8211; Helsedirektoratet<\/a><\/p>\n<p>&nbsp;<\/p>\n<h3>Tur<\/h3>\n<p>Humlebolet og Revehiet g\u00e5r stort sett tur til skogen hver uke, enten i grupper eller hele avdelinga. Vi g\u00e5r inn ved Follo Futura og bruker skogsomr\u00e5det der. I skogen leker vi, ser p\u00e5 planter og tr\u00e6r, leter etter bj\u00f8rn og finner dyrespor, lager mat p\u00e5 p\u00e5lpanne eller&nbsp;spiser matpakke og leker enda mer. Maurtua g\u00e5r gjerne tur i n\u00e6rmilj\u00f8et; bort til jordet for \u00e5 se p\u00e5 hester eller til v\u00e5r egen lille hundremeterskog og leker der.&nbsp;Vi tar ogs\u00e5 turer til lekeplasser i n\u00e6rheten og av og til til biblioteket.<\/p>\n<p>Vi har prosedyre og risikovurdering for sikkerhet p\u00e5&nbsp; tur, dette omfatter at&nbsp;vi n\u00f8ye p\u00e5 \u00e5 tilpasse antall barn til antall ansatte, vi har med f\u00f8rstehjelpsutstyr og mobil hvis det skulle skje noe. Barna telles b\u00e5de f\u00f8r vi g\u00e5r og underveis, dette gj\u00f8res p\u00e5 MyKid.&nbsp;<\/p>\n<p>&nbsp;<\/p>\n<p>&nbsp;<\/p>\n<p>&nbsp;<\/p>\n<h3>Bursdagsfeiring<\/h3>\n<p>BURSDAGSFEIRING:<\/p>\n<p>Bursdagen er en stor dag i barnas liv, og vi vil markere den i barnehagen. Bursdagsbarnet skal f\u00e5 f\u00f8le seg litt spesiell den dagen. Vi lager krone, de st\u00f8rste barna f\u00e5r velge bok\/sang\/lek i samlingsstund, p\u00e5 Maurtua f\u00e5r bursdagsbarnet kappe og fiske etter sanger&nbsp;og vi lager ogs\u00e5 noe ekstra til lunsj\/frukt denne dagen.<\/p>\n<p>&nbsp;<\/p>\n<p>Vi vil ikke at foreldre deler ut bursdagsinvitasjoner i barnehagen. Det er veldig leit&nbsp; \u00e5 ikke bli invitert s\u00e5 pass p\u00e5 at dere inviterer de som naturlig h\u00f8rer til ei gruppe. Sp\u00f8r gjerne ansatte hvis dere er i tvil.&nbsp;<\/p>\n<h3>Feriestengt og -avvikling<\/h3>\n<p>Kanvas-barnehagene&nbsp;holder stengt jul- og nytt\u00e5rsaften, onsdag f\u00f8r skj\u00e6rtorsdag og 5 planleggingsdager i l\u00f8pet av barnehage\u00e5ret. Barna skal i tillegg ha fire ukers ferie i l\u00f8pet av barnehage\u00e5ret. Barn som skal slutte i barnehagen m\u00e5 avvikle ferien f\u00f8r 1. august.<\/p>\n<p>Moerlia har seks planleggingsdager &#8211; det samme som \u00c5s kommune. For barnehage\u00e5ret 2025-2026 har vi f\u00f8lgende planleggingsdager:&nbsp;13.8, 14.8, 15.8, 10.11, 15.5 og 22.6. Barnehagen er stengt p\u00e5 planleggingsdager.<\/p>\n<p>Vi har stengt uke 29 og 30. Alle barn skal ha tre uker sammenhengende ferie i perioden 23.6 &#8211; 15.8.<\/p>\n<p>Foreldre m\u00e5 melde inn barnas ferie f\u00f8r 24.4, slik at daglig leder f\u00e5r planlagt ansattes&nbsp;ferie ut fra hvor mange barn som er tilstede.&nbsp;<\/p>\n<p>&nbsp;<\/p>\n<h3>Samtykker<\/h3>\n<p>Foreldre fyller ut et samtykkeskjema&nbsp;i MyKid&nbsp;f\u00f8r barnet starter i barnehagen. I dette skjemaet fyller dere ut om dere f.eks. tillater at det tas bilder av barnet, og om dere tillater at barnet kan bli med p\u00e5 tur med offentlig transport.<\/p>\n<p>Foreldre kan gj\u00f8re endringer i samtykkeskjemaet&nbsp;gjennom \u00e5ret.<\/p>\n<p>&nbsp;<\/p>\n<h3>Personvern<\/h3>\n<p>Alle barnehager har en lovp\u00e5lagt plikt til \u00e5 s\u00f8rge for at personopplysninger er tilfredsstillende sikret for \u00e5 unng\u00e5 krenkelser av personvernet til ansatte, barn og foreldre. Barnehagen skal gjennom planlagte og systematiske tiltak s\u00f8rge for tilfredsstillende informasjonssikkerhet med hensyn til konfidensialitet, integritet og tilgjengelighet ved behandling av personopplysninger. Personopplysninger skal ikke lagres lenger enn det som er n\u00f8dvendig.<\/p>\n<h2>Samtykke<\/h2>\n<p>Lagring av personopplysninger om barn og foresatte forutsetter at samtykkeskjema er fylt ut og signert. Dette gj\u00f8res p\u00e5 MyKid.<\/p>\n<h2>Barnemapper<\/h2>\n<p>Hver barnehage har et digitalt barnemappearkiv der all dokumentasjon om barn som g\u00e5r i barnehagen arkiveres. Daglig leder i barnehagen, eller stedfortredende, er ansvarlig for tilgangskontroll. Kun ansatte som jobber med barnet har tilgang til mappen.<\/p>\n<p>Foresatte har normalt tilgang til informasjonen i barnemappen, for eksempel startsamtale og oppf\u00f8lgingssamtaler. Dokumenter som er utarbeidet for eventuell intern saksforberedelse kan unntas fra innsyn. Barnets foresatte har som hovedregel rett til innsyn i alt som omhandler sitt barn. For \u00e5 vurdere krav om innsyn skal barnehagen motta skriftlig henvendelse som vil bli besvart skriftlig. E-posthenvendelse regnes her som skriftlig henvendelse. Eventuelle kopier av dokumenter fra barnemappen skal leveres direkte til den som har f\u00e5tt tillatelse til innsyn.<\/p>\n<p>N\u00e5r barnet slutter i barnehagen, vil opplysningene som hovedregel enten overf\u00f8res til foresatte eller bli slettet av barnehagen. Unntak fra dette kan v\u00e6re barnehagens behov for \u00e5 dokumentere saksbehandling i en konkret sak knyttet til et barn, for eksempel en barnevernssak.<\/p>\n<h2>Trygg h\u00e5ndtering av digitale enheter<\/h2>\n<p>Av personvernhensyn skal ikke digitale kommunikasjonsmidler (eks. smartklokke, mobiltelefon e.l.) medbringes barnehagen.<\/p>\n<p>Alle digitale enheter som benyttes i jobbsammenheng, som PC, nettbrett og mobiltelefon, skal v\u00e6re passordbeskyttet. PC og nettbrett skal oppbevares nedl\u00e5st etter \u00e5pningstid. Personlige enheter skal som en hovedregel ikke benyttes i jobbsammenheng. To-faktor autentisering ved p\u00e5logging m\u00e5 benyttes der enhet&nbsp;benyttes til annet enn n\u00f8dstilfelle.&nbsp;<\/p>\n<h2>Bilder av barn &#8211; retningslinjer for ansatte<\/h2>\n<p>Det kan kun tas identifiserbare bilder av barn som er godkjent for fotografering, og bildene kan kun deles etter godkjenning fra foresatte &#8211; ref. samtykkeskjema. Alle Kanvas-barnehager utarbeider egne retningslinjer for h\u00e5ndtering av bilder av barn.<\/p>\n<h2>Bilder av barn &#8211; retningslinjer for foresatte<\/h2>\n<p>Det skal ikke&nbsp;deles bilder av andres barn uten samtykke fra barnas foresatte. Det gjelder alle arrangementer tilknyttet barnehagen, inkludert det som skjer utenfor barnehagens omr\u00e5de. Dette baseres p\u00e5 personvernloven og Datatilsynets retningslinjer for personvern i barnehagen, samt deres veileder om bilder av barn. Se folderen &laquo;I beste mening&raquo; om bilder av barn her: <a href=\"https:\/\/www.datatilsynet.no\/personvern-pa-ulike-omrader\/skole-barn-unge\/bilder-av-barn-pa-nett\/\">https:\/\/www.datatilsynet.no\/personvern-pa-ulike-omrader\/skole-barn-unge\/bilder-av-barn-pa-nett\/<\/a><\/p>\n<ul>\n<li>\n<p>Hovedregelen er at du alltid skal be om samtykke fra alle som direkte eller indirekte kan gjenkjennes p\u00e5 et bilde f\u00f8r det publiseres. Hvis de som er avbildet er under 15 \u00e5r, m\u00e5 ogs\u00e5 de foresatte samtykke til publiseringen. Hvis du deler bilder uten lov, vil du i verste fall kunne havne i straffansvar. Dette gjelder enten bildet skal deles \u00e5pent p\u00e5 en nettside, p\u00e5 en lukket Facebook-side eller via epost.<\/p>\n<\/li>\n<li>\n<p>Vi m\u00e5 v\u00e6re s\u00e6rlig bevisste p\u00e5 reglene i situasjoner hvor ogs\u00e5 andres barn kommer med p\u00e5 bildene som tas, for eksempel p\u00e5 en Lucia-frokost i barnehagen. Der er det lett \u00e5 f\u00e5 med andre barn p\u00e5 bildet. Da er det viktig at vi sp\u00f8r de foresatte om lov f\u00f8r det deles. Vi vet aldri hvilke situasjoner andre mennesker er i, og mange kan ha gode grunner til \u00e5 ikke ha bilder av seg selv p\u00e5 nett. Dessuten er det et godt nok argument rett og slett \u00e5 ikke \u00f8nske en slik tilstedev\u00e6relse.<\/p>\n<\/li>\n<li>\n<p>Unntak: P\u00e5 noen bilder er det selve situasjonen, eller aktiviteten, som er hovedtema. Hvilke personer som er p\u00e5 bildet er da mindre viktig. Dette kan for eksempel gjelde avstandsbilder av et 17. maitog. Slike bilder kan deles uten tillatelse fra de avbildede s\u00e5 lenge bildene er harml\u00f8se og ikke p\u00e5 noen m\u00e5te kan f\u00f8les krenkende for de som er avbildet. Ha likevel som hovedregel alltid \u00e5 sp\u00f8rre alle p\u00e5 bildet f\u00f8r det deles for ikke \u00e5 tr\u00e5 feil. Det er dessuten en h\u00f8flig gest \u00e5 sp\u00f8rre dem det gjelder f\u00f8r bildet i det hele tatt tas, s\u00e5 langt det lar seg gj\u00f8re.<\/p>\n<\/li>\n<\/ul>\n<p>&nbsp;<\/p>\n<h3>Sikkerhet\/HMS<\/h3>\n<p>Vi har risikovurderinger og prosedyrer for sikkerhet b\u00e5de inne og ute. Utelekeplassen sjekkes daglig.&nbsp;<\/p>\n<p>Vi tar alltid barnas sikkerhet p\u00e5 alvor, og har derfor noen retningslinjer for hva som m\u00e5 unng\u00e5s av kl\u00e6r og utstyr i barnehagen for \u00e5 ikke utsette barn for kvelningsfare:<\/p>\n<p>Bruk buff eller hals i stedet for skjerf.<\/p>\n<p>Unng\u00e5 hettegensere eller andre plagg med fastsydd hette. Det meste av parkdresser og regnt\u00f8y har hetter med glidel\u00e5s\/knapper som l\u00f8sner om barna blir hengende fast i noe.<\/p>\n<p>Unng\u00e5 drikkeflasker med snorer til \u00e5 henge rundt halsen.<\/p>\n<p>Fjern snorer fra barnas kl\u00e6r hvis de kan utsette barnet for kvelningsfare.<\/p>\n<p>Ikke heng sykkelhjelmer tilgjengelig for barn i garderoben.<\/p>\n<p>Barnas sekker skal henges utilgjengelig for barn.<\/p>\n<p>Ikke ta med tau, hoppetau eller hoppestrikk hjemmefra.<\/p>\n<p>&nbsp;<\/p>\n<h3>Sykt barn<\/h3>\n<p>Kanvas f\u00f8lger&nbsp;<a href=\"https:\/\/www.fhi.no\/sm\/barnehage\/nar-ma-barnet-vare-hjemme-fra-barne\/\" target=\"_blank\" rel=\"noopener\">folkehelseinstituttets retningslinjer for syke barn<\/a>.<\/p>\n<p><strong>Allmenntilstand<\/strong>: Det er barnets allmenntilstand som avgj\u00f8r om barnet kan g\u00e5 i barnehagen eller b\u00f8r v\u00e6re hjemme.&nbsp;Det er mer krevende for et barn som ikke er i form \u00e5 v\u00e6re i barnehagen enn \u00e5 v\u00e6re hjemme. Barnehagen kontakter foreldre for henting dersom barnet f\u00e5r nedsatt allmenntilstand i l\u00f8pet av dagen. Som hovedregel b\u00f8r barnet v\u00e6re friskt nok til \u00e5 kunne delta i normale aktiviteter i barnehagen b\u00e5de inne og ute. Barnet skal ikke ha feber.<\/p>\n<p><strong>Smittevern<\/strong>: Foreldre og barnehagen m\u00e5 sammen ta ansvar for \u00e5 begrense smitte og sykdom hos barn og ansatte. Viktige tiltak er:<\/p>\n<ul type=\"disc\">\n<li>God h\u00e5ndhygiene ved levering og henting. Alle barn, ansatte og foreldre vasker hendene n\u00e5r de kommer til og g\u00e5r fra barnehagen.<\/li>\n<li>Barnehagen gjennomf\u00f8rer gode hygiene- og renholdsrutiner gjennom dagen i stellesituasjoner, m\u00e5ltider, etter utetid mm.<\/li>\n<li>Syke og smittsomme barn holdes hjemme.<\/li>\n<li>Barn med akutt&nbsp;diar\u00e9\/omgangssyke&nbsp;kommer tilbake til barnehagen 48 timer etter at de har blitt symptomfrie.<\/li>\n<li>Barnehagen informerer foreldre ved utbrudd av smittsomme sykdommer. Ved utbrudd av alvorlig smittsomme sykdommer gis informasjon i samarbeid med helsemyndigheter.<\/li>\n<\/ul>\n<p><strong>Taushetsplikt<\/strong>: Personalet har taushetsplikt, noe som inneb\u00e6rer at de ikke kan svare p\u00e5 hvem som har hvilken sykdom.<\/p>\n<h3>Medisiner<\/h3>\n<p>Barnehagen har ikke formell kompetanse i medisinh\u00e5ndtering. Av hensyn til barnas sikkerhet og for \u00e5 unng\u00e5 feilmedisinering, ber vi om at all medisinering skjer hjemme, s\u00e5 langt det lar seg gj\u00f8re. Dette gjelder ogs\u00e5 reseptfrie legemidler.<\/p>\n<p>Dette inneb\u00e6rer:<\/p>\n<ul type=\"disc\">\n<li>Ta opp med barnets lege at medisiner b\u00f8r kunne gis i hjemmet utenom barnehagetiden.<\/li>\n<li>Dersom barnet m\u00e5 ha medisiner i l\u00f8pet av dagen (for eksempel ved kronisk sykdom), skal foresatte alltid fylle ut skjemaer som blant annet bekrefter type legemiddel, riktig dose og hvem av de ansatte som kan gi medisiner. Skjemaene finnes i MyKid.<\/li>\n<li>Ansatte som skal gi medisiner m\u00e5 f\u00e5 n\u00f8dvendig oppl\u00e6ring av foreldrene. Dette gjelder ogs\u00e5 akuttmedisiner (som for eksempel EpiPen eller astmamedisin).<\/li>\n<\/ul>\n<p><b>Jodtablett ved atomulykke: <\/b><\/p>\n<p>Jodtabletter er lagret i barnehagen. Barnehagen vil gi barna jodtablett hvis <a href=\"https:\/\/eur02.safelinks.protection.outlook.com\/?url=https%3A%2F%2Fdsa.no%2Fatomberedskap%2Fatomberedskap-i-norge%23Kriseutvalget&amp;data=05%7C01%7Csynne.alsaker%40kanvas.no%7C2e276ba5385e4e2564bc08dbd071bd34%7Cb524c8d5c57340f7bb15f5b5befb0174%7C0%7C0%7C638332959180113169%7CUnknown%7CTWFpbGZsb3d8eyJWIjoiMC4wLjAwMDAiLCJQIjoiV2luMzIiLCJBTiI6Ik1haWwiLCJXVCI6Mn0%3D%7C3000%7C%7C%7C&amp;sdata=wPSP4R5XFZk%2F1Q3IC%2F2cYWtXClxcGJYGsDnWuPyiEDQ%3D&amp;reserved=0\">Kriseutvalget for atomberedskap<\/a> anbefaler at jodtabletter skal brukes. Ved en atomulykke kan det v\u00e6re viktig at barn og unge f\u00e5r jodtabletter raskt. Du som foresatt m\u00e5 gi beskjed til barnehagen v\/daglig leder, hvis du <u>ikke<\/u> \u00f8nsker at barnet skal f\u00e5 jodtablett. &nbsp;&nbsp;<\/p>\n<p><b>Hvorfor jodtablett:<\/b> Hvis det skjer en atomulykke i Norge eller i n\u00e6rheten av Norge, kan radioaktivt jod bli spredd gjennom luften i s\u00e5 store mengder at det er fare for at dette stoffet blir tatt opp i kroppen. Jodtabletter blokkerer opptaket av radioaktivt jod i skjoldbruskkjertelen. P\u00e5 denne m\u00e5ten beskytter jodtabletter mot radioaktivitet og gj\u00f8r at det er mindre risiko for at kreft i denne kjertelen. Derfor anbefaler norske myndigheter at barn og unge under 18 \u00e5r f\u00e5r en jodtablett hvis det skjer en atomulykke som utsetter dem for radioaktivt jod. Det er meget sjelden at noen f\u00e5r bivirkninger etter \u00e5 ha f\u00e5tt jodtablett \u00e9n gang. Ved tvil b\u00f8r du snakke med barnets lege.<\/p>\n<h3>Frav\u00e6r og vikarer<\/h3>\n<p>Ved behov benytter barnehagen seg av vikarer. Vi holder foresatte oppdatert om frav\u00e6r blant ansatte og om eventuell bruk av&nbsp;vikar.<\/p>\n<p>Alle vikarer m\u00e5 levere politiattest f\u00f8r oppstart, slik \u00f8vrige ansatte gj\u00f8r. <u>Nye<\/u> vikarer g\u00e5r ikke yttervakter og er heller ikke alene med barna. Vi etterstreber \u00e5 ikke bruke nye vikarer sammen med de minste barna.<\/p>\n<p>Vi har faste vikarer som kun jobber i Moerlia, det er veldig fint! Vikarene kjenner barn, ansatte og rutiner.<\/p>\n<p>Hvis vi har behov for vikar og ingen kjente har mulighet til \u00e5 jobbe&nbsp; bruker vi bemanningsbyr\u00e5.&nbsp;<\/p>\n<p>&nbsp;<\/p>\n<h3>Forsikring<\/h3>\n<p>Barn som g\u00e5r i en Kanvas-barnehage&nbsp;er forsikret i KLP Skadeforsikring. Forsikringen gjelder innenfor barnehagens omr\u00e5de, og p\u00e5 utflukter, reiser og lignende som arrangeres av barnehagen. I tillegg er barnet forsikret p\u00e5 direkte reise til\/fra barnehagen.&nbsp;<\/p>\n<p>Vi gj\u00f8r oppmerksom p\u00e5 at skadeforsikringen kun gjelder personskader knyttet til ulykker. Eiendeler er alts\u00e5 ikke dekket av denne forsikringen. Dersom man har dyre eiendeler i barnehagen, som briller, vogn el., anbefaler vi at dette inkluderes i foresattes egne forsikringer.<\/p>\n<p><a href=\"https:\/\/www.klp.no\/offentlig\/forsikring\/elevforsikringer\" target=\"_blank\" rel=\"noopener\">Les mer om forsikringen her.<\/a><\/p>\n<h3>Foreldrebetaling<\/h3>\n<p>Maksimalgrensen for foreldrebetaling for et heldags ordin\u00e6rt barnehagetilbud er 1200 kroner per m\u00e5ned fra 1.&nbsp;august 2025.<\/p>\n<p>Kanvas f\u00f8lger maksimalgrensen for foreldrebetaling.<\/p>\n<\/p><\/div>\n<div id=\"barnehagehverdagen\">\n<h2>Barnehagehverdagen<\/h2>\n<figure class=\"wp-block-image has-image-ratio-16-9 size-full\"><img decoding=\"async\" src=\"https:\/\/backstage.mykid.no\/_ajax\/download?t=eyJ0eXAiOiJKV1QiLCJhbGciOiJIUzI1NiJ9.eyJpYXQiOjE3NzYwODY2MjEsImV4cCI6MjA5MjA4NjYyMSwiZmlsZV9pZCI6Im1sTFJ3V1VoOUNOeWlmeGdRMWZDcUdCeUs0VHQ4M2MzNlMwU3VTMCtST3RCNzlpZ21vaHpUYzRRVnBIV2NaTy9OM0hiMmtHQWU5VEJ4ZG5SWjJwYUdOSTdDRXlRcTdaUHBPQlZ2MVMxQVJyVGdwMjk5eURrdWNtaG5uWHgzQ1Rpc3ZTY09ReFF5T3R6QkYrT1luMVI2cm4ybFBMNm5TWm1pM0NtZVpUVFE3M1VwMHBlL1AySGZEWGZBd0w4TWxhdCIsImZpbGVuYW1lIjoiNl80Njc3XzJkOTRkNTkxMWZiY2U0Y2E0ZDYyYmZiYWQ3M2YxYjVhLmpwZWcifQ.h65nzvd3mPSkmkXU2CBe6OLJqVA8G8AfQAnd2bC7l3A\" alt=\"\" \/><\/figure>\n<h3>Dagsrytmen<\/h3>\n<p>Maurtua:<\/p>\n<p>7.15 &#8211; 8.30:&nbsp; &nbsp; &nbsp;Vi \u00e5pner<\/p>\n<p>&nbsp; &nbsp; &nbsp; &nbsp; &nbsp; &nbsp; &nbsp; &nbsp; &nbsp; &nbsp; &nbsp; &nbsp;Frokost &#8211; ta med matpakke!<\/p>\n<p>&nbsp; &nbsp; &nbsp; &nbsp; &nbsp; &nbsp; &nbsp; &nbsp; &nbsp; &nbsp; &nbsp; &nbsp;Lek<\/p>\n<p>9.00:&nbsp; &nbsp; &nbsp; &nbsp; &nbsp; &nbsp; &nbsp;&nbsp;&nbsp;P\u00e5kledning\/utelek\/tur\/grupper<\/p>\n<p>10.30\/11.00:&nbsp; &nbsp; Lunsj<\/p>\n<p>11.00 -14.00:&nbsp; &nbsp;Sovetid<\/p>\n<p>14.00:&nbsp; &nbsp; &nbsp; &nbsp; &nbsp; &nbsp; &nbsp;Samling og fruktm\u00e5ltid<\/p>\n<p>&nbsp; &nbsp; &nbsp; &nbsp; &nbsp; &nbsp; &nbsp; &nbsp; &nbsp; &nbsp; &nbsp; &nbsp;Lek inne eller ute<\/p>\n<p>16.45:&nbsp; &nbsp; &nbsp; &nbsp; &nbsp; &nbsp; &nbsp;Barnehagen stenger<\/p>\n<p>&nbsp;<\/p>\n<p>Hvis barnet ditt trenger \u00e5 sove to ganger, s\u00e5 tilpasser vi oss selvsagt til det.<\/p>\n<p>&nbsp;<\/p>\n<p>Revhiet og Humlebolet:<\/p>\n<p>7.15-8.30:&nbsp; &nbsp;Vi \u00e5pner<\/p>\n<p>&nbsp; &nbsp; &nbsp; &nbsp; &nbsp; &nbsp; &nbsp; &nbsp; &nbsp; &nbsp;Frokost &#8211; ta med matpakke!<\/p>\n<p>&nbsp; &nbsp; &nbsp; &nbsp; &nbsp; &nbsp; &nbsp; &nbsp; &nbsp; &nbsp;Lek&nbsp;<\/p>\n<p>9.30:&nbsp; &nbsp; &nbsp; &nbsp; &nbsp; &nbsp;Samling\/grupper\/tur\/aktiviteter<\/p>\n<p>&nbsp; &nbsp; &nbsp; &nbsp; &nbsp; &nbsp; &nbsp; &nbsp; &nbsp; &nbsp;Ryddetid<\/p>\n<p>11.15:&nbsp; &nbsp; &nbsp; &nbsp; &nbsp;Lunsj<\/p>\n<p>&nbsp; &nbsp; &nbsp; &nbsp; &nbsp; &nbsp; &nbsp; &nbsp;&nbsp; &nbsp;Utetid\/grupper\/soving<\/p>\n<p>14.30:&nbsp; &nbsp; &nbsp; &nbsp; &nbsp;Fruktm\u00e5ltid<\/p>\n<p>&nbsp; &nbsp; &nbsp; &nbsp; &nbsp; &nbsp; &nbsp; &nbsp; &nbsp; Lek inne eller&nbsp;ute<\/p>\n<p>16.45:&nbsp; &nbsp; &nbsp; &nbsp; &nbsp;Barnehagen stenger<\/p>\n<p>&nbsp;<\/p>\n<p>&nbsp;<\/p>\n<p>&nbsp;<\/p>\n<h3>Bemanning<\/h3>\n<h1>Ansatte og vakter<\/h1>\n<p>Antall ansatte&nbsp;er lagt opp ut fra at det skal v\u00e6re maks tre barn&nbsp;pr ansatt under tre \u00e5r og maks seks barn pr ansatt over tre \u00e5r.&nbsp;<\/p>\n<p>Ansatte arbeider 7,5 time pr dag og \u00e5pningstida er 9,5 timer, og det betyr at ansatte g\u00e5r i vakter. Ansatte arbeider i vaktsystem for \u00e5 dekke dagen p\u00e5 best mulig m\u00e5te. Vi setter opp vaktsystem utfra behov og for \u00e5 ha flest mulig ansatte p\u00e5 jobb n\u00e5r det er flest barn i barnehagen.&nbsp; &nbsp; &nbsp; &nbsp; &nbsp; &nbsp; &nbsp; &nbsp; &nbsp; &nbsp; &nbsp; &nbsp; &nbsp; &nbsp; &nbsp; &nbsp; &nbsp; &nbsp; &nbsp; &nbsp; &nbsp; &nbsp; &nbsp; &nbsp; &nbsp; &nbsp; &nbsp; &nbsp; &nbsp; &nbsp; &nbsp; &nbsp; &nbsp; &nbsp; &nbsp; &nbsp; &nbsp; &nbsp; &nbsp; &nbsp; &nbsp; &nbsp; &nbsp; &nbsp; &nbsp; &nbsp; &nbsp; &nbsp; Det inneb\u00e6rer at til bestemte tider p\u00e5 dagen er det bare en eller to ansatte tilstede p\u00e5 avdelinga.<\/p>\n<p>Vi er opptatt av \u00e5 ha god nok bemanning uavhengig av frav\u00e6r og setter inn vikar fra f\u00f8rste dag, s\u00e5 framt vi f\u00e5r tak i vikar. Vi har en del faste vikarer som kjenner b\u00e5de barn, ansatte og rutiner og bruker ogs\u00e5 bemanningsbyr\u00e5 ved behov.&nbsp;&nbsp;<\/p>\n<p>&nbsp;<\/p>\n<p>&nbsp;<\/p>\n<\/p><\/div>\n<div id=\"foreldresamarbeid\">\n<h2>Foreldresamarbeid<\/h2>\n<figure class=\"wp-block-image has-image-ratio-16-9 size-full\"><img decoding=\"async\" src=\"https:\/\/backstage.mykid.no\/_ajax\/download?t=eyJ0eXAiOiJKV1QiLCJhbGciOiJIUzI1NiJ9.eyJpYXQiOjE3NzYwODY2MjEsImV4cCI6MjA5MjA4NjYyMSwiZmlsZV9pZCI6IjlrbmxZcFN4Y1NYWWNja1FzeVRoUEFUa2I1YlVPSEpOWW14REdsNmphV21Sd1hXdVZtTmxQWjlIeHU2eWNlTG1SLzRiaTVRTk9XVVQxY0YrVlVmREdIY3ZPcTdDem1idVRTbTZhWHVhU3krcXJpQXJFK3lEbnE4Zmdrb2tNRytyMnpOQnhEeU1jTVhITHo1UFBTVHlKTHlVN1BtR0NXRFhUTmwvVUwzczJuTT0iLCJmaWxlbmFtZSI6IjZfMF8yMjQzZjNhYTQ1NmQ0ZjQ1NDJjOTlkNTE2MWFmMzgzNi5qcGcifQ.u2nxfPkRMmHgFyn24lHM1kpv2XtXxMjzCBIbHBB5ToI\" alt=\"\" \/><\/figure>\n<h3>MyKid<\/h3>\n<p>Kanvas-barnehagene benytter seg av kommunikasjonsportalen MyKid.<\/p>\n<p>&nbsp;<\/p>\n<p>Kommunikasjon mellom foresatte og barnehagen foreg\u00e5r p\u00e5 flere arenaer. I tillegg til den daglige kommunikasjonen n\u00e5r barn bringes og hentes i barnehagen, samt foreldresamtaler og foreldrem\u00f8ter, bruker barnehagen kommunikasjonsportalen MyKid.no for \u00e5 kommunisere med foreldre og foresatte. Dersom det skjer endringer i barnets familieforhold, livssituasjon og helse, er foresatte pliktige til \u00e5 melde fra til barnehagen. Merk at sensitive personopplysninger ikke skal deles p\u00e5 MyKid. Dette m\u00e5 foreg\u00e5 gjennom andre kommunikasjonsformer; muntlig eller p\u00e5 papir.<\/p>\n<p>I v\u00e5r barnehage bruker vi Mykid til blant annet:<\/p>\n<ul>\n<li>Mailer med diverse informasjon<\/li>\n<li>Ukeplaner og oppsummeringer<\/li>\n<li>P\u00e5melding til samtaler, m\u00f8ter og arrangementer<\/li>\n<li>Referater fra SU, foreldrem\u00f8ter m.m.<\/li>\n<li>Nyhetsbrev med informasjon fra Kanvas, Mykid og barnehagen<\/li>\n<li>Pedagogisk dokumentasjon i forbindelse med prosesser i planarbeid m.m.<\/li>\n<li>Dokumentasjon i form av bilder, fra turer, aktiviteter, lek og samspill<\/li>\n<\/ul>\n<p>Hos oss forventer vi at:<\/p>\n<ul>\n<li>Foreldrene registrerer alt frav\u00e6r og ferier p\u00e5 Mykid for \u00e5 kunne tilrettelegge hverdagen best mulig.&nbsp;<\/li>\n<li>Foreldrene logger p\u00e5 Mykid hver uke&nbsp;for \u00e5 holde seg oppdatert om ukens aktiviteter og barnehagens virksomhet.\n<ul>\n<li>Turer<\/li>\n<li>Fellessamlinger<\/li>\n<li>M\u00f8ter og arrangementer<\/li>\n<li>Bursdager m.m.<\/li>\n<\/ul>\n<\/li>\n<li>Gir oss tilbakemelding om det er noe som savnes av informasjon p\u00e5 MyKid<\/li>\n<\/ul>\n<h3>&nbsp;<\/h3>\n<h3>Startsamtale, foreldresamtaler og foreldrem\u00f8ter<\/h3>\n<p>Kort tid etter barnehagestart gjennomf\u00f8rer vi en startsamtale der form\u00e5let er \u00e5 bli bedre kjent med barnet og familien.<\/p>\n<p>Etter startsamtalen tilbys foresatte en foreldresamtale 2 ganger per \u00e5r. Hensikten med foreldresamtalen er \u00e5 f\u00e5 til en god dialog om barnets trivsel og utvikling hjemme og i barnehagen,&nbsp;for \u00e5 kunne&nbsp;legge til rette for en god barnehagehverdag og videre utvikling for barnet, og&nbsp;et godt og konstruktivt foreldresamarbeid.<\/p>\n<p>Kanvas-barnehagene gjennomf\u00f8rer ogs\u00e5 foreldrem\u00f8te \u00e9n eller to ganger i \u00e5ret.<\/p>\n<p>Les mer om startsamtalen,&nbsp;foreldresamtalene og foreldrem\u00f8tene her:&nbsp;<a href=\"https:\/\/www.kanvas.no\/2023\/07\/06\/startsamtale-foreldresamtaler-og-foreldremoter\/\">Startsamtale, foreldresamtaler og foreldrem\u00f8ter &#8211; Kanvas<\/a><\/p>\n<h3>Foreldrer\u00e5det og Samarbeidsutvalget (SU)<\/h3>\n<p>Foreldrer\u00e5det best\u00e5r av de foresatte til barna i barnehagen. Foreldrer\u00e5det skal fremme foreldrenes fellesinteresser&nbsp;og samarbeide med barnehagen om et&nbsp;barnehagemilj\u00f8 for barna. Foreldrer\u00e5det velger foreldrerepresentanter til samarbeidsutvalget (SU).<\/p>\n<p>Alle barnehager er p\u00e5lagt \u00e5 ha et samarbeidsutvalg. SU skal v\u00e6re et r\u00e5dgivende, kontaktskapende og samordnende organ, og best\u00e5r av foresatte og ansatte i barnehagen. Foreldrer\u00e5det og samarbeidsutvalget skal bli forelagt, og har rett til \u00e5 uttale seg i, saker som er viktige for foreldrenes forhold til barnehagen. Samarbeidsutvalget skal med utgangspunkt i rammeplanen vedta en \u00e5rsplan for den pedagogiske virksomheten. Informasjon om hvilke foreldre som er valgt som SU-representanter, samt kontaktinformasjon til disse, deles p\u00e5 MyKid.<\/p>\n<p>I Moerlia Kanvas-barnehage velger vi representanter til samarbeidsutvalget p\u00e5 foreldrem\u00f8te i september.<\/p>\n<p>Foreldrene har mulighet til \u00e5 medvirke i barnas hverdag gjennom innspill til pedagogiske&nbsp;planer, foreldresamtaler, foreldrem\u00f8ter, su ol.<\/p>\n<p>FAU&nbsp;&nbsp;blir ogs\u00e5 valgt p\u00e5 foreldrem\u00f8te p\u00e5 h\u00f8sten. I Moerlia&nbsp; inviterer FAU blant annet til dugnad, en h\u00f8staktivitet, 17.mai-feiring og sommerfest.<\/p>\n<h3>Dugnad<\/h3>\n<p>Vi arrangerer dugnad 1-2 ganger i \u00e5ret med arbeid b\u00e5de inne og ute.<\/p>\n<p>&nbsp;<\/p>\n<h3>Foreldreunders\u00f8kelsen<\/h3>\n<p>Kanvas-barnehagene deltar \u00e5rlig i den nasjonale foreldreunders\u00f8kelsen. I foreldreunders\u00f8kelsen f\u00e5r foresatte si sin mening om barnehagetilbudet, barnas trivsel og samarbeidet mellom hjem og barnehage.&nbsp;<\/p>\n<p>Unders\u00f8kelsen gjennomf\u00f8res mellom 6. januar og 31. januar. Resultatene blir tilgjengelig i februar.&nbsp;<\/p>\n<p>Resultatene fra foreldreunders\u00f8kelsen brukes av barnehagen som en hjelp til \u00e5 vurdere og utvikle barnehagetilbudet. Vi oppfordrer alle foreldre til \u00e5 delta p\u00e5 unders\u00f8kelsen.<\/p>\n<p>&nbsp;<\/p>\n<\/p><\/div>\n<div id=\"arshjul\">\n<h2>\u00c5rshjul<\/h2>\n<figure class=\"wp-block-image has-image-ratio-16-9 size-full\"><img decoding=\"async\" src=\"https:\/\/backstage.mykid.no\/_ajax\/download?t=eyJ0eXAiOiJKV1QiLCJhbGciOiJIUzI1NiJ9.eyJpYXQiOjE3NzYwODY2MjEsImV4cCI6MjA5MjA4NjYyMSwiZmlsZV9pZCI6InJ6ZDJLUHAxV0JDZG9SOEt5aHlBUjJaRzlxMEVrU0YyZVh2QmtXQXBFZkdHc01rbE5GaFl5aUllaFNjMTBvaHFQWGs2RVBwcEZtcldxZTJMNW5TMzNERDdzQUJvQmFCK0NGcEw1YzV4dkh5Z0FGWWx0QXoxVmlaTk4zbmJ5a2RndGordXJJd3VWSDhoem1ZVHBiclVUUjhENExqVW1ESWo5UzFXci84eDA2ND0iLCJmaWxlbmFtZSI6IjZfMF85NjFmN2FiZTk0ZmJhZmYzYWI2MDIwNWVlOGVkMWQwYi5qcGcifQ.xohsjaHfGmV5iJ2UCQqCi-6iID3Jy2EbVlou3FWgwhM\" alt=\"\" \/><\/figure>\n<div class=\"calendar-outer\">\n<div class=\"calendar-container \">\n<div class=\"calendar-wrapper\">\n<div class=\"calendar-content\">\n<div class=\"calendar-left\">\n\t\t\t\t\t\t\t6-8. mai 2026\n\t\t\t\t\t\t\t<\/div>\n<div class=\"calendar-right\">\n<div class=\"calendar-inner\">\n<p>Klubben drar p\u00e5 leirskole til Vangen!<\/p>\n<\/p><\/div>\n<\/p><\/div>\n<\/p><\/div>\n<\/p><\/div>\n<\/p><\/div>\n<div class=\"calendar-container \">\n<div class=\"calendar-wrapper\">\n<div class=\"calendar-content\">\n<div class=\"calendar-left\">\n\t\t\t\t\t\t\t15. mai 2026\n\t\t\t\t\t\t\t<\/div>\n<div class=\"calendar-right\">\n<div class=\"calendar-inner\">\n<p>Planleggingsdag for ansatte, barnehagen er stengt<\/p>\n<\/p><\/div>\n<\/p><\/div>\n<\/p><\/div>\n<\/p><\/div>\n<\/p><\/div>\n<div class=\"calendar-container \">\n<div class=\"calendar-wrapper\">\n<div class=\"calendar-content\">\n<div class=\"calendar-left\">\n\t\t\t\t\t\t\t4. jun 2026\n\t\t\t\t\t\t\t<\/div>\n<div class=\"calendar-right\">\n<div class=\"calendar-inner\">\n<p>Sommerfest!<\/p>\n<\/p><\/div>\n<\/p><\/div>\n<\/p><\/div>\n<\/p><\/div>\n<\/p><\/div>\n<div class=\"calendar-container \">\n<div class=\"calendar-wrapper\">\n<div class=\"calendar-content\">\n<div class=\"calendar-left\">\n\t\t\t\t\t\t\t22. jun 2026\n\t\t\t\t\t\t\t<\/div>\n<div class=\"calendar-right\">\n<div class=\"calendar-inner\">\n<p>Planleggingsdag for ansatte, barnehagen er stengt<\/p>\n<\/p><\/div>\n<\/p><\/div>\n<\/p><\/div>\n<\/p><\/div>\n<\/p><\/div>\n<div class=\"calendar-container \">\n<div class=\"calendar-wrapper\">\n<div class=\"calendar-content\">\n<div class=\"calendar-left\">\n\t\t\t\t\t\t\t13-24. jul 2026\n\t\t\t\t\t\t\t<\/div>\n<div class=\"calendar-right\">\n<div class=\"calendar-inner\">\n<p>Sommerstengt<\/p>\n<\/p><\/div>\n<\/p><\/div>\n<\/p><\/div>\n<\/p><\/div>\n<\/p><\/div>\n<\/p><\/div>\n<\/p><\/div>\n<\/div>\n","protected":false},"excerpt":{"rendered":"<p>I informasjonsheftet finner du praktisk informasjon om barnehagen.<\/p>\n","protected":false},"author":1,"featured_media":0,"comment_status":"closed","ping_status":"closed","sticky":false,"template":"","format":"standard","meta":[],"categories":[1],"tags":[],"acf":[],"_links":{"self":[{"href":"https:\/\/www.kanvas.no\/moerlia\/wp-json\/wp\/v2\/posts\/39"}],"collection":[{"href":"https:\/\/www.kanvas.no\/moerlia\/wp-json\/wp\/v2\/posts"}],"about":[{"href":"https:\/\/www.kanvas.no\/moerlia\/wp-json\/wp\/v2\/types\/post"}],"author":[{"embeddable":true,"href":"https:\/\/www.kanvas.no\/moerlia\/wp-json\/wp\/v2\/users\/1"}],"replies":[{"embeddable":true,"href":"https:\/\/www.kanvas.no\/moerlia\/wp-json\/wp\/v2\/comments?post=39"}],"version-history":[{"count":0,"href":"https:\/\/www.kanvas.no\/moerlia\/wp-json\/wp\/v2\/posts\/39\/revisions"}],"wp:attachment":[{"href":"https:\/\/www.kanvas.no\/moerlia\/wp-json\/wp\/v2\/media?parent=39"}],"wp:term":[{"taxonomy":"category","embeddable":true,"href":"https:\/\/www.kanvas.no\/moerlia\/wp-json\/wp\/v2\/categories?post=39"},{"taxonomy":"post_tag","embeddable":true,"href":"https:\/\/www.kanvas.no\/moerlia\/wp-json\/wp\/v2\/tags?post=39"}],"curies":[{"name":"wp","href":"https:\/\/api.w.org\/{rel}","templated":true}]}}