{"id":5726,"date":"2026-04-20T13:19:06","date_gmt":"2026-04-20T12:19:06","guid":{"rendered":"https:\/\/www.kanvas.no\/olsvikasen\/informasjonshefte\/"},"modified":"2026-04-20T13:19:06","modified_gmt":"2026-04-20T12:19:06","slug":"informasjonshefte","status":"publish","type":"post","link":"https:\/\/www.kanvas.no\/olsvikasen\/informasjonshefte\/","title":{"rendered":"Informasjonshefte"},"content":{"rendered":"<div class=\"t2-featured-content-layout alignwide wp-block-t2-featured-content-layout dont-print\">\n<div class=\"t2-featured-query-post t2-featured-content wp-block-t2-featured-query-post t2-featured-content-layout-col-4 t2-featured-content-layout-col-2-mobile\">\n\t\t\t\t\t<a class=\"t2-post-link wp-block-t2-post-link\" href=\"#om-barnehagen\"><\/p>\n<figure class=\"t2-post-featured-image has-image-ratio-16-9 wp-block-t2-post-featured-image\"><img decoding=\"async\" src=\"https:\/\/backstage.mykid.no\/_ajax\/download?t=eyJ0eXAiOiJKV1QiLCJhbGciOiJIUzI1NiJ9.eyJpYXQiOjE3NzY2ODc1NDYsImV4cCI6MjA5MjY4NzU0NiwiZmlsZV9pZCI6Iis0Q0QxQlZCUWlNWjJ6RENLSGVhMCtRd0dVTGVSOVBZclh2N0hPUjRLcGxIZFpVQUdhWFFQQS80QnVWbjdjSkN1bzRnWVhzZHdITFlVQWNYZk5qWDRzOHRVdDUzSUJGN0ErQzhuNUNWbGRnamo3OTB0cElWM0JBTlJvaUdZZWRFU0dQY1VZSkYrMU5Fbm9jWW5lTjREeDZHbm5KR1FzR2plSkZidXJmNXV2MD0iLCJmaWxlbmFtZSI6IjZfMF8zYzFmNTIyMWQ5ZTQxOWJlNTE3NDBmYmM5OTNlYTYyZi5qcGcifQ.C0hYR-0_6hVRdiuq21TwC054RjKXA1rr7wUtp1D03wA\" alt=\"\" \/><\/figure>\n<div class=\"wp-block-group alignfull is-layout-flow\">\n<h2 class=\"t2-post-title wp-block-t2-post-title fluid-2\">Om barnehagen<\/h2>\n<div class=\"t2-post-excerpt wp-block-t2-excerpt\">\n\t\t\t\t\t\t\t\tHer finner du fakta om barnehagen, \u00e5pningstider og kontaktinformasjon.\n\t\t\t\t\t\t\t<\/div>\n<\/p><\/div>\n<p>\t\t\t\t\t<\/a>\n\t\t\t\t<\/div>\n<div class=\"t2-featured-query-post t2-featured-content wp-block-t2-featured-query-post t2-featured-content-layout-col-4 t2-featured-content-layout-col-2-mobile\">\n\t\t\t\t\t<a class=\"t2-post-link wp-block-t2-post-link\" href=\"#ny-i-barnehagen\"><\/p>\n<figure class=\"t2-post-featured-image has-image-ratio-16-9 wp-block-t2-post-featured-image\"><img decoding=\"async\" src=\"https:\/\/backstage.mykid.no\/_ajax\/download?t=eyJ0eXAiOiJKV1QiLCJhbGciOiJIUzI1NiJ9.eyJpYXQiOjE3NzY2ODc1NDYsImV4cCI6MjA5MjY4NzU0NiwiZmlsZV9pZCI6InBkNmZVZ2tVNnJkR0ZBY0Q0ODV1SktqTUFNVWN6cDlvTHZUMWgzeFhKNy9WTWZ6emhEK1VPTXZwQ05PeFQ5ZStINFZia0xRR3Jmd2dzYjJ2TUIwTUNRSVozV3p2aTZpOGx0NXJKdHlZS1NCUlR1UnlNYTNZT20zWnJ3N3dObnBrQlFiMHZTOEptWjdjU1QrbG84dThHRWtjbUlGWFFpWWJ3VTdmZGhiMHlZRT0iLCJmaWxlbmFtZSI6IjZfMF9mNjQ0NDQ4NTk2ZGRlYzJjZWZhNmM4YTI1MTRlMzRmOC5qcGcifQ.fp_EjzYiPsFy9lwLxAoJdLwM-VXOlvUrtqPGIEONgMw\" alt=\"\" \/><\/figure>\n<div class=\"wp-block-group alignfull is-layout-flow\">\n<h2 class=\"t2-post-title wp-block-t2-post-title fluid-2\">Ny i barnehagen<\/h2>\n<div class=\"t2-post-excerpt wp-block-t2-excerpt\">\n\t\t\t\t\t\t\t\tHer finner du info om tilvenning, startsamtalen og hva du b\u00f8r vite f\u00f8r oppstart.\n\t\t\t\t\t\t\t<\/div>\n<\/p><\/div>\n<p>\t\t\t\t\t<\/a>\n\t\t\t\t<\/div>\n<div class=\"t2-featured-query-post t2-featured-content wp-block-t2-featured-query-post t2-featured-content-layout-col-4 t2-featured-content-layout-col-2-mobile\">\n\t\t\t\t\t<a class=\"t2-post-link wp-block-t2-post-link\" href=\"#praktisk-info\"><\/p>\n<figure class=\"t2-post-featured-image has-image-ratio-16-9 wp-block-t2-post-featured-image\"><img decoding=\"async\" src=\"https:\/\/backstage.mykid.no\/_ajax\/download?t=eyJ0eXAiOiJKV1QiLCJhbGciOiJIUzI1NiJ9.eyJpYXQiOjE3NzY2ODc1NDYsImV4cCI6MjA5MjY4NzU0NiwiZmlsZV9pZCI6IkJlSER4REpnTDRCQXpkL2dORFlwaTZQc1lZQlVXYjBnSnY4S3BMelZ5QUpFTjdGdUMrN1RmSFhUell0TXhuRGpDWHg3R3JDRXFraGI1YTk0Vy9ueEJjMS8rL1d1WktzRWkySVVSQUd5NXcrZk5oNzZzbHk5SEFSNXZTRHlMY2RaaW4yTnNqRE53TEZQeWE0cDROMnpkMTJVVER2Nmk0VEVtbHFKT1M1U1pGTT0iLCJmaWxlbmFtZSI6IjZfMF82M2YxMGIwMDkxYmEyYmFmM2Y5NWU3NzA4ZjNlNzljZS5qcGcifQ.YTgDe_YrP9IekWBrpt5r8nedb_Nf3VQUsO_LvGscb_U\" alt=\"\" \/><\/figure>\n<div class=\"wp-block-group alignfull is-layout-flow\">\n<h2 class=\"t2-post-title wp-block-t2-post-title fluid-2\">Praktisk info<\/h2>\n<div class=\"t2-post-excerpt wp-block-t2-excerpt\">\n\t\t\t\t\t\t\t\tHer finner du informasjon om bl.a. kl\u00e6r og utstyr, mat, soving, sykt barn, ferie og forsikring.\n\t\t\t\t\t\t\t<\/div>\n<\/p><\/div>\n<p>\t\t\t\t\t<\/a>\n\t\t\t\t<\/div>\n<div class=\"t2-featured-query-post t2-featured-content wp-block-t2-featured-query-post t2-featured-content-layout-col-4 t2-featured-content-layout-col-2-mobile\">\n\t\t\t\t\t<a class=\"t2-post-link wp-block-t2-post-link\" href=\"#barnehagehverdagen\"><\/p>\n<figure class=\"t2-post-featured-image has-image-ratio-16-9 wp-block-t2-post-featured-image\"><img decoding=\"async\" src=\"https:\/\/backstage.mykid.no\/_ajax\/download?t=eyJ0eXAiOiJKV1QiLCJhbGciOiJIUzI1NiJ9.eyJpYXQiOjE3NzY2ODc1NDYsImV4cCI6MjA5MjY4NzU0NiwiZmlsZV9pZCI6InJUYkgyQjZ0M2FQNUdTelZsK05EQld6c0VjdHpZSUh1Sk1KTW9WYXlqdHVJdlh2MnRKaHR2QjNKcG9CYmZOZTBGa0QvSXNIR3k0eStuQUt5clRDSnhmbHNlbFd6RGtKQXhYd1p2MG1BV2IvZDNDUG5MWWY3Mzl0QTA2K01VZjZWUll1RXpLaXYwWnloNUFGRmg2S2xtRUlLWUhuNWVUNDljL3BOckd3UmZoQT0iLCJmaWxlbmFtZSI6IjZfMF8yMGViYTdlZTk0NDkxMDUyY2M2Njc5MzQ5ZjFhNDk4YS5qcGcifQ.dX44KdAmTdvVi5HoxgcdohsdJI1bM_F4WeCq6niRbXw\" alt=\"\" \/><\/figure>\n<div class=\"wp-block-group alignfull is-layout-flow\">\n<h2 class=\"t2-post-title wp-block-t2-post-title fluid-2\">Barnehagehverdagen<\/h2>\n<div class=\"t2-post-excerpt wp-block-t2-excerpt\">\n\t\t\t\t\t\t\t\tHer finner du informasjon om bl.a. dagsrytme, aktiviteter og bemanning.\n\t\t\t\t\t\t\t<\/div>\n<\/p><\/div>\n<p>\t\t\t\t\t<\/a>\n\t\t\t\t<\/div>\n<div class=\"t2-featured-query-post t2-featured-content wp-block-t2-featured-query-post t2-featured-content-layout-col-4 t2-featured-content-layout-col-2-mobile\">\n\t\t\t\t\t<a class=\"t2-post-link wp-block-t2-post-link\" href=\"#foreldresamarbeid\"><\/p>\n<figure class=\"t2-post-featured-image has-image-ratio-16-9 wp-block-t2-post-featured-image\"><img decoding=\"async\" src=\"https:\/\/backstage.mykid.no\/_ajax\/download?t=eyJ0eXAiOiJKV1QiLCJhbGciOiJIUzI1NiJ9.eyJpYXQiOjE3NzY2ODc1NDYsImV4cCI6MjA5MjY4NzU0NiwiZmlsZV9pZCI6IkZTVXNjZEd6T0tYUVB1a3k3VzdJRnN2UU1HZzdJUlhqbXArcS9qbkdRSVZwcWhvMm5FbEg2M3djZnhzZVh4VEUyUEV6dU5KOFRMMXBmLzB2VWRlY2RZVzl4dXlNdFVIRHNkSTJDbWZNZjJ6UGFwdFpZQkh0TkJOcWtnMUhpeStIWGxmNTFkVXdGMllxQWtEeGpBOFRaamVyMTZ6c0R6MVRFVWF1VWZqTWI1MD0iLCJmaWxlbmFtZSI6IjZfMF8yMjQzZjNhYTQ1NmQ0ZjQ1NDJjOTlkNTE2MWFmMzgzNi5qcGcifQ.wIXUVw0-4ClSgjbBb66sxnQoecFATdHsRI2_34Eyn3s\" alt=\"\" \/><\/figure>\n<div class=\"wp-block-group alignfull is-layout-flow\">\n<h2 class=\"t2-post-title wp-block-t2-post-title fluid-2\">Foreldresamarbeid<\/h2>\n<div class=\"t2-post-excerpt wp-block-t2-excerpt\">\n\t\t\t\t\t\t\t\tHer finner du informasjon om bl.a. MyKid, foreldresamtaler og -m\u00f8ter, SU, foreldrebetaling og foreldreunders\u00f8kelsen.\n\t\t\t\t\t\t\t<\/div>\n<\/p><\/div>\n<p>\t\t\t\t\t<\/a>\n\t\t\t\t<\/div>\n<div class=\"t2-featured-query-post t2-featured-content wp-block-t2-featured-query-post t2-featured-content-layout-col-4 t2-featured-content-layout-col-2-mobile\">\n\t\t\t\t\t<a class=\"t2-post-link wp-block-t2-post-link\" href=\"#arshjul\"><\/p>\n<figure class=\"t2-post-featured-image has-image-ratio-16-9 wp-block-t2-post-featured-image\"><img decoding=\"async\" src=\"https:\/\/backstage.mykid.no\/_ajax\/download?t=eyJ0eXAiOiJKV1QiLCJhbGciOiJIUzI1NiJ9.eyJpYXQiOjE3NzY2ODc1NDYsImV4cCI6MjA5MjY4NzU0NiwiZmlsZV9pZCI6ImZVY2hYb2N3YmJTTnFJeG1DSzMwMWFDb09MYklFQlMrY0lKeTU5WjVrTnRuMzdneitqUW9xY3Y2bDlzeW9wWEMwbUN0NDk2c24xbmdvYXdkalJxanU4bWt4QldnK3BpNzNYWklNa3VrZHBvNk5qNi8xYW42WXkzVVFJUlhiNW9DNlZEbXZVSExlNlkzZFBHbk5SeVQ4bDI4cTJXQmdZYU9CRUk4ZEZiaEF4ND0iLCJmaWxlbmFtZSI6IjZfMF85NjFmN2FiZTk0ZmJhZmYzYWI2MDIwNWVlOGVkMWQwYi5qcGcifQ.AwpKmM--lGxtVj0NK_yIvx6Cz9ISD4QbusjBJKoakpE\" alt=\"\" \/><\/figure>\n<div class=\"wp-block-group alignfull is-layout-flow\">\n<h2 class=\"t2-post-title wp-block-t2-post-title fluid-2\">\u00c5rshjul<\/h2>\n<div class=\"t2-post-excerpt wp-block-t2-excerpt\">\n\t\t\t\t\t\t\t\tHer finner du oversikt over merkedager, planleggingsdager, ferielukket mm.\n\t\t\t\t\t\t\t<\/div>\n<\/p><\/div>\n<p>\t\t\t\t\t<\/a>\n\t\t\t\t<\/div>\n<\/div>\n<div class=\"text-content\">\n<div id=\"om-barnehagen\">\n<h2>Om barnehagen<\/h2>\n<figure class=\"wp-block-image has-image-ratio-16-9 size-full\"><img decoding=\"async\" src=\"https:\/\/backstage.mykid.no\/_ajax\/download?t=eyJ0eXAiOiJKV1QiLCJhbGciOiJIUzI1NiJ9.eyJpYXQiOjE3NzY2ODc1NDYsImV4cCI6MjA5MjY4NzU0NiwiZmlsZV9pZCI6Iis0Q0QxQlZCUWlNWjJ6RENLSGVhMCtRd0dVTGVSOVBZclh2N0hPUjRLcGxIZFpVQUdhWFFQQS80QnVWbjdjSkN1bzRnWVhzZHdITFlVQWNYZk5qWDRzOHRVdDUzSUJGN0ErQzhuNUNWbGRnamo3OTB0cElWM0JBTlJvaUdZZWRFU0dQY1VZSkYrMU5Fbm9jWW5lTjREeDZHbm5KR1FzR2plSkZidXJmNXV2MD0iLCJmaWxlbmFtZSI6IjZfMF8zYzFmNTIyMWQ5ZTQxOWJlNTE3NDBmYmM5OTNlYTYyZi5qcGcifQ.C0hYR-0_6hVRdiuq21TwC054RjKXA1rr7wUtp1D03wA\" alt=\"\" \/><\/figure>\n<p>Olsvik\u00e5sen Kanvas-barnehage \u00e5pnet i 1991 og ligger i naturskj\u00f8nne omgivelser sentralt i Olsvik.&nbsp;<\/p>\n<p>Vi er organisert i to fl\u00f8yer. Sm\u00e5fl\u00f8y best\u00e5r av en ett\u00e5rsgruppe og en to\u00e5rsgruppe. Storfl\u00f8y best\u00e5r av to grupper i alderen tre til seks \u00e5r. Tilsammen er her 60 barn. Totalt har vi 15&nbsp;\u00e5rsverk i grunnbemanningen.&nbsp;<\/p>\n<p>V\u00e5re avdelinger :<\/p>\n<ul>\n<li>Miraculix (1 \u00e5ringer)<\/li>\n<li>Asterix (2 \u00e5ringer)<\/li>\n<li>Idefix (3-6\u00e5ringer)<\/li>\n<li>Obelix (3-6 \u00e5ringer)<\/li>\n<\/ul>\n<p>\u00c5pningstid: 07.00-16.30.<\/p>\n<\/p><\/div>\n<div id=\"ny-i-barnehagen\">\n<h2>Ny i barnehagen<\/h2>\n<figure class=\"wp-block-image has-image-ratio-16-9 size-full\"><img decoding=\"async\" src=\"https:\/\/backstage.mykid.no\/_ajax\/download?t=eyJ0eXAiOiJKV1QiLCJhbGciOiJIUzI1NiJ9.eyJpYXQiOjE3NzY2ODc1NDYsImV4cCI6MjA5MjY4NzU0NiwiZmlsZV9pZCI6InBkNmZVZ2tVNnJkR0ZBY0Q0ODV1SktqTUFNVWN6cDlvTHZUMWgzeFhKNy9WTWZ6emhEK1VPTXZwQ05PeFQ5ZStINFZia0xRR3Jmd2dzYjJ2TUIwTUNRSVozV3p2aTZpOGx0NXJKdHlZS1NCUlR1UnlNYTNZT20zWnJ3N3dObnBrQlFiMHZTOEptWjdjU1QrbG84dThHRWtjbUlGWFFpWWJ3VTdmZGhiMHlZRT0iLCJmaWxlbmFtZSI6IjZfMF9mNjQ0NDQ4NTk2ZGRlYzJjZWZhNmM4YTI1MTRlMzRmOC5qcGcifQ.fp_EjzYiPsFy9lwLxAoJdLwM-VXOlvUrtqPGIEONgMw\" alt=\"\" \/><\/figure>\n<h3>F\u00f8r oppstart<\/h3>\n<p>F\u00f8r barnet begynner i barnehagen&nbsp;mottar de foresatte en sms med beskjed om \u00e5 registrere barnet og foresatte i kommunikasjonsplattformen MyKid. I MyKid skal dere fylle ut kontaktinformasjon og andre opplysninger som er viktig for barnets opphold i barnehagen, blant annet et samtykkeskjema og en egenerkl\u00e6ring om barnets helse.<\/p>\n<p>Foreldre som ikke bor sammen skal fylle ut hvert sitt skjema.<\/p>\n<p>Opplysninger om barnets helse er taushetsbelagt og det vil v\u00e6re begrenset&nbsp;tilgang til informasjonen i barnehagen.<\/p>\n<p>&nbsp;<\/p>\n<h3>Tilvenning<\/h3>\n<p>Les mer om tilvenning her:&nbsp;<a href=\"https:\/\/www.kanvas.no\/2023\/07\/26\/tilvenning-i-barnehagen\/\">Tilvenning i barnehagen &#8211; Kanvas<\/a><\/p>\n<p><strong><u>\u00c5 begynne i barnehagen<\/u><\/strong><\/p>\n<p>Vi i personalet i Kanvas barnehager har bred erfaring og h\u00f8y kompetanse med \u00e5 ta imot nye barn i barnehagen. Vi bruker tidligere erfaringer sammen med forskning og aktuelt om tema for \u00e5 best mulig m\u00e5te ivareta barna i tilknytningsperioden. Det \u00e5 begynne i barnehage for f\u00f8rste gang eller bytte barnehage, er en stor endring i et&nbsp; i barns liv. Det \u00e5 anerkjenne barnets f\u00f8lelser og opplevelser i denne perioden samt hjelpe det til \u00e5 finne den n\u00f8dvendige tryggheten, ser vi p\u00e5 som v\u00e5r viktigste oppgave. De yngste barna vil derfor alltid bli m\u00f8tt av en voksen som tar et s\u00e6rskilt ansvar for barnet og gir det ekstra god st\u00f8tte (tilknytningskontakt). De eldste vil ha en eller to tilknytningskontakter som blir kjent med barnet og utvider etter hvert.<\/p>\n<p><strong><u>Tilvenning de minste(0-3)<\/u><\/strong><\/p>\n<p>Vi i Olsvik\u00e5sen har en foreldreaktiv tilvenning, og denne type tilvenning er knyttet til nyere forskning om tilknytningsteorier. Tilknytningspersonens hovedoppgave er \u00e5 fungere som en sikker havn, det vil si \u00e5 ta imot barnet n\u00e5r det har behov for tr\u00f8st og omsorg, og \u00e5 v\u00e6re en trygg base for barnets utforskning, lek og l\u00e6ring. I denne nye typen tilvenning vil vi begge vekt p\u00e5 foreldrenes\/foresattes betydning for barnets tilvenning. Det er \u00f8nsket at foreldrene er tilstede minst tre hele dager i barnehagen og har tilvenning en uke. Her har foreldrene ansvar for barnet mens det stelles, n\u00e5r det spiser, sover, leker og under aktiviteter. Tilknytningspersonen er tilstede sammen med foreldrene, og observerer hvordan barnet reagerer, og hvordan foreldrene m\u00f8ter barnet. Etter hvert blir barnet kjent med tilknytningspersonen og den overtar mer og mer ansvaret for barnet. Forelderen er fortsatt med og hjelper med praktiske oppgaver. P\u00e5 denne m\u00e5ten blir foreldrene og mer kjent med barnehagens organisering og oppn\u00e5r mer realistiske forventninger og st\u00f8rre trygghet. Erfaringer med denne modellen tilsier at barnet blir fortere trygg og perioden oppleves kortere. Barnet gr\u00e5ter mindre og er mer forn\u00f8yd, Det blir ogs\u00e5 lettere \u00e5 v\u00e6re en sensitiv voksen, det vil si \u00e5 lese barnets signaler og se barnets behov n\u00e5r de er sammen med foreldrene. Vi vil ogs\u00e5&nbsp; med de yngste dele ut hvert sitt hus som dere kan fylle med bilder av barnets familie og andre viktige personer i barnets liv. Overgangsobjekter som smokk eller kosedyr ol. er god hjelp i tilknytningsprosessen hos de yngste. Kom f\u00f8rste dag kl.10, s\u00e5 avtaler vi n\u00e6rmere derfra.<\/p>\n<p><strong><u>Tilvenning med de eldste(3-6)<\/u><\/strong><\/p>\n<p>Her blir barnet m\u00f8tt med en tilknytningskontakt, en eller to, som blir kjent med barnet og utvider etter hvert. Det er stort fokus p\u00e5 n\u00e6rhet og trygghet for barnet og barnets behov. Det er her viktig med en god dialog med dere foreldre, og vi finner ut i felleskap underveis hva som er best for barnet. Det avtales med barnehagel\u00e6rer p\u00e5 avdelingen f\u00f8rste dagene. Erfaringsvis kan noen f\u00e5 en reaksjon etter noen uker. Dette er vanlig og pleier \u00e5 g\u00e5 raskt over. Det er lurt \u00e5 ha kortere dager den f\u00f8rste tiden. F\u00f8rste dag kommer man kl 10, og er til lunsj. Andre dag kommer man kl 8.30, og er til over lunsj. Mens tredje dag, kan man komme 8.30 og ha en lengre dag der foreldrene kan ta en tur, men v\u00e6re tilgjengelig. Dette foreg\u00e5r i dialog med dere som kjenner barnet aller best.<\/p>\n<p><strong><u>Tilvenningstiden-organisering<\/u><\/strong><\/p>\n<p>Vi har oppstartsamtale med foreldre i den f\u00f8rste perioden. Her f\u00e5r dere god mulighet til \u00e5 komme med sp\u00f8rsm\u00e5l og forventninger til barnehagen. Det er viktig \u00e5 huske p\u00e5 at det kan v\u00e6re mange som begynner samtidig. Fint om dere foreldre kommer inn med barnet om det ikke kommer en voksen ut i garderoben. Det kan komme mange samtidig det er viktig \u00e5 sette av tid i bringesituasjonen spesielt den f\u00f8rste tiden mens flere fremdeles er under tilvenning.<\/p>\n<p><strong>Tips om \u00e5 ta avskjed:<\/strong><\/p>\n<ul>\n<li>\n<p>Si klart fra til barnet n\u00e5r du\/dere skal g\u00e5 fra barnehagen.<\/p>\n<\/li>\n<li>\n<p>Lag gjerne avskjedsrutiner, som for eksempel vinke gjennom vinduet.<\/p>\n<\/li>\n<li>\n<p>Dersom deres barn begynner \u00e5 gr\u00e5te er det lurt \u00e5 r\u00e5df\u00f8re seg med en i barnehagen.<\/p>\n<\/li>\n<li>\n<p>Dersom du\/dere tar avskjed p\u00e5 en bestemt men hyggelig im\u00f8tekommende m\u00e5te, vil det v\u00e6re bedre for barnet enn om dere oppfattes som usikre.Si for eksempel : Ha det vennen, gleder meg til \u00e5 se deg igjen.<\/p>\n<\/li>\n<li>\n<p>Si ifra dersom du\/dere trenger hjelp med avskjed.<\/p>\n<\/li>\n<li>\n<p>Av erfaring slutter barnet \u00e5 gr\u00e5te n\u00e5r foreldrene er ute av syne.<\/p>\n<\/li>\n<li>\n<p>Vi vet at det kan f\u00f8les vanskelig, og ring gjerne for \u00e5 h\u00f8re hvordan det g\u00e5r. Vi kan ogs\u00e5 sende melding.<\/p>\n<\/li>\n<\/ul>\n<h3>Startsamtalen<\/h3>\n<p>Om startsamtalen i Kanvas:&nbsp;<a href=\"https:\/\/www.kanvas.no\/2023\/07\/06\/startsamtale-foreldresamtaler-og-foreldremoter\/\">Startsamtale, foreldresamtaler og foreldrem\u00f8ter &#8211; Kanvas<\/a><\/p>\n<\/p><\/div>\n<div id=\"praktisk-info\">\n<h2>Praktisk info<\/h2>\n<figure class=\"wp-block-image has-image-ratio-16-9 size-full\"><img decoding=\"async\" src=\"https:\/\/backstage.mykid.no\/_ajax\/download?t=eyJ0eXAiOiJKV1QiLCJhbGciOiJIUzI1NiJ9.eyJpYXQiOjE3NzY2ODc1NDYsImV4cCI6MjA5MjY4NzU0NiwiZmlsZV9pZCI6IkJlSER4REpnTDRCQXpkL2dORFlwaTZQc1lZQlVXYjBnSnY4S3BMelZ5QUpFTjdGdUMrN1RmSFhUell0TXhuRGpDWHg3R3JDRXFraGI1YTk0Vy9ueEJjMS8rL1d1WktzRWkySVVSQUd5NXcrZk5oNzZzbHk5SEFSNXZTRHlMY2RaaW4yTnNqRE53TEZQeWE0cDROMnpkMTJVVER2Nmk0VEVtbHFKT1M1U1pGTT0iLCJmaWxlbmFtZSI6IjZfMF82M2YxMGIwMDkxYmEyYmFmM2Y5NWU3NzA4ZjNlNzljZS5qcGcifQ.YTgDe_YrP9IekWBrpt5r8nedb_Nf3VQUsO_LvGscb_U\" alt=\"\" \/><\/figure>\n<h3>Kl\u00e6r og utstyr<\/h3>\n<p><span style=\"font-size:16px\">Mange lurer p\u00e5 hva som b\u00f8r finnes av kl\u00e6r og utstyr i barnehagen. Her kommer en liten oversikt:<\/span><\/p>\n<p><span style=\"font-size:16px\"><strong>I den ytterste garderoben:<\/strong><\/span><\/p>\n<p><span style=\"font-size:16px\">&#8211; Regnt\u00f8y &ndash;&nbsp;<strong>alltid<\/strong>. Det hender at det til og med er mest gunstig om vinteren<\/span><\/p>\n<p><span style=\"font-size:16px\">&#8211; Gummist\u00f8vler om sommeren\/vanntette sko om vinteren<\/span><\/p>\n<p><span style=\"font-size:16px\">&#8211; Parkdress eller foret vinterdress, alt etter \u00e5rstid.<\/span><\/p>\n<p><span style=\"font-size:16px\">&#8211; Skot\u00f8y skal st\u00e5 i stativet eller p\u00e5 hylla&nbsp;i yttergarderoben.<\/span><\/p>\n<p><span style=\"font-size:16px\"><strong>I den innerste garderoben:<\/strong><\/span><\/p>\n<p><span style=\"font-size:16px\">&#8211; Ekstra skift: bukse, genser, t-skjorte, truse, sokker og stillongs.<\/span><\/p>\n<p><span style=\"font-size:16px\">&#8211; Ullsokker &ndash; &nbsp;Pass p\u00e5 \u00e5 kj\u00f8pe ullsokker med minimum 65 % ull.<\/span><\/p>\n<p><span style=\"font-size:16px\">&#8211; Jakke mot vind evt. en genser er grei om sommeren.<\/span><\/p>\n<p><span style=\"font-size:16px\">&#8211; Ullundert\u00f8y (eller superundert\u00f8y) om h\u00f8sten\/vinteren\/v\u00e5ren.<\/span><\/p>\n<p><span style=\"font-size:16px\">&#8211; Ullgenser og ullbukse eventuelt fleece.<\/span><\/p>\n<p><span style=\"font-size:16px\"><strong>&#8211; Merk alle kl\u00e6rne!<\/strong>&nbsp;Sjansen for \u00e5 finne igjen kl\u00e6rne er mye st\u00f8rre hvis det er merket. Merkelapper til kl\u00e6r f\u00e5s kj\u00f8pt hos blant&nbsp; annet&nbsp;<a href=\"http:\/\/www.navnelapper.no\/\"><u>http:\/\/www.navnelapper.no<\/u><\/a><\/span><\/p>\n<p><span style=\"font-size:16px\">&#8211; Sjekk strikker under bena p\u00e5 parkdresser og regnbukser. Sy i nye dersom de er \u00f8delagte.<\/span><\/p>\n<p><span style=\"font-size:16px\">&#8211; Bruk ikke skjerf p\u00e5 barna.&nbsp;Halser og halsluer er mye bedre. Det kan v\u00e6re farlig \u00e5 bli hengende fast i skjerfet.<\/span><\/p>\n<p><span style=\"font-size:16px\">Vi gj\u00f8r oppmerksom p\u00e5 at det er dere foreldres&nbsp;ansvar \u00e5 holde plassene til barna ryddig. Kl\u00e6r skal ligge i hylla og ikke p\u00e5 benkene og gulvet. Sko og st\u00f8vler skal st\u00e5 i yttergangen. Rydd plassene til barna n\u00e5r dere henter p\u00e5 ettermiddagen. Sjekk minst en gang i uken hva barnet har p\u00e5 plassen sin av kl\u00e6r. Blir det for mye har det lett for \u00e5 bli rotete og vanskelig for barnet og holde orden p\u00e5 plassen sin. Hver fredag blir garderobeplassen vasket hvis den er t\u00f8mt for kl\u00e6r.&nbsp;<\/span><\/p>\n<h3>Bringe og hente<\/h3>\n<p><span style=\"font-size:16px\"><span style=\"font-family:\">Barnehagen er \u00e5pen fra kl 07.00 &#8211; 16.30.&nbsp;Det er viktig at dere beregner god nok tid til henting slik at dere er ute av barnehagen til kl. 16.30.<\/span><\/span><\/p>\n<p><span style=\"font-size:16px\"><span style=\"font-family:\">Vi \u00f8nsker \u00e5 f\u00e5 til s\u00e5 gode overganger som mulig for barnet&nbsp;n\u00e5r det&nbsp;leveres og hentes og det er derfor viktig av dere tar dere tid til en liten prat med personalet. N\u00e5r barnet leveres kan det v\u00e6re viktig at vi f\u00e5r vite hvis det har skjedd noe spesielt som kan p\u00e5virke dagen til barnet. N\u00e5r dere henter \u00f8nsker vi \u00e5 fortelle hvordan dagen har v\u00e6rt og om det har skjedd noe spesielt. God kommunikasjon og samarbeid mellom dere&nbsp;foreldre og oss i barnehagen er n\u00f8kkelen til at barna har det bra.&nbsp;<\/span><\/span><\/p>\n<h3>Mat og m\u00e5ltider<\/h3>\n<p>I Kanvas f\u00f8lger vi Helsedirektoratets retningslinjer for mat og m\u00e5ltider i barnehagen.<\/p>\n<p>Les mer om mat og m\u00e5ltider i Kanvas-barnehagene her:&nbsp;<a href=\"https:\/\/www.kanvas.no\/nytt-og-nyttig\/sunn-mat-i-barnehagen\/\">Sunn mat i barnehagen &#8211; Kanvas<\/a><\/p>\n<p>&nbsp;<\/p>\n<p><span style=\"font-size:16px\"><span style=\"font-family:\">Et sunt og godt kosthold fra barna er sm\u00e5, er viktig for trivsel, vekst og utvikling.<\/span> Det \u00e5 samles rundt et godt m\u00e5ltid mat er en viktig l\u00e6ringsarena. Like viktig er det at maten vi tilbyr gir barna energi til en aktiv dag i barnehagen. Matpakke til frokost har barnet selv med. Vi vil at matpakken skal innholde sunne alternativer. Vi serverer lunsj og frukt hver dag. Dette dekkes ved at foreldre betaler en ekstra sum i m\u00e5neden.<\/span><\/p>\n<p><span style=\"font-size:16px\">Vi serverer gr\u00f8nnsaker og drikke til alle m\u00e5ltider og barna blir servert et fiskem\u00e5ltid i uken. Vi har ogs\u00e5 ofte med oss, eller lager mat p\u00e5 tur, og vi baker ogs\u00e5 rundstykker og br\u00f8d innimellom. Barnet som er allergisk\/har egne dietter legger vi til rette for.<\/span><\/p>\n<p><span style=\"font-size:16px\">Det er fint om alle barna har med seg en drikkeflaske som de kan ha i hyllen.<\/span><\/p>\n<p><span style=\"font-size:16px\"><span style=\"font-family:\">Godt tilrettelagt m\u00e5ltider utvikler matglede og gj\u00f8r at barna utvider sitt spekter av mat som de spiser. Samtidig gir det \u00f8kt overskudd og trivsel. Det er f\u00e5 virkemidler som er bedre enn at barn ser hva andre barn spiser.&nbsp; Barna er med p\u00e5 matlagingen. Det er verdifullt og l\u00e6rerikt for barna. De l\u00e6rer om hygiene og om \u00e5 behandle kj\u00f8kkenredskaper, de l\u00e6rer om hva de spiser og hvordan maten blir til. Barna synes det er morsomt og spennende og de er stolte av \u00e5 ha v\u00e6rt med p\u00e5 \u00e5 tilberede et ordentlig m\u00e5ltid.&nbsp;<\/span><\/span><\/p>\n<p><span style=\"font-size:16px\"><span style=\"font-family:\">M\u00e5ltidene er viktige samlingspunkter b\u00e5de for barna og for oss voksne, og vi mener disse er viktige ogs\u00e5 i pedagogisk sammenheng. Vi er opptatt av at dette skal v\u00e6re samlende, hyggelige og morsomme tider p\u00e5 dagen, selv om vi selvsagt skal ha tid og ro til \u00e5 spise.<\/span><\/span><\/p>\n<h3>Tur<\/h3>\n<p><span style=\"font-size:16px\"><span style=\"line-height: 115%;font-family:\">Vi benytter oss av n\u00e6rmilj\u00f8et for utfoldelse og fysiske utfordringer. Barna skal f\u00e5 gode erfaringer med friluftsliv til ulike \u00e5rstider. Alle barna drar p\u00e5 tur en dag i uka. Vi har to til tre faste plasser i n\u00e6rmilj\u00f8et , og vi ser en stor verdi av \u00e5 dra til samme sted ofte. Det blir gjenkjennende, forutsigbart og vi opplever at barn liker repetisjon. Det gj\u00f8r at vi blir godt kjent med omr\u00e5det og kan finne flere ulike aktiviteter og fysiske utfordringer underveis.<\/span><\/span><\/p>\n<h3>Bursdagsfeiring<\/h3>\n<p><span style=\"font-size:16px\">Til bursdager p\u00e5 storfl\u00f8y&nbsp;&nbsp;feirer med flagg og bursdagssamling der barnet er i fokus. P\u00e5 sm\u00e5fl\u00f8y har vi bursdagsamling og lager smoothie.&nbsp;Foreldre tar ikke med seg noe.<\/span><\/p>\n<h3>Feriestengt og -avvikling<\/h3>\n<p>Kanvas-barnehagene&nbsp;holder stengt jul- og nytt\u00e5rsaften, onsdag f\u00f8r skj\u00e6rtorsdag og 5 planleggingsdager i l\u00f8pet av barnehage\u00e5ret. Barna skal i tillegg ha fire ukers ferie i l\u00f8pet av barnehage\u00e5ret. Barn som skal slutte i barnehagen m\u00e5 avvikle ferien f\u00f8r 1. august.<\/p>\n<h3>Samtykker<\/h3>\n<p>Foreldre fyller ut et samtykkeskjema&nbsp;i MyKid&nbsp;f\u00f8r barnet starter i barnehagen. I dette skjemaet fyller dere ut om dere f.eks. tillater at det tas bilder av barnet, og om dere tillater at barnet kan bli med p\u00e5 tur med offentlig transport.<\/p>\n<p>Foreldre kan gj\u00f8re endringer i samtykkeskjemaet&nbsp;gjennom \u00e5ret.<\/p>\n<p>&nbsp;<\/p>\n<h3>Personvern<\/h3>\n<p>Alle barnehager har en lovp\u00e5lagt plikt til \u00e5 s\u00f8rge for at personopplysninger er tilfredsstillende sikret for \u00e5 unng\u00e5 krenkelser av personvernet til ansatte, barn og foreldre. Barnehagen skal gjennom planlagte og systematiske tiltak s\u00f8rge for tilfredsstillende informasjonssikkerhet med hensyn til konfidensialitet, integritet og tilgjengelighet ved behandling av personopplysninger. Personopplysninger skal ikke lagres lenger enn det som er n\u00f8dvendig.<\/p>\n<h2>Samtykke<\/h2>\n<p>Lagring av personopplysninger om barn og foresatte forutsetter at samtykkeskjema er fylt ut og signert. Dette gj\u00f8res p\u00e5 MyKid.<\/p>\n<h2>Barnemapper<\/h2>\n<p>Hver barnehage har et digitalt barnemappearkiv der all dokumentasjon om barn som g\u00e5r i barnehagen arkiveres. Daglig leder i barnehagen, eller stedfortredende, er ansvarlig for tilgangskontroll. Kun ansatte som jobber med barnet har tilgang til mappen.<\/p>\n<p>Foresatte har normalt tilgang til informasjonen i barnemappen, for eksempel startsamtale og oppf\u00f8lgingssamtaler. Dokumenter som er utarbeidet for eventuell intern saksforberedelse kan unntas fra innsyn. Barnets foresatte har som hovedregel rett til innsyn i alt som omhandler sitt barn. For \u00e5 vurdere krav om innsyn skal barnehagen motta skriftlig henvendelse som vil bli besvart skriftlig. E-posthenvendelse regnes her som skriftlig henvendelse. Eventuelle kopier av dokumenter fra barnemappen skal leveres direkte til den som har f\u00e5tt tillatelse til innsyn.<\/p>\n<p>N\u00e5r barnet slutter i barnehagen, vil opplysningene som hovedregel enten overf\u00f8res til foresatte eller bli slettet av barnehagen. Unntak fra dette kan v\u00e6re barnehagens behov for \u00e5 dokumentere saksbehandling i en konkret sak knyttet til et barn, for eksempel en barnevernssak.<\/p>\n<h2>Trygg h\u00e5ndtering av digitale enheter<\/h2>\n<p>Av personvernhensyn skal ikke digitale kommunikasjonsmidler (eks. smartklokke, mobiltelefon e.l.) medbringes barnehagen.<\/p>\n<p>Alle digitale enheter som benyttes i jobbsammenheng, som PC, nettbrett og mobiltelefon, skal v\u00e6re passordbeskyttet. PC og nettbrett skal oppbevares nedl\u00e5st etter \u00e5pningstid. Personlige enheter skal som en hovedregel ikke benyttes i jobbsammenheng. To-faktor autentisering ved p\u00e5logging m\u00e5 benyttes der enhet&nbsp;benyttes til annet enn n\u00f8dstilfelle.&nbsp;<\/p>\n<h2>Bilder av barn &#8211; retningslinjer for ansatte<\/h2>\n<p>Det kan kun tas identifiserbare bilder av barn som er godkjent for fotografering, og bildene kan kun deles etter godkjenning fra foresatte &#8211; ref. samtykkeskjema. Alle Kanvas-barnehager utarbeider egne retningslinjer for h\u00e5ndtering av bilder av barn.<\/p>\n<h2>Bilder av barn &#8211; retningslinjer for foresatte<\/h2>\n<p>Det skal ikke&nbsp;deles bilder av andres barn uten samtykke fra barnas foresatte. Det gjelder alle arrangementer tilknyttet barnehagen, inkludert det som skjer utenfor barnehagens omr\u00e5de. Dette baseres p\u00e5 personvernloven og Datatilsynets retningslinjer for personvern i barnehagen, samt deres veileder om bilder av barn. Se folderen &laquo;I beste mening&raquo; om bilder av barn her: <a href=\"https:\/\/www.datatilsynet.no\/personvern-pa-ulike-omrader\/skole-barn-unge\/bilder-av-barn-pa-nett\/\">https:\/\/www.datatilsynet.no\/personvern-pa-ulike-omrader\/skole-barn-unge\/bilder-av-barn-pa-nett\/<\/a><\/p>\n<ul>\n<li>\n<p>Hovedregelen er at du alltid skal be om samtykke fra alle som direkte eller indirekte kan gjenkjennes p\u00e5 et bilde f\u00f8r det publiseres. Hvis de som er avbildet er under 15 \u00e5r, m\u00e5 ogs\u00e5 de foresatte samtykke til publiseringen. Hvis du deler bilder uten lov, vil du i verste fall kunne havne i straffansvar. Dette gjelder enten bildet skal deles \u00e5pent p\u00e5 en nettside, p\u00e5 en lukket Facebook-side eller via epost.<\/p>\n<\/li>\n<li>\n<p>Vi m\u00e5 v\u00e6re s\u00e6rlig bevisste p\u00e5 reglene i situasjoner hvor ogs\u00e5 andres barn kommer med p\u00e5 bildene som tas, for eksempel p\u00e5 en Lucia-frokost i barnehagen. Der er det lett \u00e5 f\u00e5 med andre barn p\u00e5 bildet. Da er det viktig at vi sp\u00f8r de foresatte om lov f\u00f8r det deles. Vi vet aldri hvilke situasjoner andre mennesker er i, og mange kan ha gode grunner til \u00e5 ikke ha bilder av seg selv p\u00e5 nett. Dessuten er det et godt nok argument rett og slett \u00e5 ikke \u00f8nske en slik tilstedev\u00e6relse.<\/p>\n<\/li>\n<li>\n<p>Unntak: P\u00e5 noen bilder er det selve situasjonen, eller aktiviteten, som er hovedtema. Hvilke personer som er p\u00e5 bildet er da mindre viktig. Dette kan for eksempel gjelde avstandsbilder av et 17. maitog. Slike bilder kan deles uten tillatelse fra de avbildede s\u00e5 lenge bildene er harml\u00f8se og ikke p\u00e5 noen m\u00e5te kan f\u00f8les krenkende for de som er avbildet. Ha likevel som hovedregel alltid \u00e5 sp\u00f8rre alle p\u00e5 bildet f\u00f8r det deles for ikke \u00e5 tr\u00e5 feil. Det er dessuten en h\u00f8flig gest \u00e5 sp\u00f8rre dem det gjelder f\u00f8r bildet i det hele tatt tas, s\u00e5 langt det lar seg gj\u00f8re.<\/p>\n<\/li>\n<\/ul>\n<p>&nbsp;<\/p>\n<h3>Sikkerhet\/HMS<\/h3>\n<p>Vi tar alltid barnas sikkerhet p\u00e5 alvor, og har defor noen retningslinjer for hva som m\u00e5 unng\u00e5s av kl\u00e6r og utstyr i barnehagen for \u00e5 ikke utsette barn for kvelningsfare:<\/p>\n<ul>\n<li>\n<p>Bruk hals i stedet for skjerf<\/p>\n<\/li>\n<li>\n<p>Unng\u00e5 hettegensere eller andre plagg med fastsydd hette. Det meste av parkdresser og regnt\u00f8y har hetter med glidel\u00e5s\/knapper som l\u00f8sner om barna blir hengende fast i noe<\/p>\n<\/li>\n<li>\n<p>Unng\u00e5 drikkeflasker med snorer til \u00e5 henge rundt halsen<\/p>\n<\/li>\n<li>\n<p>Fjern snorer fra barnas kl\u00e6r hvis de kan utsette barnet for kvelningsfare<\/p>\n<\/li>\n<li>\n<p>Ikke ta med tau, hoppetau eller hoppestrikk hjemmefra<\/p>\n<\/li>\n<\/ul>\n<h3>Sykt barn<\/h3>\n<p>Kanvas f\u00f8lger&nbsp;<a href=\"https:\/\/www.fhi.no\/sm\/barnehage\/nar-ma-barnet-vare-hjemme-fra-barne\/\" target=\"_blank\" rel=\"noopener\">folkehelseinstituttets retningslinjer for syke barn<\/a>.<\/p>\n<p><strong>Allmenntilstand<\/strong>: Det er barnets allmenntilstand som avgj\u00f8r om barnet kan g\u00e5 i barnehagen eller b\u00f8r v\u00e6re hjemme.&nbsp;Det er mer krevende for et barn som ikke er i form \u00e5 v\u00e6re i barnehagen enn \u00e5 v\u00e6re hjemme. Barnehagen kontakter foreldre for henting dersom barnet f\u00e5r nedsatt allmenntilstand i l\u00f8pet av dagen. Som hovedregel b\u00f8r barnet v\u00e6re friskt nok til \u00e5 kunne delta i normale aktiviteter i barnehagen b\u00e5de inne og ute. Barnet skal ikke ha feber.<\/p>\n<p><strong>Smittevern<\/strong>: Foreldre og barnehagen m\u00e5 sammen ta ansvar for \u00e5 begrense smitte og sykdom hos barn og ansatte. Viktige tiltak er:<\/p>\n<ul type=\"disc\">\n<li>God h\u00e5ndhygiene ved levering og henting. Alle barn, ansatte og foreldre vasker hendene n\u00e5r de kommer til og g\u00e5r fra barnehagen.<\/li>\n<li>Barnehagen gjennomf\u00f8rer gode hygiene- og renholdsrutiner gjennom dagen i stellesituasjoner, m\u00e5ltider, etter utetid mm.<\/li>\n<li>Syke og smittsomme barn holdes hjemme.<\/li>\n<li>Barn med akutt&nbsp;diar\u00e9\/omgangssyke&nbsp;kommer tilbake til barnehagen 48 timer etter at de har blitt symptomfrie.<\/li>\n<li>Barnehagen informerer foreldre ved utbrudd av smittsomme sykdommer. Ved utbrudd av alvorlig smittsomme sykdommer gis informasjon i samarbeid med helsemyndigheter.<\/li>\n<\/ul>\n<p><strong>Taushetsplikt<\/strong>: Personalet har taushetsplikt, noe som inneb\u00e6rer at de ikke kan svare p\u00e5 hvem som har hvilken sykdom.<\/p>\n<p>Vi er en Ren-h\u00e5nd Barnehage, og gj\u00f8r det vi kan for \u00e5 begrense smitte. Vi ber derfor om at n\u00e5r barnet er syk gir man ogs\u00e5 beskjed&nbsp;om hvorfor, slik at vi kan ta forh\u00e5ndsregler for dette i barnehagen.<\/p>\n<h3>Medisiner<\/h3>\n<p>Barnehagen har ikke formell kompetanse i medisinh\u00e5ndtering. Av hensyn til barnas sikkerhet og for \u00e5 unng\u00e5 feilmedisinering, ber vi om at all medisinering skjer hjemme, s\u00e5 langt det lar seg gj\u00f8re. Dette gjelder ogs\u00e5 reseptfrie legemidler.<\/p>\n<p>Dette inneb\u00e6rer:<\/p>\n<ul type=\"disc\">\n<li>Ta opp med barnets lege at medisiner b\u00f8r kunne gis i hjemmet utenom barnehagetiden.<\/li>\n<li>Dersom barnet m\u00e5 ha medisiner i l\u00f8pet av dagen (for eksempel ved kronisk sykdom), skal foresatte alltid fylle ut skjemaer som blant annet bekrefter type legemiddel, riktig dose og hvem av de ansatte som kan gi medisiner. Skjemaene finnes i MyKid.<\/li>\n<li>Ansatte som skal gi medisiner m\u00e5 f\u00e5 n\u00f8dvendig oppl\u00e6ring av foreldrene. Dette gjelder ogs\u00e5 akuttmedisiner (som for eksempel EpiPen eller astmamedisin).<\/li>\n<\/ul>\n<p><b>Jodtablett ved atomulykke: <\/b><\/p>\n<p>Jodtabletter er lagret i barnehagen. Barnehagen vil gi barna jodtablett hvis <a href=\"https:\/\/eur02.safelinks.protection.outlook.com\/?url=https%3A%2F%2Fdsa.no%2Fatomberedskap%2Fatomberedskap-i-norge%23Kriseutvalget&amp;data=05%7C01%7Csynne.alsaker%40kanvas.no%7C2e276ba5385e4e2564bc08dbd071bd34%7Cb524c8d5c57340f7bb15f5b5befb0174%7C0%7C0%7C638332959180113169%7CUnknown%7CTWFpbGZsb3d8eyJWIjoiMC4wLjAwMDAiLCJQIjoiV2luMzIiLCJBTiI6Ik1haWwiLCJXVCI6Mn0%3D%7C3000%7C%7C%7C&amp;sdata=wPSP4R5XFZk%2F1Q3IC%2F2cYWtXClxcGJYGsDnWuPyiEDQ%3D&amp;reserved=0\">Kriseutvalget for atomberedskap<\/a> anbefaler at jodtabletter skal brukes. Ved en atomulykke kan det v\u00e6re viktig at barn og unge f\u00e5r jodtabletter raskt. Du som foresatt m\u00e5 gi beskjed til barnehagen v\/daglig leder, hvis du <u>ikke<\/u> \u00f8nsker at barnet skal f\u00e5 jodtablett. &nbsp;&nbsp;<\/p>\n<p><b>Hvorfor jodtablett:<\/b> Hvis det skjer en atomulykke i Norge eller i n\u00e6rheten av Norge, kan radioaktivt jod bli spredd gjennom luften i s\u00e5 store mengder at det er fare for at dette stoffet blir tatt opp i kroppen. Jodtabletter blokkerer opptaket av radioaktivt jod i skjoldbruskkjertelen. P\u00e5 denne m\u00e5ten beskytter jodtabletter mot radioaktivitet og gj\u00f8r at det er mindre risiko for at kreft i denne kjertelen. Derfor anbefaler norske myndigheter at barn og unge under 18 \u00e5r f\u00e5r en jodtablett hvis det skjer en atomulykke som utsetter dem for radioaktivt jod. Det er meget sjelden at noen f\u00e5r bivirkninger etter \u00e5 ha f\u00e5tt jodtablett \u00e9n gang. Ved tvil b\u00f8r du snakke med barnets lege.<\/p>\n<h3>Frav\u00e6r og vikarer<\/h3>\n<p>Ved behov benytter barnehagen seg av vikarer. Vi holder foresatte oppdatert om frav\u00e6r blant ansatte og om eventuell bruk av&nbsp;vikar.<\/p>\n<p>Alle vikarer m\u00e5 levere politiattest f\u00f8r oppstart, slik \u00f8vrige ansatte gj\u00f8r. <u>Nye<\/u> vikarer g\u00e5r ikke yttervakter og er heller ikke alene med barna. Vi etterstreber \u00e5 ikke bruke nye vikarer sammen med de minste barna.<\/p>\n<h3>Forsikring<\/h3>\n<p>Barn som g\u00e5r i en Kanvas-barnehage&nbsp;er forsikret i KLP Skadeforsikring. Forsikringen gjelder innenfor barnehagens omr\u00e5de, og p\u00e5 utflukter, reiser og lignende som arrangeres av barnehagen. I tillegg er barnet forsikret p\u00e5 direkte reise til\/fra barnehagen.&nbsp;<\/p>\n<p>Vi gj\u00f8r oppmerksom p\u00e5 at skadeforsikringen kun gjelder personskader knyttet til ulykker. Eiendeler er alts\u00e5 ikke dekket av denne forsikringen. Dersom man har dyre eiendeler i barnehagen, som briller, vogn el., anbefaler vi at dette inkluderes i foresattes egne forsikringer.<\/p>\n<p><a href=\"https:\/\/www.klp.no\/offentlig\/forsikring\/elevforsikringer\" target=\"_blank\" rel=\"noopener\">Les mer om forsikringen her.<\/a><\/p>\n<h3>Foreldrebetaling<\/h3>\n<p>Maksimalgrensen for foreldrebetaling for et heldags ordin\u00e6rt barnehagetilbud er 1200 kroner per m\u00e5ned fra 1.&nbsp;august 2025.<\/p>\n<p>Kanvas f\u00f8lger maksimalgrensen for foreldrebetaling.<\/p>\n<\/p><\/div>\n<div id=\"barnehagehverdagen\">\n<h2>Barnehagehverdagen<\/h2>\n<figure class=\"wp-block-image has-image-ratio-16-9 size-full\"><img decoding=\"async\" src=\"https:\/\/backstage.mykid.no\/_ajax\/download?t=eyJ0eXAiOiJKV1QiLCJhbGciOiJIUzI1NiJ9.eyJpYXQiOjE3NzY2ODc1NDYsImV4cCI6MjA5MjY4NzU0NiwiZmlsZV9pZCI6InJUYkgyQjZ0M2FQNUdTelZsK05EQld6c0VjdHpZSUh1Sk1KTW9WYXlqdHVJdlh2MnRKaHR2QjNKcG9CYmZOZTBGa0QvSXNIR3k0eStuQUt5clRDSnhmbHNlbFd6RGtKQXhYd1p2MG1BV2IvZDNDUG5MWWY3Mzl0QTA2K01VZjZWUll1RXpLaXYwWnloNUFGRmg2S2xtRUlLWUhuNWVUNDljL3BOckd3UmZoQT0iLCJmaWxlbmFtZSI6IjZfMF8yMGViYTdlZTk0NDkxMDUyY2M2Njc5MzQ5ZjFhNDk4YS5qcGcifQ.dX44KdAmTdvVi5HoxgcdohsdJI1bM_F4WeCq6niRbXw\" alt=\"\" \/><\/figure>\n<\/p><\/div>\n<div id=\"foreldresamarbeid\">\n<h2>Foreldresamarbeid<\/h2>\n<figure class=\"wp-block-image has-image-ratio-16-9 size-full\"><img decoding=\"async\" src=\"https:\/\/backstage.mykid.no\/_ajax\/download?t=eyJ0eXAiOiJKV1QiLCJhbGciOiJIUzI1NiJ9.eyJpYXQiOjE3NzY2ODc1NDYsImV4cCI6MjA5MjY4NzU0NiwiZmlsZV9pZCI6IkZTVXNjZEd6T0tYUVB1a3k3VzdJRnN2UU1HZzdJUlhqbXArcS9qbkdRSVZwcWhvMm5FbEg2M3djZnhzZVh4VEUyUEV6dU5KOFRMMXBmLzB2VWRlY2RZVzl4dXlNdFVIRHNkSTJDbWZNZjJ6UGFwdFpZQkh0TkJOcWtnMUhpeStIWGxmNTFkVXdGMllxQWtEeGpBOFRaamVyMTZ6c0R6MVRFVWF1VWZqTWI1MD0iLCJmaWxlbmFtZSI6IjZfMF8yMjQzZjNhYTQ1NmQ0ZjQ1NDJjOTlkNTE2MWFmMzgzNi5qcGcifQ.wIXUVw0-4ClSgjbBb66sxnQoecFATdHsRI2_34Eyn3s\" alt=\"\" \/><\/figure>\n<h3>MyKid<\/h3>\n<p>Kanvas-barnehagene benytter seg av kommunikasjonsportalen MyKid.<\/p>\n<p>&nbsp;<\/p>\n<p><span style=\"font-size:16px\"><b><span style=\"color:#333333\">I korte trekk tilbyr MyKid f\u00f8lgende:<\/span><\/b><\/span><\/p>\n<p><span style=\"font-size:16px\"><span style=\"color:#333333\">&#8211; SMS\/mail mellom barnehage og hjem<br \/>\n&#8211; Mulighet for daglige oppdateringer fra barnehagen\/avdelingen eller ang\u00e5ende ditt barn<br \/>\n&#8211; Kalenderfunksjon<br \/>\n&#8211; Frav\u00e6r- og oppm\u00f8teregistrering<br \/>\n&#8211; Bilder fra barnehagen (P\u00e5 et trygt webomr\u00e5de)<br \/>\n&#8211; Tagging av bilder, slik at de kun er synlige for de aktuelle foresatte<br \/>\n&#8211; Mulighet for \u00e5 laste ned bilder<\/span><\/span><\/p>\n<p><span style=\"font-size:16px\"><span style=\"color:#333333\">N\u00e5r dere begynner i barnehagen vil en av de foresatte motta en SMS med beskjed om \u00e5 registrere seg&nbsp;i MyKid. Denne foresatte m\u00e5 ogs\u00e5 legge til den andre forelderen og eventuelt andre som skal ha tilgang til MyKid (besteforeldre, familie etc).<\/span><\/span><\/p>\n<p><span style=\"font-size:16px\"><span style=\"color:#333333\">N\u00e5r du har blitt registrert som kontaktperson til ditt\/dine barn kan du logge inn p\u00e5 Mykid.no med ditt mobilnummer og trykke send nytt passord.<\/span><\/span><\/p>\n<p><span style=\"font-size:16px\"><span style=\"color:#333333\">I Olsvik\u00e5sen bruker vi&nbsp;MyKid som arena for informasjon, og du m\u00e5 v\u00e6re registrert p\u00e5 MyKid for \u00e5 finne bilder, kalender, nyhetsbrev, viktig informasjon, samt motta mail og SMS fra barnehagen. Det er ogs\u00e5 enkelt for dere som foresatte \u00e5 kontakte barnehagen via MyKid. MyKid fungerer p\u00e5 PC\/Mac, nettbrett og smarttelefon.<\/span><\/span><\/p>\n<p>&nbsp;<\/p>\n<h3>Startsamtale, foreldresamtaler og foreldrem\u00f8ter<\/h3>\n<p>Kort tid etter barnehagestart gjennomf\u00f8rer vi en startsamtale der form\u00e5let er \u00e5 bli bedre kjent med barnet og familien.<\/p>\n<p>Etter startsamtalen tilbys foresatte en foreldresamtale 2 ganger per \u00e5r. Hensikten med foreldresamtalen er \u00e5 f\u00e5 til en god dialog om barnets trivsel og utvikling hjemme og i barnehagen,&nbsp;for \u00e5 kunne&nbsp;legge til rette for en god barnehagehverdag og videre utvikling for barnet, og&nbsp;et godt og konstruktivt foreldresamarbeid.<\/p>\n<p>Kanvas-barnehagene gjennomf\u00f8rer ogs\u00e5 foreldrem\u00f8te \u00e9n eller to ganger i \u00e5ret.<\/p>\n<p>Les mer om startsamtalen,&nbsp;foreldresamtalene og foreldrem\u00f8tene her:&nbsp;<a href=\"https:\/\/www.kanvas.no\/2023\/07\/06\/startsamtale-foreldresamtaler-og-foreldremoter\/\">Startsamtale, foreldresamtaler og foreldrem\u00f8ter &#8211; Kanvas<\/a><\/p>\n<p><span style=\"font-size:16px\"><span style=\"font-family:\">Det holdes ett foreldrem\u00f8te hver h\u00f8st der vi gir dere innsikt i hvordan vi tenker og jobber i i hverdagen.&nbsp;Vi har ogs\u00e5 et foreldrem\u00f8te for nye familier f\u00f8r oppstart i barnehagen (i juni).&nbsp;Det er \u00f8nskelig at dere deltar p\u00e5 foreldrem\u00f8tene.<\/span><\/span><\/p>\n<p><span style=\"font-size:16px\"><strong>Kontakt med st\u00f8ttetjenester <\/strong><\/span><\/p>\n<p><span style=\"font-size:16px\">N\u00e5 vi opplever at barn strever med \u00e5 n\u00e5 milep\u00e6ler i sin utvikling enten, spr\u00e5klig, motorisk, sosialt eller emosjonelt, snakker vi med dere om dette. Dersom vi \u00f8nsker \u00e5 f\u00e5 hjelp av st\u00f8ttetjenesten til \u00e5 observere barnet deres gj\u00f8r vi dette i samarbeid med dere. Vi har et tett samarbeid med ulike st\u00f8ttetjenester i kommunen som pedagogisk fagsenter, PPT, Helsestasjon og&nbsp; fysioterapitjenesten etter behov. Bergen kommune har ogs\u00e5 et lavterskeltilbud, om man er i stuss, s\u00e5 trenger man ikke \u00e5 henvise, bare f\u00e5 en som kan observere og veilede. All kontakt med disse st\u00f8ttetjenestene gj\u00f8res etter deres samtykke. Forskning viser at forsterket oppl\u00e6ring i barnehagen er den som virker aller best, og det er den som er lettest \u00e5 f\u00e5 til.<\/span><\/p>\n<h3>Foreldrer\u00e5det og Samarbeidsutvalget (SU)<\/h3>\n<p>Foreldrer\u00e5det best\u00e5r av de foresatte til barna i barnehagen. Foreldrer\u00e5det skal fremme foreldrenes fellesinteresser&nbsp;og samarbeide med barnehagen om et&nbsp;barnehagemilj\u00f8 for barna. Foreldrer\u00e5det velger foreldrerepresentanter til samarbeidsutvalget (SU).<\/p>\n<p>Alle barnehager er p\u00e5lagt \u00e5 ha et samarbeidsutvalg. SU skal v\u00e6re et r\u00e5dgivende, kontaktskapende og samordnende organ, og best\u00e5r av foresatte og ansatte i barnehagen. Foreldrer\u00e5det og samarbeidsutvalget skal bli forelagt, og har rett til \u00e5 uttale seg i, saker som er viktige for foreldrenes forhold til barnehagen. Samarbeidsutvalget skal med utgangspunkt i rammeplanen vedta en \u00e5rsplan for den pedagogiske virksomheten. Informasjon om hvilke foreldre som er valgt som SU-representanter, samt kontaktinformasjon til disse, deles p\u00e5 MyKid.<\/p>\n<p><span style=\"font-size:16px\">Vi har 4 m\u00f8ter i \u00e5ret, og valg av nye representanter i Samarbeidsutvalget p\u00e5 foreldrer\u00e5dsm\u00f8te p\u00e5 h\u00f8sten. Vi har 2 foreldrerepresentanter, og to ansatterepresentanter. Vi har ogs\u00e5 en vararepresentant for hver av gruppene. Daglig leder fungerer som referent.<\/span><\/p>\n<h3>Foreldreunders\u00f8kelsen<\/h3>\n<p>Kanvas-barnehagene deltar \u00e5rlig i den nasjonale foreldreunders\u00f8kelsen. I foreldreunders\u00f8kelsen f\u00e5r foresatte si sin mening om barnehagetilbudet, barnas trivsel og samarbeidet mellom hjem og barnehage.&nbsp;<\/p>\n<p>Unders\u00f8kelsen gjennomf\u00f8res mellom 6. januar og 31. januar. Resultatene blir tilgjengelig i februar.&nbsp;<\/p>\n<p>Resultatene fra foreldreunders\u00f8kelsen brukes av barnehagen som en hjelp til \u00e5 vurdere og utvikle barnehagetilbudet. Vi oppfordrer alle foreldre til \u00e5 delta p\u00e5 unders\u00f8kelsen.<\/p>\n<p>&nbsp;<\/p>\n<\/p><\/div>\n<div id=\"arshjul\">\n<h2>\u00c5rshjul<\/h2>\n<figure class=\"wp-block-image has-image-ratio-16-9 size-full\"><img decoding=\"async\" src=\"https:\/\/backstage.mykid.no\/_ajax\/download?t=eyJ0eXAiOiJKV1QiLCJhbGciOiJIUzI1NiJ9.eyJpYXQiOjE3NzY2ODc1NDYsImV4cCI6MjA5MjY4NzU0NiwiZmlsZV9pZCI6ImZVY2hYb2N3YmJTTnFJeG1DSzMwMWFDb09MYklFQlMrY0lKeTU5WjVrTnRuMzdneitqUW9xY3Y2bDlzeW9wWEMwbUN0NDk2c24xbmdvYXdkalJxanU4bWt4QldnK3BpNzNYWklNa3VrZHBvNk5qNi8xYW42WXkzVVFJUlhiNW9DNlZEbXZVSExlNlkzZFBHbk5SeVQ4bDI4cTJXQmdZYU9CRUk4ZEZiaEF4ND0iLCJmaWxlbmFtZSI6IjZfMF85NjFmN2FiZTk0ZmJhZmYzYWI2MDIwNWVlOGVkMWQwYi5qcGcifQ.AwpKmM--lGxtVj0NK_yIvx6Cz9ISD4QbusjBJKoakpE\" alt=\"\" \/><\/figure>\n<div class=\"calendar-outer\">\n<div class=\"calendar-container \">\n<div class=\"calendar-wrapper\">\n<div class=\"calendar-content\">\n<div class=\"calendar-left\">\n\t\t\t\t\t\t\t15. mai 2026\n\t\t\t\t\t\t\t<\/div>\n<div class=\"calendar-right\">\n<div class=\"calendar-inner\">\n<p>Planleggingsdag. Barnehagen er stengt.<\/p>\n<\/p><\/div>\n<\/p><\/div>\n<\/p><\/div>\n<\/p><\/div>\n<\/p><\/div>\n<div class=\"calendar-container \">\n<div class=\"calendar-wrapper\">\n<div class=\"calendar-content\">\n<div class=\"calendar-left\">\n\t\t\t\t\t\t\t11. jun 2026\n\t\t\t\t\t\t\t<\/div>\n<div class=\"calendar-right\">\n<div class=\"calendar-inner\">\n<p>Sommerfest i barnehagen<\/p>\n<\/p><\/div>\n<\/p><\/div>\n<\/p><\/div>\n<\/p><\/div>\n<\/p><\/div>\n<div class=\"calendar-container \">\n<div class=\"calendar-wrapper\">\n<div class=\"calendar-content\">\n<div class=\"calendar-left\">\n\t\t\t\t\t\t\t12. jun 2026\n\t\t\t\t\t\t\t<\/div>\n<div class=\"calendar-right\">\n<div class=\"calendar-inner\">\n<p>Planleggingsdag. Barnehagen er stengt.<\/p>\n<\/p><\/div>\n<\/p><\/div>\n<\/p><\/div>\n<\/p><\/div>\n<\/p><\/div>\n<div class=\"calendar-container \">\n<div class=\"calendar-wrapper\">\n<div class=\"calendar-content\">\n<div class=\"calendar-left\">\n\t\t\t\t\t\t\t29. jun 2026 &#8211; 2. aug 2026\n\t\t\t\t\t\t\t<\/div>\n<div class=\"calendar-right\">\n<div class=\"calendar-inner\">\n<p>Uke 27 og 31. \u00c5pningstid 7.30-16.30.<\/p>\n<\/p><\/div>\n<\/p><\/div>\n<\/p><\/div>\n<\/p><\/div>\n<\/p><\/div>\n<div class=\"calendar-container \">\n<div class=\"calendar-wrapper\">\n<div class=\"calendar-content\">\n<div class=\"calendar-left\">\n\t\t\t\t\t\t\t6-26. jul 2026\n\t\t\t\t\t\t\t<\/div>\n<div class=\"calendar-right\">\n<div class=\"calendar-inner\">\n<p>Sommerstengt i uke 28-30.<\/p>\n<\/p><\/div>\n<\/p><\/div>\n<\/p><\/div>\n<\/p><\/div>\n<\/p><\/div>\n<\/p><\/div>\n<\/p><\/div>\n<\/div>\n","protected":false},"excerpt":{"rendered":"<p>I informasjonsheftet finner du praktisk informasjon om barnehagen.<\/p>\n","protected":false},"author":1,"featured_media":0,"comment_status":"closed","ping_status":"closed","sticky":false,"template":"","format":"standard","meta":[],"categories":[1],"tags":[],"acf":[],"_links":{"self":[{"href":"https:\/\/www.kanvas.no\/olsvikasen\/wp-json\/wp\/v2\/posts\/5726"}],"collection":[{"href":"https:\/\/www.kanvas.no\/olsvikasen\/wp-json\/wp\/v2\/posts"}],"about":[{"href":"https:\/\/www.kanvas.no\/olsvikasen\/wp-json\/wp\/v2\/types\/post"}],"author":[{"embeddable":true,"href":"https:\/\/www.kanvas.no\/olsvikasen\/wp-json\/wp\/v2\/users\/1"}],"replies":[{"embeddable":true,"href":"https:\/\/www.kanvas.no\/olsvikasen\/wp-json\/wp\/v2\/comments?post=5726"}],"version-history":[{"count":0,"href":"https:\/\/www.kanvas.no\/olsvikasen\/wp-json\/wp\/v2\/posts\/5726\/revisions"}],"wp:attachment":[{"href":"https:\/\/www.kanvas.no\/olsvikasen\/wp-json\/wp\/v2\/media?parent=5726"}],"wp:term":[{"taxonomy":"category","embeddable":true,"href":"https:\/\/www.kanvas.no\/olsvikasen\/wp-json\/wp\/v2\/categories?post=5726"},{"taxonomy":"post_tag","embeddable":true,"href":"https:\/\/www.kanvas.no\/olsvikasen\/wp-json\/wp\/v2\/tags?post=5726"}],"curies":[{"name":"wp","href":"https:\/\/api.w.org\/{rel}","templated":true}]}}