{"id":22426,"date":"2026-04-20T13:19:01","date_gmt":"2026-04-20T12:19:01","guid":{"rendered":"https:\/\/www.kanvas.no\/rektorhaugen\/informasjonshefte\/"},"modified":"2026-04-20T13:19:01","modified_gmt":"2026-04-20T12:19:01","slug":"informasjonshefte","status":"publish","type":"post","link":"https:\/\/www.kanvas.no\/rektorhaugen\/informasjonshefte\/","title":{"rendered":"Informasjonshefte"},"content":{"rendered":"<div class=\"t2-featured-content-layout alignwide wp-block-t2-featured-content-layout dont-print\">\n<div class=\"t2-featured-query-post t2-featured-content wp-block-t2-featured-query-post t2-featured-content-layout-col-4 t2-featured-content-layout-col-2-mobile\">\n\t\t\t\t\t<a class=\"t2-post-link wp-block-t2-post-link\" href=\"#om-barnehagen\"><\/p>\n<figure class=\"t2-post-featured-image has-image-ratio-16-9 wp-block-t2-post-featured-image\"><img decoding=\"async\" src=\"https:\/\/backstage.mykid.no\/_ajax\/download?t=eyJ0eXAiOiJKV1QiLCJhbGciOiJIUzI1NiJ9.eyJpYXQiOjE3NzY2ODc1NDEsImV4cCI6MjA5MjY4NzU0MSwiZmlsZV9pZCI6Ikl3VlI2Yy9IZEFramhBd25yMmtTbGYyNlFiUXhvWHdKYUF2dkVDVkY5dE5mYUxKbEZPNlN5SkJEUTM1SUlCeGs3RUlsbEgxa25lNFhnM3pzYmpnOTY0TWI5ZUFDbnh0WlVZSHJjcG1GWlpaNEFIWmRQdWxQTnB4LzduVUNlYlQreWRFcG0zUlliVVh5ODJSbWZFZXlXSWI2bC9sczNqczVib2FOejZHa0ZoZz0iLCJmaWxlbmFtZSI6IjZfMF8zYzFmNTIyMWQ5ZTQxOWJlNTE3NDBmYmM5OTNlYTYyZi5qcGcifQ.neLgXQXkRfk0jeLyWqA3EQutJKY5a7mdM849e1te1UI\" alt=\"\" \/><\/figure>\n<div class=\"wp-block-group alignfull is-layout-flow\">\n<h2 class=\"t2-post-title wp-block-t2-post-title fluid-2\">Om barnehagen<\/h2>\n<div class=\"t2-post-excerpt wp-block-t2-excerpt\">\n\t\t\t\t\t\t\t\tHer finner du fakta om barnehagen, \u00e5pningstider og kontaktinformasjon.\n\t\t\t\t\t\t\t<\/div>\n<\/p><\/div>\n<p>\t\t\t\t\t<\/a>\n\t\t\t\t<\/div>\n<div class=\"t2-featured-query-post t2-featured-content wp-block-t2-featured-query-post t2-featured-content-layout-col-4 t2-featured-content-layout-col-2-mobile\">\n\t\t\t\t\t<a class=\"t2-post-link wp-block-t2-post-link\" href=\"#ny-i-barnehagen\"><\/p>\n<figure class=\"t2-post-featured-image has-image-ratio-16-9 wp-block-t2-post-featured-image\"><img decoding=\"async\" src=\"https:\/\/backstage.mykid.no\/_ajax\/download?t=eyJ0eXAiOiJKV1QiLCJhbGciOiJIUzI1NiJ9.eyJpYXQiOjE3NzY2ODc1NDEsImV4cCI6MjA5MjY4NzU0MSwiZmlsZV9pZCI6IldEdXBHSytVWFZWS2hBM3A1NDd3Sk91WHVVemtnOWZpMWtmcnk2Q1BrZEpndlRKUHlxamk4TzdLdUJaWjFCSVJ0bG5lZHRwVkNJV1k4TitwVmRkS0xaWjhISURPMS8xYTFScHpoeUhmeGZnQ2pFaXcxMVBtZTBEM25iSHdHREZOanBBNGNOZFVNTCtRUHpJOTM0UDlyMWxCYTg5YWJmaGV1TENQRGhMdmJDND0iLCJmaWxlbmFtZSI6IjZfMF9mNjQ0NDQ4NTk2ZGRlYzJjZWZhNmM4YTI1MTRlMzRmOC5qcGcifQ.GGwUYTsPncAwMmr3g7AFSV_pkYNKU1YK-CT6N9uIeSA\" alt=\"\" \/><\/figure>\n<div class=\"wp-block-group alignfull is-layout-flow\">\n<h2 class=\"t2-post-title wp-block-t2-post-title fluid-2\">Ny i barnehagen<\/h2>\n<div class=\"t2-post-excerpt wp-block-t2-excerpt\">\n\t\t\t\t\t\t\t\tHer finner du info om tilvenning, startsamtalen og hva du b\u00f8r vite f\u00f8r oppstart.\n\t\t\t\t\t\t\t<\/div>\n<\/p><\/div>\n<p>\t\t\t\t\t<\/a>\n\t\t\t\t<\/div>\n<div class=\"t2-featured-query-post t2-featured-content wp-block-t2-featured-query-post t2-featured-content-layout-col-4 t2-featured-content-layout-col-2-mobile\">\n\t\t\t\t\t<a class=\"t2-post-link wp-block-t2-post-link\" href=\"#praktisk-info\"><\/p>\n<figure class=\"t2-post-featured-image has-image-ratio-16-9 wp-block-t2-post-featured-image\"><img decoding=\"async\" src=\"https:\/\/backstage.mykid.no\/_ajax\/download?t=eyJ0eXAiOiJKV1QiLCJhbGciOiJIUzI1NiJ9.eyJpYXQiOjE3NzY2ODc1NDEsImV4cCI6MjA5MjY4NzU0MSwiZmlsZV9pZCI6IkVFTUd1QlZmV04wUEJUQXdYMUhQb0F2Z1cxeUt6ZUI5TW5ObHA5NFV6Ym41SnRyOCtwV0VLdUtjNlRSY1ZxTmxjaVQvYUdVTU1uSEpFOEQ1OUN0SUlpZjh4WWlXOXlHUEkwZllmczE5aC9jckNNV3dTSGpsUjNoQWF2bXg2bVlkMFM0QXBVRzNpbGZPREorazhKTFQzWkZvV1V1ZnNRbDVjTm0rcnp2dkdTQT0iLCJmaWxlbmFtZSI6IjZfMF82M2YxMGIwMDkxYmEyYmFmM2Y5NWU3NzA4ZjNlNzljZS5qcGcifQ.twBm8nadFjI0m66xIHr6nsoVeK2DEcEdXoauKvXbcag\" alt=\"\" \/><\/figure>\n<div class=\"wp-block-group alignfull is-layout-flow\">\n<h2 class=\"t2-post-title wp-block-t2-post-title fluid-2\">Praktisk info<\/h2>\n<div class=\"t2-post-excerpt wp-block-t2-excerpt\">\n\t\t\t\t\t\t\t\tHer finner du informasjon om bl.a. kl\u00e6r og utstyr, mat, soving, sykt barn, ferie og forsikring.\n\t\t\t\t\t\t\t<\/div>\n<\/p><\/div>\n<p>\t\t\t\t\t<\/a>\n\t\t\t\t<\/div>\n<div class=\"t2-featured-query-post t2-featured-content wp-block-t2-featured-query-post t2-featured-content-layout-col-4 t2-featured-content-layout-col-2-mobile\">\n\t\t\t\t\t<a class=\"t2-post-link wp-block-t2-post-link\" href=\"#barnehagehverdagen\"><\/p>\n<figure class=\"t2-post-featured-image has-image-ratio-16-9 wp-block-t2-post-featured-image\"><img decoding=\"async\" src=\"https:\/\/backstage.mykid.no\/_ajax\/download?t=eyJ0eXAiOiJKV1QiLCJhbGciOiJIUzI1NiJ9.eyJpYXQiOjE3NzY2ODc1NDEsImV4cCI6MjA5MjY4NzU0MSwiZmlsZV9pZCI6ImFYSmR2a2hhd2wya0tiWWo0a2t1cUpZVGYzcWVBTkkvTmhnL3ZJeTVsWW9kYktnK1R2RWpVcnNuaU1sRmZEOFIvSG9NeXkrdnBqY0xjb0lESFIrdVVZaU9FRWxpUE91cEZKRnR5eENJOWZsK002Q0lqNUlIZFBWK09BS3BoNGcrVzNXTFllZlYrQnNlU0xiSDhUMkdLNDVZNS9XcjcrM2ltQmZaRTQ2Q0VTcz0iLCJmaWxlbmFtZSI6IjZfMF8yMGViYTdlZTk0NDkxMDUyY2M2Njc5MzQ5ZjFhNDk4YS5qcGcifQ.dqX7SpA5Q4VlkDirxa7uWoAmcTD2e8uehuy4OYgpcTc\" alt=\"\" \/><\/figure>\n<div class=\"wp-block-group alignfull is-layout-flow\">\n<h2 class=\"t2-post-title wp-block-t2-post-title fluid-2\">Barnehagehverdagen<\/h2>\n<div class=\"t2-post-excerpt wp-block-t2-excerpt\">\n\t\t\t\t\t\t\t\tHer finner du informasjon om bl.a. dagsrytme, aktiviteter og bemanning.\n\t\t\t\t\t\t\t<\/div>\n<\/p><\/div>\n<p>\t\t\t\t\t<\/a>\n\t\t\t\t<\/div>\n<div class=\"t2-featured-query-post t2-featured-content wp-block-t2-featured-query-post t2-featured-content-layout-col-4 t2-featured-content-layout-col-2-mobile\">\n\t\t\t\t\t<a class=\"t2-post-link wp-block-t2-post-link\" href=\"#foreldresamarbeid\"><\/p>\n<figure class=\"t2-post-featured-image has-image-ratio-16-9 wp-block-t2-post-featured-image\"><img decoding=\"async\" src=\"https:\/\/backstage.mykid.no\/_ajax\/download?t=eyJ0eXAiOiJKV1QiLCJhbGciOiJIUzI1NiJ9.eyJpYXQiOjE3NzY2ODc1NDEsImV4cCI6MjA5MjY4NzU0MSwiZmlsZV9pZCI6IlVrNkFzeGU4Mm1JeGgrblpTVmVGdWlnOStFTDhReW45ajAvZHlMcFgwakVKdlJWV1liQmRZbXVLeTliNFowWEI3cUsxcGhMa2FNY3ZsU3QxVmE1bDhBNDhnK09rM2ZGSmlBRE16c1NveC8zeDZjRkFGbjRDL09WVnY1ZHYyenB1MVdic1hxQllrUGpHeHduNk5LdnhBUkhWUXZzSXI2eTBqN1hScG5UMXhDVT0iLCJmaWxlbmFtZSI6IjZfMF8yMjQzZjNhYTQ1NmQ0ZjQ1NDJjOTlkNTE2MWFmMzgzNi5qcGcifQ.LH39xmfY13bnARMiFURcMIR-wFrzwXlk6fcrhiyV37Y\" alt=\"\" \/><\/figure>\n<div class=\"wp-block-group alignfull is-layout-flow\">\n<h2 class=\"t2-post-title wp-block-t2-post-title fluid-2\">Foreldresamarbeid<\/h2>\n<div class=\"t2-post-excerpt wp-block-t2-excerpt\">\n\t\t\t\t\t\t\t\tHer finner du informasjon om bl.a. MyKid, foreldresamtaler og -m\u00f8ter, SU, foreldrebetaling og foreldreunders\u00f8kelsen.\n\t\t\t\t\t\t\t<\/div>\n<\/p><\/div>\n<p>\t\t\t\t\t<\/a>\n\t\t\t\t<\/div>\n<div class=\"t2-featured-query-post t2-featured-content wp-block-t2-featured-query-post t2-featured-content-layout-col-4 t2-featured-content-layout-col-2-mobile\">\n\t\t\t\t\t<a class=\"t2-post-link wp-block-t2-post-link\" href=\"#arshjul\"><\/p>\n<figure class=\"t2-post-featured-image has-image-ratio-16-9 wp-block-t2-post-featured-image\"><img decoding=\"async\" src=\"https:\/\/backstage.mykid.no\/_ajax\/download?t=eyJ0eXAiOiJKV1QiLCJhbGciOiJIUzI1NiJ9.eyJpYXQiOjE3NzY2ODc1NDEsImV4cCI6MjA5MjY4NzU0MSwiZmlsZV9pZCI6Ik9meDh3ODdsY3BFTkd3KzBPMkNudlhKU2MrNEhxRjk2elNUaWZ4SmNteHZBWmFnbU5RbkE5SGhPRVAxcXBIb1FabGs3amxPR3hXMStFSllkNWRuMWQ3ZU96aVdZRW9MbWNSZ25NS2w2NHE1Rjhla2ozNlpOV2NPOElyazVoNDZlK3dRQ0VKRHhCYVgvamhVRW1OdjJxRzdNVW15TjAvS1BCaDFJQ25MTm9JTT0iLCJmaWxlbmFtZSI6IjZfMF85NjFmN2FiZTk0ZmJhZmYzYWI2MDIwNWVlOGVkMWQwYi5qcGcifQ.4oE8M3cT7zbDXgLLi43TUiMURxh44x8PsQAZqsjZ81A\" alt=\"\" \/><\/figure>\n<div class=\"wp-block-group alignfull is-layout-flow\">\n<h2 class=\"t2-post-title wp-block-t2-post-title fluid-2\">\u00c5rshjul<\/h2>\n<div class=\"t2-post-excerpt wp-block-t2-excerpt\">\n\t\t\t\t\t\t\t\tHer finner du oversikt over merkedager, planleggingsdager, ferielukket mm.\n\t\t\t\t\t\t\t<\/div>\n<\/p><\/div>\n<p>\t\t\t\t\t<\/a>\n\t\t\t\t<\/div>\n<\/div>\n<div class=\"text-content\">\n<div id=\"om-barnehagen\">\n<h2>Om barnehagen<\/h2>\n<figure class=\"wp-block-image has-image-ratio-16-9 size-full\"><img decoding=\"async\" src=\"https:\/\/backstage.mykid.no\/_ajax\/download?t=eyJ0eXAiOiJKV1QiLCJhbGciOiJIUzI1NiJ9.eyJpYXQiOjE3NzY2ODc1NDEsImV4cCI6MjA5MjY4NzU0MSwiZmlsZV9pZCI6Ikl3VlI2Yy9IZEFramhBd25yMmtTbGYyNlFiUXhvWHdKYUF2dkVDVkY5dE5mYUxKbEZPNlN5SkJEUTM1SUlCeGs3RUlsbEgxa25lNFhnM3pzYmpnOTY0TWI5ZUFDbnh0WlVZSHJjcG1GWlpaNEFIWmRQdWxQTnB4LzduVUNlYlQreWRFcG0zUlliVVh5ODJSbWZFZXlXSWI2bC9sczNqczVib2FOejZHa0ZoZz0iLCJmaWxlbmFtZSI6IjZfMF8zYzFmNTIyMWQ5ZTQxOWJlNTE3NDBmYmM5OTNlYTYyZi5qcGcifQ.neLgXQXkRfk0jeLyWqA3EQutJKY5a7mdM849e1te1UI\" alt=\"\" \/><\/figure>\n<p style=\"text-align:justify;margin:0cm 0cm 8pt 108pt\">&nbsp;<\/p>\n<p>&nbsp;<\/p>\n<p>Velkommen til Rektorhaugen Kanvas-barnehage! Vi ligger i gr\u00f8nne omgivelser n\u00e6r marka, og med store muligheter for fysisk aktivetet og bevegelse i natur.<\/p>\n<p>Vi har en mangfoldig personalgruppe med variasjoner i b\u00e5de alder, kj\u00f8nn, utdanning, erfaring og kulturell bakgrunn.<\/p>\n<p>I barnehagen er vi opptatt av \u00e5 m\u00f8te alle barn med anerkjennelse og respekt, og de skal l\u00e6re \u00e5 ta vare p\u00e5 seg selv og hverandre. Vi jobber med \u00e5 bygge vennskap og fellesskap, og alle barn skal oppleve \u00e5 bli inkludert. V\u00e5rt m\u00e5l er at alle barn skal trives i barnehagen og oppleve et godt psykososialt milj\u00f8.<\/p>\n<p>Vi er opptatt av \u00e5 skape en trygg arena rundt barna, som inviterer til utforskning, kreativitet og samspill. Leken er barnas viktigste arena, og vi har derfor ekstra fokus p\u00e5 \u00e5 skape gode rammer for barns lek. Dette omhandler ogs\u00e5&nbsp;\u00e5 utvikle et inspirerende fysisk milj\u00f8 b\u00e5de inne og ute, og aktive ansatte som er tett p\u00e5 for \u00e5 st\u00f8tte barn som trenger det.<\/p>\n<p>&nbsp;<\/p>\n<p>Rektorhaugen Kanvas-barnehage ligger sentralt til p\u00e5 T\u00e5sen omringet av gr\u00f8nne omr\u00e5der, med store muligheter for fysisk aktivitet og bevegelse i natur.<\/p>\n<p>Barnehagen har plass til 95 barn i alderen 1 &#8211; 5 \u00e5r fordelt p\u00e5 6 avdelinger. Det er tre&nbsp;sm\u00e5barnsavdelinger med barn 1- 2 \u00e5r, to mellomavdelinger med barn 3 &#8211; 4 \u00e5r og en 5 \u00e5rs avdeling.&nbsp;<\/p>\n<p>Det er 24,13&nbsp;\u00e5rsverk knyttet til barnehagen, som utgj\u00f8r tilsammen 28&nbsp;ansatte.&nbsp;<\/p>\n<p>\u00c5pningstiden er kl 7:30 &#8211; 17:00.&nbsp;<\/p>\n<p>&nbsp;<\/p>\n<p>Kontaktinformasjon:<\/p>\n<p>Barnehagens ledelse: Kari Thordarson, kari.thordarson@kanvas.no; 40635812,<\/p>\n<p>Hilde Kjersti Asphjell, hilde.asphjell@kanvas.no, 40635814<\/p>\n<p>&nbsp;<\/p>\n<p>Avdeling Luna: rektorhaugen.luna@kanvas.no; 40635807<\/p>\n<p>Avdeling Il Sole: rektorhaugen.ilsole@kanvas.no; 40635811<\/p>\n<p>Avdeling Stella: rektorhaugen.stella@kanvas.no; 40635815<\/p>\n<p>Avdeling Aria: rektorhaugen.aria@kanvas.no; 40635809<\/p>\n<p>Avdeling Mare: rektorhaugen.mare@kanvas.no; 40635804<\/p>\n<p>Avdeling Terra: rektorhaugen.terra@kanvas.no; 40635806<\/p>\n<p>&nbsp;<\/p>\n<p style=\"text-align:justify;margin:0cm 0cm 8pt 108pt\">&nbsp;<\/p>\n<\/p><\/div>\n<div id=\"ny-i-barnehagen\">\n<h2>Ny i barnehagen<\/h2>\n<figure class=\"wp-block-image has-image-ratio-16-9 size-full\"><img decoding=\"async\" src=\"https:\/\/backstage.mykid.no\/_ajax\/download?t=eyJ0eXAiOiJKV1QiLCJhbGciOiJIUzI1NiJ9.eyJpYXQiOjE3NzY2ODc1NDEsImV4cCI6MjA5MjY4NzU0MSwiZmlsZV9pZCI6IldEdXBHSytVWFZWS2hBM3A1NDd3Sk91WHVVemtnOWZpMWtmcnk2Q1BrZEpndlRKUHlxamk4TzdLdUJaWjFCSVJ0bG5lZHRwVkNJV1k4TitwVmRkS0xaWjhISURPMS8xYTFScHpoeUhmeGZnQ2pFaXcxMVBtZTBEM25iSHdHREZOanBBNGNOZFVNTCtRUHpJOTM0UDlyMWxCYTg5YWJmaGV1TENQRGhMdmJDND0iLCJmaWxlbmFtZSI6IjZfMF9mNjQ0NDQ4NTk2ZGRlYzJjZWZhNmM4YTI1MTRlMzRmOC5qcGcifQ.GGwUYTsPncAwMmr3g7AFSV_pkYNKU1YK-CT6N9uIeSA\" alt=\"\" \/><\/figure>\n<h3>F\u00f8r oppstart<\/h3>\n<p>F\u00f8r barnet begynner i barnehagen&nbsp;mottar de foresatte en sms med beskjed om \u00e5 registrere barnet og foresatte i kommunikasjonsplattformen MyKid. I MyKid skal dere fylle ut kontaktinformasjon og andre opplysninger som er viktig for barnets opphold i barnehagen, blant annet et samtykkeskjema og en egenerkl\u00e6ring om barnets helse.<\/p>\n<p>Foreldre som ikke bor sammen skal fylle ut hvert sitt skjema.<\/p>\n<p>Opplysninger om barnets helse er taushetsbelagt og det vil v\u00e6re begrenset&nbsp;tilgang til informasjonen i barnehagen.<\/p>\n<p>&nbsp;<\/p>\n<p>For \u00e5 skape en mest mulig trygg og god oppstart for dere og deres barn, har vi valgt \u00e5 legge til rette for at vi m\u00f8tes allerede f\u00f8r oppstart.<\/p>\n<p>Vi inviterer derfor til 3 bes\u00f8ksdager til de som begynner p\u00e5 sm\u00e5barnsavdeling, hvor dere kan komme sammen med barnet for \u00e5 bli litt kjent med barnehagen p\u00e5 forh\u00e5nd. Her vil dere m\u00f8te en ansatt fra avdelingen barnet skal begynne p\u00e5, samt andre barn og foreldre som skal starte p\u00e5 samme avdeling. Her vil dere f\u00e5 litt informasjon om oppstarten, sp\u00f8rre om alt dere m\u00e5tte lure p\u00e5 og begynne \u00e5 bli litt kjent med hverandre og noen som jobber p\u00e5 avdelingen deres barn skal begynne p\u00e5.&nbsp;<\/p>\n<p>For de som skal starte p\u00e5 storbarnsavdeling, s\u00e5 vil avdelingen ta kontakt for \u00e5 avtale bes\u00f8k.<\/p>\n<p>Dere er ogs\u00e5 hjertelig velkommen til \u00e5 bes\u00f8ke barnehagen utenom oppsatt tid, hvis bes\u00f8ksdagene ikke skulle passe. Ta i s\u00e5 fall kontakt p\u00e5 forh\u00e5nd for \u00e5 avtale tid, slik at de ansatte kan sette av tid til \u00e5 ta dere godt i mot.<\/p>\n<p>Lek gjerne p\u00e5 barnehagens lekepass n\u00e5r barnehagen er stengt, slik at barnet blir trygg p\u00e5 omgivelsene.<\/p>\n<p>Snakk jevnlig med barnet ditt om barnehagestarten. Ta gjerne bilde av barnehagen og ting der slik at det blir lettere \u00e5 ha noe h\u00e5ndfast n\u00e5r dere skal snakke om barnehagen hjemme.<\/p>\n<h3>Tilvenning<\/h3>\n<p>Les mer om tilvenning her:&nbsp;<a href=\"https:\/\/www.kanvas.no\/2023\/07\/26\/tilvenning-i-barnehagen\/\">Tilvenning i barnehagen &#8211; Kanvas<\/a><\/p>\n<p>\u00c5 begyne i barnehage er for mange nytt og spennende. For at oppstarten skal bli god og trygg, er det greit for dere \u00e5 vite enda litt mer om hvordan vi tilrettelegger tilknytningsperioden akkurat hos oss.&nbsp;<\/p>\n<p>Vi oppfordrer dere til \u00e5 sette av s\u00e5 mye tid som dere har mulighet til de f\u00f8rste ukene, og v\u00e5r sterke anbefaling er at dere setter av 5 dager til tilvenning hvor dere er i barnehagen sammen med barnet. De f\u00f8rste dagene kommer en av dere sammen med barnet til barnehagen. Da deltar dere i daglige rutiner, og vi bruker tid p\u00e5 \u00e5 bli kjent med hverandre. Det er naturlig at de f\u00f8rste dagene blir korte, da det er mange inntrykk for barnet. Noen barn trenger mer tid enn andre for \u00e5 oppleve trygghet og tilknytning til de ansatte i barnehagen.&nbsp;<\/p>\n<p>Det kan virke trygt for barnet \u00e5 ha en bamse eller noe annet hun\/han er glad i med seg den f\u00f8rste tiden. Mange barn bruker ogs\u00e5 smokk, koseklut eller et kosedyr ved soving.<\/p>\n<p>Vi anbefaler at barnet har noe kortere dager de f\u00f8rste ukene, dersom dere har mulighet til det.<\/p>\n<p>Den f\u00f8rste tiden vil man f\u00e5 tildelt en tilknytningsperson. Denne personen er den dere og barnet har mest kontakt med den f\u00f8rste tiden. N\u00e5r denne tilknytningen er opprettet, er det lettere for barnet \u00e5 opprette relasjoner til de andre ansatte i barnehagen. Tilknytningspersonen skal v\u00e6re tilgjengelig for dere foreldre og barnet den f\u00f8rste tiden. Om barnet viser sterkere tilknytning til en annen av de ansatte, kan barnehagen velge \u00e5 bytte tilknytningsperson. Dette for \u00e5 ivareta barnets medvirkning til en trygg og god start.&nbsp;<\/p>\n<h3>Startsamtalen<\/h3>\n<p>Om startsamtalen i Kanvas:&nbsp;<a href=\"https:\/\/www.kanvas.no\/2023\/07\/06\/startsamtale-foreldresamtaler-og-foreldremoter\/\">Startsamtale, foreldresamtaler og foreldrem\u00f8ter &#8211; Kanvas<\/a><\/p>\n<p>Som oftest gjennomf\u00f8rer vi startsamtale med dere foreldre f\u00f8r oppstart. Det er en av de pedagogiske lederne p\u00e5 avdelingen som inviterer til samtale.<\/p>\n<p>Gjennom startsamtalen blir vi litt bedre kjent, og barnehagen f\u00e5r informasjon som bidrar til at vi kan m\u00f8te barnet og dere som familie p\u00e5 best mulig m\u00e5te n\u00e5r barnet begynner i barnehagen.<\/p>\n<p>&nbsp;<\/p>\n<\/p><\/div>\n<div id=\"praktisk-info\">\n<h2>Praktisk info<\/h2>\n<figure class=\"wp-block-image has-image-ratio-16-9 size-full\"><img decoding=\"async\" src=\"https:\/\/backstage.mykid.no\/_ajax\/download?t=eyJ0eXAiOiJKV1QiLCJhbGciOiJIUzI1NiJ9.eyJpYXQiOjE3NzY2ODc1NDEsImV4cCI6MjA5MjY4NzU0MSwiZmlsZV9pZCI6IkVFTUd1QlZmV04wUEJUQXdYMUhQb0F2Z1cxeUt6ZUI5TW5ObHA5NFV6Ym41SnRyOCtwV0VLdUtjNlRSY1ZxTmxjaVQvYUdVTU1uSEpFOEQ1OUN0SUlpZjh4WWlXOXlHUEkwZllmczE5aC9jckNNV3dTSGpsUjNoQWF2bXg2bVlkMFM0QXBVRzNpbGZPREorazhKTFQzWkZvV1V1ZnNRbDVjTm0rcnp2dkdTQT0iLCJmaWxlbmFtZSI6IjZfMF82M2YxMGIwMDkxYmEyYmFmM2Y5NWU3NzA4ZjNlNzljZS5qcGcifQ.twBm8nadFjI0m66xIHr6nsoVeK2DEcEdXoauKvXbcag\" alt=\"\" \/><\/figure>\n<h3>Kl\u00e6r og utstyr<\/h3>\n<p><u>Utstyrsliste&nbsp;(forslag til kl\u00e6r og utstyr som er lurt \u00e5 ha med alt etter \u00e5rstid):<\/u><\/p>\n<p><u>Til grovgarderobe:<\/u><\/p>\n<ul>\n<li>regnt\u00f8y<\/li>\n<li>h\u00f8st-\/vinterdress, jakke<\/li>\n<li>ulldress\/fleece<\/li>\n<li>sko tilpasset \u00e5rstid, gummist\u00f8vler\/cherrox<\/li>\n<li>solkrem<\/li>\n<li>caps\/solhatt, lue, votter hals&nbsp;<\/li>\n<li>smokk, kos<\/li>\n<\/ul>\n<p><u>Til fingarderobe:<\/u><\/p>\n<ul>\n<li>skinnfell\/pledd (for barn som sover)<\/li>\n<li>sovepose (for barn som sover)<\/li>\n<li>skiftet\u00f8y &#8211; dobbelt sett (gjerne str\u00f8mpebukser, sokker, body eller lignende)<\/li>\n<li>ekstra lue&nbsp;og votter<\/li>\n<li>sekk<\/li>\n<li>t\u00f8fler\/innesko<\/li>\n<\/ul>\n<p><u>Til baderommet:&nbsp;<\/u><\/p>\n<ul>\n<li>bleier&nbsp;(ikke &quot;up-and-go&quot;)<\/li>\n<li>v\u00e5t- eller t\u00f8rrservietter<\/li>\n<li>salve om \u00f8nskelig<\/li>\n<\/ul>\n<p><u>For \u00f8vrig:<\/u><\/p>\n<ul>\n<li>drikkeflaske (tas med hjem hver dag for vask)<\/li>\n<li>vi oppfordrer til \u00e5 ha et gjenbruksnett eller lignende hengende i garderoben til v\u00e5tt t\u00f8y.<\/li>\n<li>v\u00e6r obs p\u00e5 kl\u00e6r og sekker med lange snorer, Dette kan medf\u00f8re kvelningsfare, s\u00e5 klipp de gjerne av om mulig.<\/li>\n<\/ul>\n<p>Merk ALT med navn.<\/p>\n<p>&nbsp;<\/p>\n<h3>Bringe og hente<\/h3>\n<p>Barnehagens \u00e5pningstid er kl 7:30 &#8211; 17:00. Hvis barnet \u00f8nsker \u00e5 spise frokost i barnehagen (m\u00e5 ta med selv), m\u00e5 man v\u00e6re her senest kl 8:30.<\/p>\n<p>Hvis man&nbsp;kommer senere enn vanlig, barnet skal ha fri eller er syk, \u00f8nsker vi \u00e5 f\u00e5 beskjed. Dette kan gj\u00f8res vi v\u00e5r kommunikasjonsportal Mykid eller p\u00e5 telefon til avdelingen.<\/p>\n<p>Vi stenger kl 17:00, s\u00e5 foreldre m\u00e5 v\u00e6re i barnehagen i s\u00e5 god tid at man rekker \u00e5 ha hentet barnet innen dette tidspunktet.&nbsp;<\/p>\n<p>Ved levering og henting setter vi av litt tid for informasjonsutveksling mellom foreldre og ansatte, om det er noe spesielt vi ansatte skal v\u00e6re oppmerksomme p\u00e5 vedr\u00f8rende barnet. Foreldre kan forvente en kort oppdatering om hvordan barnet har hatt det i barnehagen den aktuelle dagen. Det er viktig med god kommunikasjon mellom barnehagen og foreldre.&nbsp;<\/p>\n<p>&nbsp;<\/p>\n<h3>Mat og m\u00e5ltider<\/h3>\n<p>I Kanvas f\u00f8lger vi Helsedirektoratets retningslinjer for mat og m\u00e5ltider i barnehagen.<\/p>\n<p>Les mer om mat og m\u00e5ltider i Kanvas-barnehagene her:&nbsp;<a href=\"https:\/\/www.kanvas.no\/nytt-og-nyttig\/sunn-mat-i-barnehagen\/\">Sunn mat i barnehagen &#8211; Kanvas<\/a><\/p>\n<p>&nbsp;<\/p>\n<p>Vi er opptatt av \u00e5 servere sunn og variert mat. Barnehagen serverer 3 varmm\u00e5ltider i uken, denne maten f\u00e5r vi levert fra Lunsjkollektivet, som er et cateringfirma som leverer ren og sunn mat uten kunstige tilsetningsstoffer. De to resterende dagene serverer vi br\u00f8dmat, havregr\u00f8t eller at avdelingene selv lager varm mat. Da er gjerne barna med. Vi serverer ogs\u00e5 frukt.&nbsp;<\/p>\n<p>M\u00e5ltidene skal v\u00e6re en arena for gode samtaler og sosialt fellesskap, og matglede skal prege m\u00e5ltidene. Dette omfatter alt fra stemningen, dialogen, samspillet,&nbsp;smakene,&nbsp;matlaging m.m.<\/p>\n<p>Hver dag er det matpakkem\u00e5ltid p\u00e5 ettermiddagen, og ev egen matpakke til frokost om man vil at barnet skal spise frokost i barnehagen.&nbsp;<\/p>\n<p>&nbsp;<\/p>\n<p>&nbsp;<\/p>\n<p>&nbsp;<\/p>\n<p>&nbsp;<\/p>\n<h3>Tur<\/h3>\n<p>Avdelingene g\u00e5r vanligvis p\u00e5 tur en gang i uka p\u00e5 en fast turdag, men 1-\u00e5ringene har ofte den f\u00f8rste tiden nok med \u00e5 gj\u00f8re seg kjent p\u00e5 barnehagens omr\u00e5de.<\/p>\n<p>Turene g\u00e5r b\u00e5de rundt i n\u00e6rmilj\u00f8et og til steder lenger unna, avhengig av alder og mestringsniv\u00e5.&nbsp;<\/p>\n<p>&nbsp;<\/p>\n<h3>Bursdagsfeiring<\/h3>\n<p>P\u00e5 barnets bursdag har vi en markering av dagen i barnehagen. Barnet f\u00e5r krone, og vi markerer med sang og smoothie.&nbsp;<\/p>\n<p>Hvis barnet skal arrangere bursdag hjemme, oppfordrer vi til at man passer p\u00e5 \u00e5 ikke ekskludere noen barn p\u00e5 avdelingen. Hvis man ikke \u00f8nsker \u00e5 be alle barn p\u00e5 avdelingen, b\u00f8r man finne naturlige skiller som aldersgruppe e.l. Vi ber om at invitasjoner sendes direkte til de som inviteres, og ikke legges i barnets hyller.&nbsp;Vi kan v\u00e6re behjelpelige med \u00e5 sende ut invitasjon p\u00e5 e-post.&nbsp;<\/p>\n<p>Barnehagen leier&nbsp;ut lokalene hvis man&nbsp;\u00f8nsker \u00e5 feire bursdag i barnehagen. Prisen for dette er kr. 500,-. Ta kontakt med barnehagens ledelse for \u00e5 avtale dette.&nbsp;<\/p>\n<p>&nbsp;<\/p>\n<h3>Feriestengt og -avvikling<\/h3>\n<p>Kanvas-barnehagene&nbsp;holder stengt jul- og nytt\u00e5rsaften, onsdag f\u00f8r skj\u00e6rtorsdag og 5 planleggingsdager i l\u00f8pet av barnehage\u00e5ret. Barna skal i tillegg ha fire ukers ferie i l\u00f8pet av barnehage\u00e5ret. Barn som skal slutte i barnehagen m\u00e5 avvikle ferien f\u00f8r 1. august.<\/p>\n<p>Barnehagen har sommerstengt hver sommer uke 28, 29 og 30.&nbsp;<\/p>\n<p>I tillegg er barnehagen stengt romjul, julaften, nytt\u00e5rsaften og onsdag f\u00f8r skj\u00e6rtorsdag.&nbsp;<\/p>\n<p>&nbsp;<\/p>\n<h3>Samtykker<\/h3>\n<p>Foreldre fyller ut et samtykkeskjema&nbsp;i MyKid&nbsp;f\u00f8r barnet starter i barnehagen. I dette skjemaet fyller dere ut om dere f.eks. tillater at det tas bilder av barnet, og om dere tillater at barnet kan bli med p\u00e5 tur med offentlig transport.<\/p>\n<p>Foreldre kan gj\u00f8re endringer i samtykkeskjemaet&nbsp;gjennom \u00e5ret.<\/p>\n<p>&nbsp;<\/p>\n<h3>Personvern<\/h3>\n<p>Alle barnehager har en lovp\u00e5lagt plikt til \u00e5 s\u00f8rge for at personopplysninger er tilfredsstillende sikret for \u00e5 unng\u00e5 krenkelser av personvernet til ansatte, barn og foreldre. Barnehagen skal gjennom planlagte og systematiske tiltak s\u00f8rge for tilfredsstillende informasjonssikkerhet med hensyn til konfidensialitet, integritet og tilgjengelighet ved behandling av personopplysninger. Personopplysninger skal ikke lagres lenger enn det som er n\u00f8dvendig.<\/p>\n<h2>Samtykke<\/h2>\n<p>Lagring av personopplysninger om barn og foresatte forutsetter at samtykkeskjema er fylt ut og signert. Dette gj\u00f8res p\u00e5 MyKid.<\/p>\n<h2>Barnemapper<\/h2>\n<p>Hver barnehage har et digitalt barnemappearkiv der all dokumentasjon om barn som g\u00e5r i barnehagen arkiveres. Daglig leder i barnehagen, eller stedfortredende, er ansvarlig for tilgangskontroll. Kun ansatte som jobber med barnet har tilgang til mappen.<\/p>\n<p>Foresatte har normalt tilgang til informasjonen i barnemappen, for eksempel startsamtale og oppf\u00f8lgingssamtaler. Dokumenter som er utarbeidet for eventuell intern saksforberedelse kan unntas fra innsyn. Barnets foresatte har som hovedregel rett til innsyn i alt som omhandler sitt barn. For \u00e5 vurdere krav om innsyn skal barnehagen motta skriftlig henvendelse som vil bli besvart skriftlig. E-posthenvendelse regnes her som skriftlig henvendelse. Eventuelle kopier av dokumenter fra barnemappen skal leveres direkte til den som har f\u00e5tt tillatelse til innsyn.<\/p>\n<p>N\u00e5r barnet slutter i barnehagen, vil opplysningene som hovedregel enten overf\u00f8res til foresatte eller bli slettet av barnehagen. Unntak fra dette kan v\u00e6re barnehagens behov for \u00e5 dokumentere saksbehandling i en konkret sak knyttet til et barn, for eksempel en barnevernssak.<\/p>\n<h2>Trygg h\u00e5ndtering av digitale enheter<\/h2>\n<p>Av personvernhensyn skal ikke digitale kommunikasjonsmidler (eks. smartklokke, mobiltelefon e.l.) medbringes barnehagen.<\/p>\n<p>Alle digitale enheter som benyttes i jobbsammenheng, som PC, nettbrett og mobiltelefon, skal v\u00e6re passordbeskyttet. PC og nettbrett skal oppbevares nedl\u00e5st etter \u00e5pningstid. Personlige enheter skal som en hovedregel ikke benyttes i jobbsammenheng. To-faktor autentisering ved p\u00e5logging m\u00e5 benyttes der enhet&nbsp;benyttes til annet enn n\u00f8dstilfelle.&nbsp;<\/p>\n<h2>Bilder av barn &#8211; retningslinjer for ansatte<\/h2>\n<p>Det kan kun tas identifiserbare bilder av barn som er godkjent for fotografering, og bildene kan kun deles etter godkjenning fra foresatte &#8211; ref. samtykkeskjema. Alle Kanvas-barnehager utarbeider egne retningslinjer for h\u00e5ndtering av bilder av barn.<\/p>\n<h2>Bilder av barn &#8211; retningslinjer for foresatte<\/h2>\n<p>Det skal ikke&nbsp;deles bilder av andres barn uten samtykke fra barnas foresatte. Det gjelder alle arrangementer tilknyttet barnehagen, inkludert det som skjer utenfor barnehagens omr\u00e5de. Dette baseres p\u00e5 personvernloven og Datatilsynets retningslinjer for personvern i barnehagen, samt deres veileder om bilder av barn. Se folderen &laquo;I beste mening&raquo; om bilder av barn her: <a href=\"https:\/\/www.datatilsynet.no\/personvern-pa-ulike-omrader\/skole-barn-unge\/bilder-av-barn-pa-nett\/\">https:\/\/www.datatilsynet.no\/personvern-pa-ulike-omrader\/skole-barn-unge\/bilder-av-barn-pa-nett\/<\/a><\/p>\n<ul>\n<li>\n<p>Hovedregelen er at du alltid skal be om samtykke fra alle som direkte eller indirekte kan gjenkjennes p\u00e5 et bilde f\u00f8r det publiseres. Hvis de som er avbildet er under 15 \u00e5r, m\u00e5 ogs\u00e5 de foresatte samtykke til publiseringen. Hvis du deler bilder uten lov, vil du i verste fall kunne havne i straffansvar. Dette gjelder enten bildet skal deles \u00e5pent p\u00e5 en nettside, p\u00e5 en lukket Facebook-side eller via epost.<\/p>\n<\/li>\n<li>\n<p>Vi m\u00e5 v\u00e6re s\u00e6rlig bevisste p\u00e5 reglene i situasjoner hvor ogs\u00e5 andres barn kommer med p\u00e5 bildene som tas, for eksempel p\u00e5 en Lucia-frokost i barnehagen. Der er det lett \u00e5 f\u00e5 med andre barn p\u00e5 bildet. Da er det viktig at vi sp\u00f8r de foresatte om lov f\u00f8r det deles. Vi vet aldri hvilke situasjoner andre mennesker er i, og mange kan ha gode grunner til \u00e5 ikke ha bilder av seg selv p\u00e5 nett. Dessuten er det et godt nok argument rett og slett \u00e5 ikke \u00f8nske en slik tilstedev\u00e6relse.<\/p>\n<\/li>\n<li>\n<p>Unntak: P\u00e5 noen bilder er det selve situasjonen, eller aktiviteten, som er hovedtema. Hvilke personer som er p\u00e5 bildet er da mindre viktig. Dette kan for eksempel gjelde avstandsbilder av et 17. maitog. Slike bilder kan deles uten tillatelse fra de avbildede s\u00e5 lenge bildene er harml\u00f8se og ikke p\u00e5 noen m\u00e5te kan f\u00f8les krenkende for de som er avbildet. Ha likevel som hovedregel alltid \u00e5 sp\u00f8rre alle p\u00e5 bildet f\u00f8r det deles for ikke \u00e5 tr\u00e5 feil. Det er dessuten en h\u00f8flig gest \u00e5 sp\u00f8rre dem det gjelder f\u00f8r bildet i det hele tatt tas, s\u00e5 langt det lar seg gj\u00f8re.<\/p>\n<\/li>\n<\/ul>\n<p>&nbsp;<\/p>\n<h3>Sikkerhet\/HMS<\/h3>\n<p>&nbsp;<\/p>\n<p>Vi tar alltid barnas sikkerhet p\u00e5 alvor, og har derfor noen retningslinjer for hva som m\u00e5 unng\u00e5s av kl\u00e6r og utstyr i barnehagen for \u00e5 ikke utsette barn for kvelningsfare:<br \/>\n&bull;Bruk buff eller hals i stedet for skjerf.<br \/>\n&bull;Unng\u00e5 hettegensere eller andre plagg med fastsydd hette. Det meste av parkdresser og regnt\u00f8y har hetter med glidel\u00e5s\/knapper som l\u00f8sner om barna blir hengende fast i noe.<br \/>\n&bull;Unng\u00e5 drikkeflasker med snorer til \u00e5 henge rundt halsen.<br \/>\n&bull;Fjern snorer fra barnas kl\u00e6r og sekker hvis de kan utsette barnet for kvelningsfare.<br \/>\n&bull;Ikke heng sykkelhjelmer tilgjengelig for barn i garderoben.<br \/>\n&bull;Ikke ta med tau, hoppetau eller hoppestrikk hjemmefra.<\/p>\n<p>For \u00f8vrig oppfordrer vi alle til \u00e5 rygge inn p\u00e5 parkeringsplassen ved henting og levering i barnehagen, for \u00e5 minske risikoen for ulykker.&nbsp;<\/p>\n<p>Vi har egne rutiner for soving. Alle barn som skal sove p\u00e5 dagen, sover ute i vogn dere tar med til barnehagen. Det er&nbsp;til enhver tid&nbsp;ansatte tilstede som sovevakter n\u00e5r barn sover.&nbsp;<\/p>\n<h3>Sykt barn<\/h3>\n<p>Kanvas f\u00f8lger&nbsp;<a href=\"https:\/\/www.fhi.no\/sm\/barnehage\/nar-ma-barnet-vare-hjemme-fra-barne\/\" target=\"_blank\" rel=\"noopener\">folkehelseinstituttets retningslinjer for syke barn<\/a>.<\/p>\n<p><strong>Allmenntilstand<\/strong>: Det er barnets allmenntilstand som avgj\u00f8r om barnet kan g\u00e5 i barnehagen eller b\u00f8r v\u00e6re hjemme.&nbsp;Det er mer krevende for et barn som ikke er i form \u00e5 v\u00e6re i barnehagen enn \u00e5 v\u00e6re hjemme. Barnehagen kontakter foreldre for henting dersom barnet f\u00e5r nedsatt allmenntilstand i l\u00f8pet av dagen. Som hovedregel b\u00f8r barnet v\u00e6re friskt nok til \u00e5 kunne delta i normale aktiviteter i barnehagen b\u00e5de inne og ute. Barnet skal ikke ha feber.<\/p>\n<p><strong>Smittevern<\/strong>: Foreldre og barnehagen m\u00e5 sammen ta ansvar for \u00e5 begrense smitte og sykdom hos barn og ansatte. Viktige tiltak er:<\/p>\n<ul type=\"disc\">\n<li>God h\u00e5ndhygiene ved levering og henting. Alle barn, ansatte og foreldre vasker hendene n\u00e5r de kommer til og g\u00e5r fra barnehagen.<\/li>\n<li>Barnehagen gjennomf\u00f8rer gode hygiene- og renholdsrutiner gjennom dagen i stellesituasjoner, m\u00e5ltider, etter utetid mm.<\/li>\n<li>Syke og smittsomme barn holdes hjemme.<\/li>\n<li>Barn med akutt&nbsp;diar\u00e9\/omgangssyke&nbsp;kommer tilbake til barnehagen 48 timer etter at de har blitt symptomfrie.<\/li>\n<li>Barnehagen informerer foreldre ved utbrudd av smittsomme sykdommer. Ved utbrudd av alvorlig smittsomme sykdommer gis informasjon i samarbeid med helsemyndigheter.<\/li>\n<\/ul>\n<p><strong>Taushetsplikt<\/strong>: Personalet har taushetsplikt, noe som inneb\u00e6rer at de ikke kan svare p\u00e5 hvem som har hvilken sykdom.<\/p>\n<h3>Medisiner<\/h3>\n<p>Barnehagen har ikke formell kompetanse i medisinh\u00e5ndtering. Av hensyn til barnas sikkerhet og for \u00e5 unng\u00e5 feilmedisinering, ber vi om at all medisinering skjer hjemme, s\u00e5 langt det lar seg gj\u00f8re. Dette gjelder ogs\u00e5 reseptfrie legemidler.<\/p>\n<p>Dette inneb\u00e6rer:<\/p>\n<ul type=\"disc\">\n<li>Ta opp med barnets lege at medisiner b\u00f8r kunne gis i hjemmet utenom barnehagetiden.<\/li>\n<li>Dersom barnet m\u00e5 ha medisiner i l\u00f8pet av dagen (for eksempel ved kronisk sykdom), skal foresatte alltid fylle ut skjemaer som blant annet bekrefter type legemiddel, riktig dose og hvem av de ansatte som kan gi medisiner. Skjemaene finnes i MyKid.<\/li>\n<li>Ansatte som skal gi medisiner m\u00e5 f\u00e5 n\u00f8dvendig oppl\u00e6ring av foreldrene. Dette gjelder ogs\u00e5 akuttmedisiner (som for eksempel EpiPen eller astmamedisin).<\/li>\n<\/ul>\n<p><b>Jodtablett ved atomulykke: <\/b><\/p>\n<p>Jodtabletter er lagret i barnehagen. Barnehagen vil gi barna jodtablett hvis <a href=\"https:\/\/eur02.safelinks.protection.outlook.com\/?url=https%3A%2F%2Fdsa.no%2Fatomberedskap%2Fatomberedskap-i-norge%23Kriseutvalget&amp;data=05%7C01%7Csynne.alsaker%40kanvas.no%7C2e276ba5385e4e2564bc08dbd071bd34%7Cb524c8d5c57340f7bb15f5b5befb0174%7C0%7C0%7C638332959180113169%7CUnknown%7CTWFpbGZsb3d8eyJWIjoiMC4wLjAwMDAiLCJQIjoiV2luMzIiLCJBTiI6Ik1haWwiLCJXVCI6Mn0%3D%7C3000%7C%7C%7C&amp;sdata=wPSP4R5XFZk%2F1Q3IC%2F2cYWtXClxcGJYGsDnWuPyiEDQ%3D&amp;reserved=0\">Kriseutvalget for atomberedskap<\/a> anbefaler at jodtabletter skal brukes. Ved en atomulykke kan det v\u00e6re viktig at barn og unge f\u00e5r jodtabletter raskt. Du som foresatt m\u00e5 gi beskjed til barnehagen v\/daglig leder, hvis du <u>ikke<\/u> \u00f8nsker at barnet skal f\u00e5 jodtablett. &nbsp;&nbsp;<\/p>\n<p><b>Hvorfor jodtablett:<\/b> Hvis det skjer en atomulykke i Norge eller i n\u00e6rheten av Norge, kan radioaktivt jod bli spredd gjennom luften i s\u00e5 store mengder at det er fare for at dette stoffet blir tatt opp i kroppen. Jodtabletter blokkerer opptaket av radioaktivt jod i skjoldbruskkjertelen. P\u00e5 denne m\u00e5ten beskytter jodtabletter mot radioaktivitet og gj\u00f8r at det er mindre risiko for at kreft i denne kjertelen. Derfor anbefaler norske myndigheter at barn og unge under 18 \u00e5r f\u00e5r en jodtablett hvis det skjer en atomulykke som utsetter dem for radioaktivt jod. Det er meget sjelden at noen f\u00e5r bivirkninger etter \u00e5 ha f\u00e5tt jodtablett \u00e9n gang. Ved tvil b\u00f8r du snakke med barnets lege.<\/p>\n<h3>Frav\u00e6r og vikarer<\/h3>\n<p>Ved behov benytter barnehagen seg av vikarer. Vi holder foresatte oppdatert om frav\u00e6r blant ansatte og om eventuell bruk av&nbsp;vikar.<\/p>\n<p>Alle vikarer m\u00e5 levere politiattest f\u00f8r oppstart, slik \u00f8vrige ansatte gj\u00f8r. <u>Nye<\/u> vikarer g\u00e5r ikke yttervakter og er heller ikke alene med barna. Vi etterstreber \u00e5 ikke bruke nye vikarer sammen med de minste barna.<\/p>\n<h3>Forsikring<\/h3>\n<p>Barn som g\u00e5r i en Kanvas-barnehage&nbsp;er forsikret i KLP Skadeforsikring. Forsikringen gjelder innenfor barnehagens omr\u00e5de, og p\u00e5 utflukter, reiser og lignende som arrangeres av barnehagen. I tillegg er barnet forsikret p\u00e5 direkte reise til\/fra barnehagen.&nbsp;<\/p>\n<p>Vi gj\u00f8r oppmerksom p\u00e5 at skadeforsikringen kun gjelder personskader knyttet til ulykker. Eiendeler er alts\u00e5 ikke dekket av denne forsikringen. Dersom man har dyre eiendeler i barnehagen, som briller, vogn el., anbefaler vi at dette inkluderes i foresattes egne forsikringer.<\/p>\n<p><a href=\"https:\/\/www.klp.no\/offentlig\/forsikring\/elevforsikringer\" target=\"_blank\" rel=\"noopener\">Les mer om forsikringen her.<\/a><\/p>\n<h3>Foreldrebetaling<\/h3>\n<p>Maksimalgrensen for foreldrebetaling for et heldags ordin\u00e6rt barnehagetilbud er 1200 kroner per m\u00e5ned fra 1.&nbsp;august 2025.<\/p>\n<p>Kanvas f\u00f8lger maksimalgrensen for foreldrebetaling.<\/p>\n<p>I tillegg kommer kostpenger p\u00e5 kr 550,- per m\u00e5ned.<\/p>\n<p>&nbsp;<\/p>\n<\/p><\/div>\n<div id=\"barnehagehverdagen\">\n<h2>Barnehagehverdagen<\/h2>\n<figure class=\"wp-block-image has-image-ratio-16-9 size-full\"><img decoding=\"async\" src=\"https:\/\/backstage.mykid.no\/_ajax\/download?t=eyJ0eXAiOiJKV1QiLCJhbGciOiJIUzI1NiJ9.eyJpYXQiOjE3NzY2ODc1NDEsImV4cCI6MjA5MjY4NzU0MSwiZmlsZV9pZCI6ImFYSmR2a2hhd2wya0tiWWo0a2t1cUpZVGYzcWVBTkkvTmhnL3ZJeTVsWW9kYktnK1R2RWpVcnNuaU1sRmZEOFIvSG9NeXkrdnBqY0xjb0lESFIrdVVZaU9FRWxpUE91cEZKRnR5eENJOWZsK002Q0lqNUlIZFBWK09BS3BoNGcrVzNXTFllZlYrQnNlU0xiSDhUMkdLNDVZNS9XcjcrM2ltQmZaRTQ2Q0VTcz0iLCJmaWxlbmFtZSI6IjZfMF8yMGViYTdlZTk0NDkxMDUyY2M2Njc5MzQ5ZjFhNDk4YS5qcGcifQ.dqX7SpA5Q4VlkDirxa7uWoAmcTD2e8uehuy4OYgpcTc\" alt=\"\" \/><\/figure>\n<h3>Dagsrytmen<\/h3>\n<p>&nbsp;<\/p>\n<p>(Dette er bare en skisse over hvordan en dag kan se ut p\u00e5 sm\u00e5barnsavdeling. Rutiner tilpasses til barna og dagen som en helhet).&nbsp;<\/p>\n<p>&nbsp;<\/p>\n<p>Kl.07.30 Barnehagen \u00e5pner&nbsp;<\/p>\n<p>Kl.07.30 &ndash; 08.30 ca.&nbsp; Frokost for de som vil (har med hjemmefra)&nbsp;<\/p>\n<p>Kl.08.30-10.00\/10:30:&nbsp;&nbsp; Lek\/aktiviteter i gruppene, ute eller inne.<\/p>\n<p>Kl.10.00\/10:30:&nbsp; F\u00f8rste m\u00e5ltid sm\u00e5barnsavdeling (varm mat fra Matibox&nbsp;tre dager i uka. Br\u00f8dmat eller havregr\u00f8t de andre dagene).&nbsp;<\/p>\n<p>Kl 11:00: F\u00f8rste m\u00e5ltid storbarnsavdeling&nbsp;(varm mat fra Matibox tre dager&nbsp;i uka. Br\u00f8dmat eller havregr\u00f8t de andre dagene).<\/p>\n<p>Kl.11.00 &ndash; 14:00 ca. Soving og lek ute&nbsp;eller inne<\/p>\n<p>Sovetidene tilpasses hvert enkelt barn, men de fleste sover i perioden mellom kl 11 &#8211; 14. De yngste kan i starten sove flere ganger om dagen hvis de trenger det.&nbsp;&nbsp;<\/p>\n<p>Kl.14.00 Andre m\u00e5ltid (Medbrakt matpakke)&nbsp;&nbsp;<\/p>\n<p>Kl.14.45-17.00 Lek og aktiviteter inne\/ute&nbsp;<\/p>\n<p>Kl.17.00&nbsp; Barnehagen stenger.&nbsp;<\/p>\n<p>&nbsp;<\/p>\n<h3>Bemanning<\/h3>\n<p>Barnehagens ledelse best\u00e5r av en daglig leder i 100% stilling og assisterende daglig leder i 80% stilling.&nbsp;<\/p>\n<p>Bemanningen p\u00e5 hver avdeling best\u00e5r av en eller to pedagogiske ledere med barnehagel\u00e6rerutdanning. \u00d8vrige ansatte er ogs\u00e5 godt kompetente. Vi f\u00f8lger nasjonal bemanningsnorm.&nbsp;<\/p>\n<p>De ansatte i barnehagen g\u00e5r ulike vakter. Det betyr at ikke alle ansatte p\u00e5 avdelingen er tilstede i hele \u00e5pningstiden.&nbsp;<\/p>\n<p>Ved sykdom kan avdelingene hjelpe hverandre ved \u00e5pning eller stenging.&nbsp;<\/p>\n<p>&nbsp;<\/p>\n<\/p><\/div>\n<div id=\"foreldresamarbeid\">\n<h2>Foreldresamarbeid<\/h2>\n<figure class=\"wp-block-image has-image-ratio-16-9 size-full\"><img decoding=\"async\" src=\"https:\/\/backstage.mykid.no\/_ajax\/download?t=eyJ0eXAiOiJKV1QiLCJhbGciOiJIUzI1NiJ9.eyJpYXQiOjE3NzY2ODc1NDEsImV4cCI6MjA5MjY4NzU0MSwiZmlsZV9pZCI6IlVrNkFzeGU4Mm1JeGgrblpTVmVGdWlnOStFTDhReW45ajAvZHlMcFgwakVKdlJWV1liQmRZbXVLeTliNFowWEI3cUsxcGhMa2FNY3ZsU3QxVmE1bDhBNDhnK09rM2ZGSmlBRE16c1NveC8zeDZjRkFGbjRDL09WVnY1ZHYyenB1MVdic1hxQllrUGpHeHduNk5LdnhBUkhWUXZzSXI2eTBqN1hScG5UMXhDVT0iLCJmaWxlbmFtZSI6IjZfMF8yMjQzZjNhYTQ1NmQ0ZjQ1NDJjOTlkNTE2MWFmMzgzNi5qcGcifQ.LH39xmfY13bnARMiFURcMIR-wFrzwXlk6fcrhiyV37Y\" alt=\"\" \/><\/figure>\n<h3>MyKid<\/h3>\n<p>Kanvas-barnehagene benytter seg av kommunikasjonsportalen MyKid.<\/p>\n<p>&nbsp;<\/p>\n<p>Her legger vi ut planer, evalueringer, bilder fra barnehagehverdagen og annen informasjon til foreldre. Vi skriver ogs\u00e5 som oftest &quot;dagen i dag&quot; med litt informasjon fra avdelingen om den aktuelle dagen. Vi \u00f8nsker at foreldre leser gjennom informasjonen som legges ut.&nbsp;<\/p>\n<p>For\u00f8vrig \u00f8nsker vi at foreldre legger inn ferie og annet frav\u00e6r p\u00e5 Mykid.<\/p>\n<p>Via Mykid kan man ogs\u00e5 sende meldinger og e-poster mellom barnehage og foreldre.&nbsp;<\/p>\n<p>&nbsp;<\/p>\n<h3>Startsamtale, foreldresamtaler og foreldrem\u00f8ter<\/h3>\n<p>Kort tid etter barnehagestart gjennomf\u00f8rer vi en startsamtale der form\u00e5let er \u00e5 bli bedre kjent med barnet og familien.<\/p>\n<p>Etter startsamtalen tilbys foresatte en foreldresamtale 2 ganger per \u00e5r. Hensikten med foreldresamtalen er \u00e5 f\u00e5 til en god dialog om barnets trivsel og utvikling hjemme og i barnehagen,&nbsp;for \u00e5 kunne&nbsp;legge til rette for en god barnehagehverdag og videre utvikling for barnet, og&nbsp;et godt og konstruktivt foreldresamarbeid.<\/p>\n<p>Kanvas-barnehagene gjennomf\u00f8rer ogs\u00e5 foreldrem\u00f8te \u00e9n eller to ganger i \u00e5ret.<\/p>\n<p>Les mer om startsamtalen,&nbsp;foreldresamtalene og foreldrem\u00f8tene her:&nbsp;<a href=\"https:\/\/www.kanvas.no\/2023\/07\/06\/startsamtale-foreldresamtaler-og-foreldremoter\/\">Startsamtale, foreldresamtaler og foreldrem\u00f8ter &#8211; Kanvas<\/a><\/p>\n<h3>Foreldrer\u00e5det og Samarbeidsutvalget (SU)<\/h3>\n<p>Foreldrer\u00e5det best\u00e5r av de foresatte til barna i barnehagen. Foreldrer\u00e5det skal fremme foreldrenes fellesinteresser&nbsp;og samarbeide med barnehagen om et&nbsp;barnehagemilj\u00f8 for barna. Foreldrer\u00e5det velger foreldrerepresentanter til samarbeidsutvalget (SU).<\/p>\n<p>Alle barnehager er p\u00e5lagt \u00e5 ha et samarbeidsutvalg. SU skal v\u00e6re et r\u00e5dgivende, kontaktskapende og samordnende organ, og best\u00e5r av foresatte og ansatte i barnehagen. Foreldrer\u00e5det og samarbeidsutvalget skal bli forelagt, og har rett til \u00e5 uttale seg i, saker som er viktige for foreldrenes forhold til barnehagen. Samarbeidsutvalget skal med utgangspunkt i rammeplanen vedta en \u00e5rsplan for den pedagogiske virksomheten. Informasjon om hvilke foreldre som er valgt som SU-representanter, samt kontaktinformasjon til disse, deles p\u00e5 MyKid.<\/p>\n<h3>Dugnad<\/h3>\n<p>Vi arrangerer dugnad ved behov, maks en gang i \u00e5ret.&nbsp;<\/p>\n<p>&nbsp;<\/p>\n<h3>Foreldreunders\u00f8kelsen<\/h3>\n<p>Kanvas-barnehagene deltar \u00e5rlig i den nasjonale foreldreunders\u00f8kelsen. I foreldreunders\u00f8kelsen f\u00e5r foresatte si sin mening om barnehagetilbudet, barnas trivsel og samarbeidet mellom hjem og barnehage.&nbsp;<\/p>\n<p>Unders\u00f8kelsen gjennomf\u00f8res mellom 6. januar og 31. januar. Resultatene blir tilgjengelig i februar.&nbsp;<\/p>\n<p>Resultatene fra foreldreunders\u00f8kelsen brukes av barnehagen som en hjelp til \u00e5 vurdere og utvikle barnehagetilbudet. Vi oppfordrer alle foreldre til \u00e5 delta p\u00e5 unders\u00f8kelsen.<\/p>\n<p>&nbsp;<\/p>\n<\/p><\/div>\n<div id=\"arshjul\">\n<h2>\u00c5rshjul<\/h2>\n<figure class=\"wp-block-image has-image-ratio-16-9 size-full\"><img decoding=\"async\" src=\"https:\/\/backstage.mykid.no\/_ajax\/download?t=eyJ0eXAiOiJKV1QiLCJhbGciOiJIUzI1NiJ9.eyJpYXQiOjE3NzY2ODc1NDEsImV4cCI6MjA5MjY4NzU0MSwiZmlsZV9pZCI6Ik9meDh3ODdsY3BFTkd3KzBPMkNudlhKU2MrNEhxRjk2elNUaWZ4SmNteHZBWmFnbU5RbkE5SGhPRVAxcXBIb1FabGs3amxPR3hXMStFSllkNWRuMWQ3ZU96aVdZRW9MbWNSZ25NS2w2NHE1Rjhla2ozNlpOV2NPOElyazVoNDZlK3dRQ0VKRHhCYVgvamhVRW1OdjJxRzdNVW15TjAvS1BCaDFJQ25MTm9JTT0iLCJmaWxlbmFtZSI6IjZfMF85NjFmN2FiZTk0ZmJhZmYzYWI2MDIwNWVlOGVkMWQwYi5qcGcifQ.4oE8M3cT7zbDXgLLi43TUiMURxh44x8PsQAZqsjZ81A\" alt=\"\" \/><\/figure>\n<div class=\"calendar-outer\">\n<div class=\"calendar-container \">\n<div class=\"calendar-wrapper\">\n<div class=\"calendar-content\">\n<div class=\"calendar-left\">\n\t\t\t\t\t\t\t23-24. apr 2026\n\t\t\t\t\t\t\t<\/div>\n<div class=\"calendar-right\">\n<div class=\"calendar-inner\">\n<p>Klesbyttedager<\/p>\n<\/p><\/div>\n<\/p><\/div>\n<\/p><\/div>\n<\/p><\/div>\n<\/p><\/div>\n<div class=\"calendar-container \">\n<div class=\"calendar-wrapper\">\n<div class=\"calendar-content\">\n<div class=\"calendar-left\">\n\t\t\t\t\t\t\t13. mai 2026\n\t\t\t\t\t\t\t<\/div>\n<div class=\"calendar-right\">\n<div class=\"calendar-inner\">\n<p>Markering av 17. mai<\/p>\n<\/p><\/div>\n<\/p><\/div>\n<\/p><\/div>\n<\/p><\/div>\n<\/p><\/div>\n<div class=\"calendar-container \">\n<div class=\"calendar-wrapper\">\n<div class=\"calendar-content\">\n<div class=\"calendar-left\">\n\t\t\t\t\t\t\t15. mai 2026\n\t\t\t\t\t\t\t<\/div>\n<div class=\"calendar-right\">\n<div class=\"calendar-inner\">\n<p>Planleggingsdag, barnehagen er stengt<\/p>\n<\/p><\/div>\n<\/p><\/div>\n<\/p><\/div>\n<\/p><\/div>\n<\/p><\/div>\n<div class=\"calendar-container \">\n<div class=\"calendar-wrapper\">\n<div class=\"calendar-content\">\n<div class=\"calendar-left\">\n\t\t\t\t\t\t\t11. jun 2026\n\t\t\t\t\t\t\t<\/div>\n<div class=\"calendar-right\">\n<div class=\"calendar-inner\">\n<p>Sommerfest for barn, foreldre og annen familie<\/p>\n<\/p><\/div>\n<\/p><\/div>\n<\/p><\/div>\n<\/p><\/div>\n<\/p><\/div>\n<\/p><\/div>\n<\/p><\/div>\n<\/div>\n","protected":false},"excerpt":{"rendered":"<p>I informasjonsheftet finner du praktisk informasjon om barnehagen.<\/p>\n","protected":false},"author":1,"featured_media":0,"comment_status":"closed","ping_status":"closed","sticky":false,"template":"","format":"standard","meta":[],"categories":[1],"tags":[],"acf":[],"_links":{"self":[{"href":"https:\/\/www.kanvas.no\/rektorhaugen\/wp-json\/wp\/v2\/posts\/22426"}],"collection":[{"href":"https:\/\/www.kanvas.no\/rektorhaugen\/wp-json\/wp\/v2\/posts"}],"about":[{"href":"https:\/\/www.kanvas.no\/rektorhaugen\/wp-json\/wp\/v2\/types\/post"}],"author":[{"embeddable":true,"href":"https:\/\/www.kanvas.no\/rektorhaugen\/wp-json\/wp\/v2\/users\/1"}],"replies":[{"embeddable":true,"href":"https:\/\/www.kanvas.no\/rektorhaugen\/wp-json\/wp\/v2\/comments?post=22426"}],"version-history":[{"count":0,"href":"https:\/\/www.kanvas.no\/rektorhaugen\/wp-json\/wp\/v2\/posts\/22426\/revisions"}],"wp:attachment":[{"href":"https:\/\/www.kanvas.no\/rektorhaugen\/wp-json\/wp\/v2\/media?parent=22426"}],"wp:term":[{"taxonomy":"category","embeddable":true,"href":"https:\/\/www.kanvas.no\/rektorhaugen\/wp-json\/wp\/v2\/categories?post=22426"},{"taxonomy":"post_tag","embeddable":true,"href":"https:\/\/www.kanvas.no\/rektorhaugen\/wp-json\/wp\/v2\/tags?post=22426"}],"curies":[{"name":"wp","href":"https:\/\/api.w.org\/{rel}","templated":true}]}}