{"id":4249,"date":"2026-04-20T13:20:03","date_gmt":"2026-04-20T12:20:03","guid":{"rendered":"https:\/\/www.kanvas.no\/ronningen\/informasjonshefte\/"},"modified":"2026-04-20T13:20:03","modified_gmt":"2026-04-20T12:20:03","slug":"informasjonshefte","status":"publish","type":"post","link":"https:\/\/www.kanvas.no\/ronningen\/informasjonshefte\/","title":{"rendered":"Informasjonshefte"},"content":{"rendered":"<div class=\"t2-featured-content-layout alignwide wp-block-t2-featured-content-layout dont-print\">\n<div class=\"t2-featured-query-post t2-featured-content wp-block-t2-featured-query-post t2-featured-content-layout-col-4 t2-featured-content-layout-col-2-mobile\">\n\t\t\t\t\t<a class=\"t2-post-link wp-block-t2-post-link\" href=\"#om-barnehagen\"><\/p>\n<figure class=\"t2-post-featured-image has-image-ratio-16-9 wp-block-t2-post-featured-image\"><img decoding=\"async\" src=\"https:\/\/backstage.mykid.no\/_ajax\/download?t=eyJ0eXAiOiJKV1QiLCJhbGciOiJIUzI1NiJ9.eyJpYXQiOjE3NzY2ODc2MDMsImV4cCI6MjA5MjY4NzYwMywiZmlsZV9pZCI6Inl6LzRrRzY3eGJuYWRpRDIwWHBFY2JoNkZzVmxTSlhtYjlQTmNBL2VrQ3RKUW9ZcCtFY2tpK2ZreHRxbHFDcXpobVdzQktkaHVDRUErWThaK25BaUdobWVpUDBuZ3dGd3UvZmZmLzBVdGlFek1weUp4WVN3M2ZURGN3UU9lY0JuNFVtTWVwL25sak5vMEJ1NGlMWVBncTg1eTBVNzhOVG9yKzhlcmRYVHFKOGUyYlo0amR3dDFTQ1lYbCtzSGNaQSIsImZpbGVuYW1lIjoiNl84NTlfNzRkMDcxNjM4NjhiYThhYzllNDFmZTJmNmE4YTlkNDIuanBlZyJ9.XJueDMdZiowuCqz8Dwnza2y6nQKbB5U3Zzf62ErmpT8\" alt=\"\" \/><\/figure>\n<div class=\"wp-block-group alignfull is-layout-flow\">\n<h2 class=\"t2-post-title wp-block-t2-post-title fluid-2\">Om barnehagen<\/h2>\n<div class=\"t2-post-excerpt wp-block-t2-excerpt\">\n\t\t\t\t\t\t\t\tHer finner du fakta om barnehagen, \u00e5pningstider og kontaktinformasjon.\n\t\t\t\t\t\t\t<\/div>\n<\/p><\/div>\n<p>\t\t\t\t\t<\/a>\n\t\t\t\t<\/div>\n<div class=\"t2-featured-query-post t2-featured-content wp-block-t2-featured-query-post t2-featured-content-layout-col-4 t2-featured-content-layout-col-2-mobile\">\n\t\t\t\t\t<a class=\"t2-post-link wp-block-t2-post-link\" href=\"#ny-i-barnehagen\"><\/p>\n<figure class=\"t2-post-featured-image has-image-ratio-16-9 wp-block-t2-post-featured-image\"><img decoding=\"async\" src=\"https:\/\/backstage.mykid.no\/_ajax\/download?t=eyJ0eXAiOiJKV1QiLCJhbGciOiJIUzI1NiJ9.eyJpYXQiOjE3NzY2ODc2MDMsImV4cCI6MjA5MjY4NzYwMywiZmlsZV9pZCI6ImJtVEhLd2grYzBkZEpERHR1QjYrYzV4K3gwNmU1K0diT0dJOHdteElVcmZ3RE1PZVF5aVMxQnk2czlsd0wybEJ5cWVtRTNodCtXSlRDQWhDUGIwM0RYMGlBSnBFNGE1b0Vubjl3WmV6VzFLN010UjNIUis4R0hwSm5zeFFWcmRMcjdhcnR5THpRRDhTZkpwWUdDMVMvVmc5c0Z4TTdqdllRNW1NVDdaZW5ZUT0iLCJmaWxlbmFtZSI6IjZfMF9mNjQ0NDQ4NTk2ZGRlYzJjZWZhNmM4YTI1MTRlMzRmOC5qcGcifQ.AnCADslEVOLBksCJKegcowUTPPRlaBY0b4IWaaUd8Hk\" alt=\"\" \/><\/figure>\n<div class=\"wp-block-group alignfull is-layout-flow\">\n<h2 class=\"t2-post-title wp-block-t2-post-title fluid-2\">Ny i barnehagen<\/h2>\n<div class=\"t2-post-excerpt wp-block-t2-excerpt\">\n\t\t\t\t\t\t\t\tHer finner du info om tilvenning, startsamtalen og hva du b\u00f8r vite f\u00f8r oppstart.\n\t\t\t\t\t\t\t<\/div>\n<\/p><\/div>\n<p>\t\t\t\t\t<\/a>\n\t\t\t\t<\/div>\n<div class=\"t2-featured-query-post t2-featured-content wp-block-t2-featured-query-post t2-featured-content-layout-col-4 t2-featured-content-layout-col-2-mobile\">\n\t\t\t\t\t<a class=\"t2-post-link wp-block-t2-post-link\" href=\"#praktisk-info\"><\/p>\n<figure class=\"t2-post-featured-image has-image-ratio-16-9 wp-block-t2-post-featured-image\"><img decoding=\"async\" src=\"https:\/\/backstage.mykid.no\/_ajax\/download?t=eyJ0eXAiOiJKV1QiLCJhbGciOiJIUzI1NiJ9.eyJpYXQiOjE3NzY2ODc2MDMsImV4cCI6MjA5MjY4NzYwMywiZmlsZV9pZCI6IjdVQ2lVbWV2YlNYcDJycmxVSlZSdGRGZ2l4S20rYzFUcmdCL2dZQTV5b3VEU1VGY1BJRisvcWI4SUl3WHVDeDZtTTU3ZkVXUUNZNjU5d2RhbXNSbElCa1lwMTNPeWFFMkp5REZjTUl2VG9QZ3dwUWFZZ3FISHltMGZXa1d3dnZMWTNoTmlVVXhRNHVERjJ0bEtEVXNKZytSMm1PZFVaNjJZTGZTQmlqYjNjSTF6clVTNStJR01zRlVoMDVIUUVtRCIsImZpbGVuYW1lIjoiNl84NTlfMGVjZTJlNzIzYmZkMDFhMzI3NjZkNmY1YjVmZTc3MzMucG5nIn0.0n2x6Z5OpGEqdTxpokriFZFpaNij9qxZFHLe7gRSlUs\" alt=\"\" \/><\/figure>\n<div class=\"wp-block-group alignfull is-layout-flow\">\n<h2 class=\"t2-post-title wp-block-t2-post-title fluid-2\">Praktisk info<\/h2>\n<div class=\"t2-post-excerpt wp-block-t2-excerpt\">\n\t\t\t\t\t\t\t\tHer finner du informasjon om bl.a. kl\u00e6r og utstyr, mat, soving, sykt barn, ferie og forsikring.\n\t\t\t\t\t\t\t<\/div>\n<\/p><\/div>\n<p>\t\t\t\t\t<\/a>\n\t\t\t\t<\/div>\n<div class=\"t2-featured-query-post t2-featured-content wp-block-t2-featured-query-post t2-featured-content-layout-col-4 t2-featured-content-layout-col-2-mobile\">\n\t\t\t\t\t<a class=\"t2-post-link wp-block-t2-post-link\" href=\"#barnehagehverdagen\"><\/p>\n<figure class=\"t2-post-featured-image has-image-ratio-16-9 wp-block-t2-post-featured-image\"><img decoding=\"async\" src=\"https:\/\/backstage.mykid.no\/_ajax\/download?t=eyJ0eXAiOiJKV1QiLCJhbGciOiJIUzI1NiJ9.eyJpYXQiOjE3NzY2ODc2MDMsImV4cCI6MjA5MjY4NzYwMywiZmlsZV9pZCI6InQvR04zeXFBakgyaWpCWnN6VVRtSU84WDRncDloVjFxbmJpenUxU3pRWFUxakNYVWVLQ01EZjVtdGdodFlqakEvZTdWdk5zTmRFcmRqeU1mb3NiVWJtR0kwWElkWmJ1cGJRMVVHUlUyOWUybVY4bHVPVjNhRzh3SSt6TkZVUC8rRG1FTWNWN2pPSnpMSis3UzB0d0pKZTJGZG1HNUVkYVJMRDNad0MxZG15V2cvbSsxZEd3QmRHZngyUHY5VGQzWCIsImZpbGVuYW1lIjoiNl84NTlfODZiZDliNTAwMGJiOTBlYjJmNDdmOTc2MjdmN2QyODMuanBlZyJ9.TvPBagUVVhbOlX70UEc2LQu2qO6dE7hy968aWbhicJM\" alt=\"\" \/><\/figure>\n<div class=\"wp-block-group alignfull is-layout-flow\">\n<h2 class=\"t2-post-title wp-block-t2-post-title fluid-2\">Barnehagehverdagen<\/h2>\n<div class=\"t2-post-excerpt wp-block-t2-excerpt\">\n\t\t\t\t\t\t\t\tHer finner du informasjon om bl.a. dagsrytme, aktiviteter og bemanning.\n\t\t\t\t\t\t\t<\/div>\n<\/p><\/div>\n<p>\t\t\t\t\t<\/a>\n\t\t\t\t<\/div>\n<div class=\"t2-featured-query-post t2-featured-content wp-block-t2-featured-query-post t2-featured-content-layout-col-4 t2-featured-content-layout-col-2-mobile\">\n\t\t\t\t\t<a class=\"t2-post-link wp-block-t2-post-link\" href=\"#foreldresamarbeid\"><\/p>\n<figure class=\"t2-post-featured-image has-image-ratio-16-9 wp-block-t2-post-featured-image\"><img decoding=\"async\" src=\"https:\/\/backstage.mykid.no\/_ajax\/download?t=eyJ0eXAiOiJKV1QiLCJhbGciOiJIUzI1NiJ9.eyJpYXQiOjE3NzY2ODc2MDMsImV4cCI6MjA5MjY4NzYwMywiZmlsZV9pZCI6Iis0VWF3cW9SNWpyU0xGdFdzWGVSUTAzWTdwRzBkZ1ZqcUVVSm45MmVXbUE1SDFqQTdNWEVxUDd3YldhbktBcFBZcmpIRDJvZjc5MnlrUnFhOFJWVFVreUhBQVN1Njd4WDh2eEcrSmY1dm5BVVJHVXpib1piV2QzMm9qZVpVcmVoZEc3emVRZ3FDV2pMRTJaSnRlYjQyZjJpNTN2Y1FxMVhZZlhxSkVWS3hnND0iLCJmaWxlbmFtZSI6IjZfMF8yMjQzZjNhYTQ1NmQ0ZjQ1NDJjOTlkNTE2MWFmMzgzNi5qcGcifQ.kKJZcvja_ZJ8SCTf78Lj62vQSC1Cb3CjVQfoRbjRGaQ\" alt=\"\" \/><\/figure>\n<div class=\"wp-block-group alignfull is-layout-flow\">\n<h2 class=\"t2-post-title wp-block-t2-post-title fluid-2\">Foreldresamarbeid<\/h2>\n<div class=\"t2-post-excerpt wp-block-t2-excerpt\">\n\t\t\t\t\t\t\t\tHer finner du informasjon om bl.a. MyKid, foreldresamtaler og -m\u00f8ter, SU, foreldrebetaling og foreldreunders\u00f8kelsen.\n\t\t\t\t\t\t\t<\/div>\n<\/p><\/div>\n<p>\t\t\t\t\t<\/a>\n\t\t\t\t<\/div>\n<div class=\"t2-featured-query-post t2-featured-content wp-block-t2-featured-query-post t2-featured-content-layout-col-4 t2-featured-content-layout-col-2-mobile\">\n\t\t\t\t\t<a class=\"t2-post-link wp-block-t2-post-link\" href=\"#arshjul\"><\/p>\n<figure class=\"t2-post-featured-image has-image-ratio-16-9 wp-block-t2-post-featured-image\"><img decoding=\"async\" src=\"https:\/\/backstage.mykid.no\/_ajax\/download?t=eyJ0eXAiOiJKV1QiLCJhbGciOiJIUzI1NiJ9.eyJpYXQiOjE3NzY2ODc2MDMsImV4cCI6MjA5MjY4NzYwMywiZmlsZV9pZCI6IkFYNjJmQjF3U1AvS1B4K05pRGtKYWx3MThBOHkwRERGaEhmdFIxbldZcU04ZHBoZlE1Y3Y5WHc0bFJIc1N0L2ZlMEt2UEs4SDcrbUlsdzByemJhdm9qYzFLRkd6eTFpV1JMNFhPSXY4Y2VOT1NkekhXb3IzUFA0T3ZIS3p3ZGUwWFpCekJuNlhHUjkvSldRcnpvWnl6UWlneUI5NXlIUHBlSHBrNzF5VGZnemtnYTFrUVlJUnFFcVZmS0o0dXU0OSIsImZpbGVuYW1lIjoiNl84NTlfNTU0MmQ5ZDNjNzdmY2M4NmM5Mjc1OTViMzY3N2EyYzYuanBlZyJ9.0uiI3fMTw3D7AugqYmhBe6ZL7KqgTJSc2yIuem9qS2E\" alt=\"\" \/><\/figure>\n<div class=\"wp-block-group alignfull is-layout-flow\">\n<h2 class=\"t2-post-title wp-block-t2-post-title fluid-2\">\u00c5rshjul<\/h2>\n<div class=\"t2-post-excerpt wp-block-t2-excerpt\">\n\t\t\t\t\t\t\t\tHer finner du oversikt over merkedager, planleggingsdager, ferielukket mm.\n\t\t\t\t\t\t\t<\/div>\n<\/p><\/div>\n<p>\t\t\t\t\t<\/a>\n\t\t\t\t<\/div>\n<\/div>\n<div class=\"text-content\">\n<div id=\"om-barnehagen\">\n<h2>Om barnehagen<\/h2>\n<figure class=\"wp-block-image has-image-ratio-16-9 size-full\"><img decoding=\"async\" src=\"https:\/\/backstage.mykid.no\/_ajax\/download?t=eyJ0eXAiOiJKV1QiLCJhbGciOiJIUzI1NiJ9.eyJpYXQiOjE3NzY2ODc2MDMsImV4cCI6MjA5MjY4NzYwMywiZmlsZV9pZCI6Inl6LzRrRzY3eGJuYWRpRDIwWHBFY2JoNkZzVmxTSlhtYjlQTmNBL2VrQ3RKUW9ZcCtFY2tpK2ZreHRxbHFDcXpobVdzQktkaHVDRUErWThaK25BaUdobWVpUDBuZ3dGd3UvZmZmLzBVdGlFek1weUp4WVN3M2ZURGN3UU9lY0JuNFVtTWVwL25sak5vMEJ1NGlMWVBncTg1eTBVNzhOVG9yKzhlcmRYVHFKOGUyYlo0amR3dDFTQ1lYbCtzSGNaQSIsImZpbGVuYW1lIjoiNl84NTlfNzRkMDcxNjM4NjhiYThhYzllNDFmZTJmNmE4YTlkNDIuanBlZyJ9.XJueDMdZiowuCqz8Dwnza2y6nQKbB5U3Zzf62ErmpT8\" alt=\"\" \/><\/figure>\n<p>R\u00f8nningen Kanvas-barnehage ligger p\u00e5 Ullerntoppen, innerst i en blindvei. Vi er tett p\u00e5 skogen, og bruker turomr\u00e5det bak barnehagen hver uke. Vi har egen skog p\u00e5 lekplassen ogs\u00e5, og her har vi ny b\u00e5lplass der vi lager mat p\u00e5 b\u00e5let og varme&nbsp;oss.&nbsp;V\u00e5rt store uteomr\u00e5de, og n\u00e6rheten til naturen gir barna gode muligheter til variert lek hele \u00e5ret.&nbsp; R\u00f8nningen Kanvas barnehage er en avdelingsbarnehage med fire avdelinger, med barn i alder 1-3 \u00e5r og&nbsp;3-6 \u00e5r. Det er 19 barn p\u00e5 hver storbarnsavdeling og 10 barn p\u00e5 hver sm\u00e5barnsavdeling.<\/p>\n<p>I 2026 skal vi bli en lese-barnehage, med v\u00e5rt nye barnehagebibliotek. Barna&nbsp;f\u00e5r et rikt utvalg av barnelitteratur som gjenspeiler v\u00e5r tid, aktuelle tema og ikke minst barnas favoritter. Vi \u00f8nsker \u00e5 gj\u00f8re barna spr\u00e5ksterke og mener det er viktige \u00e5 lese for barna hver dag! I 2026 skal vi, gjennom b\u00f8ker og pedagogiske planer jobbe med mangfold og identitet.&nbsp;<\/p>\n<p>Vi er opptatt av barn i bevegelse, og deres grovmotoriske utvikling. Barn skal f\u00e5 leke og v\u00e6re&nbsp;i aktivitet hver dag, ute og inne gjennom hele \u00e5ret, og i alle \u00e5rstider.<\/p>\n<p>Vi som jobber i R\u00f8nningen er en&nbsp;personalgruppe som&nbsp;best\u00e5r av pedagogiske ledere, pedagogiske medarbeidere, fagarbeider og en daglig leder. Vi har et stort&nbsp;mangfold,&nbsp;med hensyn til b\u00e5de alder, kj\u00f8nn, erfaring og kulturell bakgrunn.<\/p>\n<p>&nbsp;<\/p>\n<p>Velkommen til oss i R\u00f8nningen!<\/p>\n<\/p><\/div>\n<div id=\"ny-i-barnehagen\">\n<h2>Ny i barnehagen<\/h2>\n<figure class=\"wp-block-image has-image-ratio-16-9 size-full\"><img decoding=\"async\" src=\"https:\/\/backstage.mykid.no\/_ajax\/download?t=eyJ0eXAiOiJKV1QiLCJhbGciOiJIUzI1NiJ9.eyJpYXQiOjE3NzY2ODc2MDMsImV4cCI6MjA5MjY4NzYwMywiZmlsZV9pZCI6ImJtVEhLd2grYzBkZEpERHR1QjYrYzV4K3gwNmU1K0diT0dJOHdteElVcmZ3RE1PZVF5aVMxQnk2czlsd0wybEJ5cWVtRTNodCtXSlRDQWhDUGIwM0RYMGlBSnBFNGE1b0Vubjl3WmV6VzFLN010UjNIUis4R0hwSm5zeFFWcmRMcjdhcnR5THpRRDhTZkpwWUdDMVMvVmc5c0Z4TTdqdllRNW1NVDdaZW5ZUT0iLCJmaWxlbmFtZSI6IjZfMF9mNjQ0NDQ4NTk2ZGRlYzJjZWZhNmM4YTI1MTRlMzRmOC5qcGcifQ.AnCADslEVOLBksCJKegcowUTPPRlaBY0b4IWaaUd8Hk\" alt=\"\" \/><\/figure>\n<h3>F\u00f8r oppstart<\/h3>\n<p>F\u00f8r barnet begynner i barnehagen&nbsp;mottar de foresatte en sms med beskjed om \u00e5 registrere barnet og foresatte i kommunikasjonsplattformen MyKid. I MyKid skal dere fylle ut kontaktinformasjon og andre opplysninger som er viktig for barnets opphold i barnehagen, blant annet et samtykkeskjema og en egenerkl\u00e6ring om barnets helse.<\/p>\n<p>Foreldre som ikke bor sammen skal fylle ut hvert sitt skjema.<\/p>\n<p>Opplysninger om barnets helse er taushetsbelagt og det vil v\u00e6re begrenset&nbsp;tilgang til informasjonen i barnehagen.<\/p>\n<p>&nbsp;<\/p>\n<h3>Tilvenning<\/h3>\n<p>Les mer om tilvenning her:&nbsp;<a href=\"https:\/\/www.kanvas.no\/2023\/07\/26\/tilvenning-i-barnehagen\/\">Tilvenning i barnehagen &#8211; Kanvas<\/a><\/p>\n<p>Tiltak for \u00e5 gi barna en god tilvenning og tilknytning til hverdagslivet i R\u00f8nningen Kanvas barnehage:<\/p>\n<ul>\n<li>Vi inviterer til bes\u00f8ksdag i juni for alle nye barn og foreldre n\u00e5r opptaket er ferdig og plassene tildelt for nytt barnehage\u00e5r.&nbsp;<\/li>\n<li>Foreldre deltar i tilvenning de f\u00f8rste dagene, tidspunkt avtales med pedagogsik leder p\u00e5 hver avdeling.<\/li>\n<li>Banret f\u00e5r en tilknytningsperson de f\u00f8rste dagene. Etterhvert er m\u00e5let at alle ansatte skal ta del i barnets tilvenning og daglige rutiner.<\/li>\n<li>Alle nye barn f\u00e5r oppstartdato i l\u00f8pet av august. Dato vil variere avhengig av ledig kapasitet, antall nye barn og barnas alder.&nbsp;<\/li>\n<li>Vi kaller de f\u00f8rste dagene og ukene i barnehagen for <em>tilvenningsperiode.&nbsp;<\/em>Foreldre m\u00e5 regne med \u00e5 sette av god tid til oppstart.<\/li>\n<li>Barna b\u00f8r ha&nbsp;kortere dager de to f\u00f8rste ukene etter oppstart.<\/li>\n<li>Mange inntrykk, nye voksne og barn i ukjente&nbsp;omgivelser er en stor overgang for de aller yngste- Vi er opptatt av rolige dager og faste rutiner- dette gir trygghet og tilknytning for de aller yngste.<\/li>\n<li>COS- cirkle of Security \/Trygghetssirkelen<\/li>\n<li>Pedagogisk leder p\u00e5 hver avdeling avtaler dag for dag hvordan tilvenning til barnehagen g\u00e5r.<\/li>\n<li>Tett dialog (muntlig, p\u00e5 sms og telefon) med avdelingens ansatte<\/li>\n<\/ul>\n<p>Tiltak for \u00e5 gi god tilvenning til ny avdeling i barnehagen:<\/p>\n<ul>\n<li>Kalender\u00e5ret barna fyller tre \u00e5r, flytter de opp til stor avdeling fra august samme \u00e5r.<\/li>\n<li>Pedagoger og daglig leder tar avgj\u00f8relse p\u00e5 hvilke barn som g\u00e5r til de ulike avdeling<\/li>\n<li>Plassing p\u00e5 avdeling tas med hensyn til dynamikk, plass og observasjon av grupper. Foreldre tas med p\u00e5 avgj\u00f8relse, og informeres i god tid.<\/li>\n<li>Tillvenning til ny avdeling starter rundt p\u00e5sketider hvert \u00e5r.<\/li>\n<li>Barna f\u00e5r bes\u00f8ke sine &quot;nye avdelinger&quot;, slik at de blir kjent med voksne, barn og rutiner.<\/li>\n<\/ul>\n<p>&nbsp;<\/p>\n<p>&nbsp;<\/p>\n<h3>Startsamtalen<\/h3>\n<p>Om startsamtalen i Kanvas:&nbsp;<a href=\"https:\/\/www.kanvas.no\/2023\/07\/06\/startsamtale-foreldresamtaler-og-foreldremoter\/\">Startsamtale, foreldresamtaler og foreldrem\u00f8ter &#8211; Kanvas<\/a><\/p>\n<\/p><\/div>\n<div id=\"praktisk-info\">\n<h2>Praktisk info<\/h2>\n<figure class=\"wp-block-image has-image-ratio-16-9 size-full\"><img decoding=\"async\" src=\"https:\/\/backstage.mykid.no\/_ajax\/download?t=eyJ0eXAiOiJKV1QiLCJhbGciOiJIUzI1NiJ9.eyJpYXQiOjE3NzY2ODc2MDMsImV4cCI6MjA5MjY4NzYwMywiZmlsZV9pZCI6IjdVQ2lVbWV2YlNYcDJycmxVSlZSdGRGZ2l4S20rYzFUcmdCL2dZQTV5b3VEU1VGY1BJRisvcWI4SUl3WHVDeDZtTTU3ZkVXUUNZNjU5d2RhbXNSbElCa1lwMTNPeWFFMkp5REZjTUl2VG9QZ3dwUWFZZ3FISHltMGZXa1d3dnZMWTNoTmlVVXhRNHVERjJ0bEtEVXNKZytSMm1PZFVaNjJZTGZTQmlqYjNjSTF6clVTNStJR01zRlVoMDVIUUVtRCIsImZpbGVuYW1lIjoiNl84NTlfMGVjZTJlNzIzYmZkMDFhMzI3NjZkNmY1YjVmZTc3MzMucG5nIn0.0n2x6Z5OpGEqdTxpokriFZFpaNij9qxZFHLe7gRSlUs\" alt=\"\" \/><\/figure>\n<h3>Kl\u00e6r og utstyr<\/h3>\n<figure class=\"wp-block-image has-image-ratio-16-9 size-full\"><img decoding=\"async\" src=\"https:\/\/backstage.mykid.no\/_ajax\/download?t=eyJ0eXAiOiJKV1QiLCJhbGciOiJIUzI1NiJ9.eyJpYXQiOjE3NzY2ODc2MDMsImV4cCI6MjA5MjY4NzYwMywiZmlsZV9pZCI6Ii9raTFYdjRBQWNCYm9zT2JnWWZuMVY1dU0xZmgrMlRFTldOZ2RyaktQcUZNVXVETlRGNWJiY1dVcy9DNGdMSkhrbmJkaTZpYkNDMVZZZTRXVmo0b2haZzlJQjhoNUlNYjFPMWFxUHg5RU1HYmNWTVlpemxrcnJTQ2tmZXhsTzZBWEZrSTBHOEVRL1Rvbzg0TEMrN3NuRzNvZjNDRHA3RjZHbEhxcUc1bDdKblZMMzg4aDhlN0doSlR1SHRDSGI0ZSIsImZpbGVuYW1lIjoiNl84NTlfZmJlZGY3ZGFiNjdhMzU0MGJlYTE5MzM5ZjY0YmYzYWUuanBlZyJ9.4lylZ5dfdOTVfLyv3-LTTwvlyi0KH-NzoHxn0kKTTDc\" alt=\"\" \/><\/figure>\n<p><strong>Hva trenger barn p\u00e5 sm\u00e5barns avdeling (1-3 \u00e5r)<\/strong><\/p>\n<p><strong>KL\u00c6R<\/strong><\/p>\n<ul>\n<li>Skiftet\u00f8y: body, str\u00f8mebukser, sokker, mellomlag (ull eller fleese), vindjakke\/buske eller dress.&nbsp;<\/li>\n<li>Tynn bomullslue (h\u00f8st og v\u00e5r).<\/li>\n<li>Tykkere lue (vinter) \/halslue.<\/li>\n<li>Hals\/Buf (ikke skjerf).<\/li>\n<li>Unng\u00e5 trange jeans og hettegenser.&nbsp;<\/li>\n<li>Tynne votter (med tommel)<\/li>\n<li>Tykke vintervotter (vinter)<\/li>\n<li>Vinterdress (vinter)<\/li>\n<li>Regnt\u00f8y (helst to-delt sett)<\/li>\n<li>St\u00f8vler<\/li>\n<li>Vintersko (gjerne Goretex med for)<\/li>\n<li>Sandaler<\/li>\n<li>Joggesko\/v\u00e5r\/sommersko<\/li>\n<\/ul>\n<p>obs! Alt t\u00f8y m\u00e5 merkes med barnets navn.<\/p>\n<p><strong>BLEIER\/KREM\/ SALVE<\/strong><\/p>\n<ul>\n<li>Bleier (ikke up&amp; go)<\/li>\n<li>N\u00e5r det er tomt- sender vi sms om p\u00e5minnelse til \u00e5 ta med neste dag.<\/li>\n<li>Egen salve dersom det trengs<\/li>\n<li>Kuldekrem hvis det er n\u00f8dvendig<\/li>\n<li>Solkrem<\/li>\n<\/ul>\n<p>Barnehagen kj\u00f8per inn produkter som kan brukes av alle, men dersom barnet trenger spesialprodukter m\u00e5 det tas med eget.<\/p>\n<p><strong>SMOKK- TEPPE &#8211; VOGNPOSE<\/strong><\/p>\n<ul>\n<li>Vognpose (vinter).<\/li>\n<li>Teppe (v\u00e5r\/ sommer).<\/li>\n<li>Smokk\/kosebamse til soving<\/li>\n<li>Myggnetting\/kattenett\/regntrekk (skal alltid ligge under vognen som barnet sover i).<\/li>\n<\/ul>\n<p><strong>VANNFLASKE<\/strong><\/p>\n<ul>\n<li>Vannflaske merket med navn (skal alltid v\u00e6re i barnehagen). M\u00e5 tas med hjem for \u00e5 vaske.<\/li>\n<\/ul>\n<p><strong>RUTINER:<\/strong><\/p>\n<ul>\n<li>V\u00e5tt t\u00f8y sendes hjem i pose, og legges p\u00e5 barnets garderobeplass.<\/li>\n<li>Ta alltid en sjekk p\u00e5 yttert\u00f8y som henger i grovgarderobe- veldig v\u00e5tt t\u00f8y m\u00e5 tas med hjem, da vi har begrenset plass og lite t\u00f8rekmuligheter. Fuktig t\u00f8y gir d\u00e5rlig inneklima, s\u00e5 vi trenger at foreldre tar med hjem yttert\u00f8y innimellom og helst i helgene.<\/li>\n<li>Ikke ha mer p\u00e5 plassen enn vi trenger. Sp\u00f8r hvis du lurer og begrens utvalget.&nbsp;<\/li>\n<li>Garderobeplassen er foreldres ansvar. Ha kl\u00e6r etter v\u00e6ret og s\u00f8rg for varme og vanntette plagg n\u00e5r v\u00e6ret krever det.&nbsp;<\/li>\n<li>Sp\u00f8r oss om r\u00e5d<\/li>\n<li>Kj\u00f8p brukt hvis du kan.<\/li>\n<\/ul>\n<p>&nbsp;<\/p>\n<p>&nbsp;<\/p>\n<p>&nbsp;<\/p>\n<h3>Bringe og hente<\/h3>\n<p><strong>\u00c5pningstid:<\/strong><\/p>\n<ul>\n<li>07.30-17.00&nbsp;<\/li>\n<li>Barna kan ikke leveres inn f\u00f8r 07.30. Ansatte m\u00e5 klaregj\u00f8re avdelingene f\u00f8r de kan ta imot barna.&nbsp;<\/li>\n<li>Barna skal hentes f\u00f8r 17.00- Ansatte har&nbsp;arbeidstid til 17.00, og skal l\u00e5se d\u00f8ren senest 17.05.&nbsp;<\/li>\n<li>Beregne&nbsp;god tid ved henting.<\/li>\n<li>Gi alltid beskjed&nbsp;dersom du er forsinket til henting.<\/li>\n<li>Hvis barnet er sykt: legg inn informasjon i MyKid<\/li>\n<li>Hvis barnet har fri\/ferie: legg inn informasjon i MyKid.<\/li>\n<li>Daglig leder sender ut p\u00e5minnelser og p\u00e5melding til ferieavvikling i barnehagen.&nbsp;<\/li>\n<\/ul>\n<p><strong>N\u00e5r holder barnehagen stengt:<\/strong><\/p>\n<ul>\n<li>Barnehagen holder stengt tre uker hver sommer: 29, 30 og 31.&nbsp;<\/li>\n<li>Barnehagen holder stengt hele p\u00e5sken<\/li>\n<li>Barnehagen holder stengt alle helligdager<\/li>\n<li>Barnehagen holder stengt fem planleggingsdager pr. \u00e5r.<\/li>\n<\/ul>\n<p>&nbsp;<\/p>\n<h3>Mat og m\u00e5ltider<\/h3>\n<p>I Kanvas f\u00f8lger vi Helsedirektoratets retningslinjer for mat og m\u00e5ltider i barnehagen.<\/p>\n<p>Les mer om mat og m\u00e5ltider i Kanvas-barnehagene her:&nbsp;<a href=\"https:\/\/www.kanvas.no\/nytt-og-nyttig\/sunn-mat-i-barnehagen\/\">Sunn mat i barnehagen &#8211; Kanvas<\/a><\/p>\n<p>&nbsp;<\/p>\n<p>Tiltak for serving av sunn mat i R\u00f8nningen:<\/p>\n<ul>\n<li>Barna f\u00e5r servert to m\u00e5ltider hver dag, ett lunsj og ett fruktm\u00e5ltid.<\/li>\n<li>Barna f\u00e5r servert frukt og gr\u00f8nnsaker hver dag.<\/li>\n<li>Melk og vann til lunsjm\u00e5ltidet<\/li>\n<li>Ett varmt m\u00e5ltid i uken som serveres fra Lunsjkollektivet eller Matibox.<\/li>\n<\/ul>\n<p>&nbsp;<\/p>\n<h3>Bursdagsfeiring<\/h3>\n<p>Slik markerer vi bursdag i R\u00f8nningen:<\/p>\n<ul>\n<li>Barna f\u00e5r krone, sang og valgfri smoothie i barnehagen<\/li>\n<li>Vi har samlingsstund&nbsp;<\/li>\n<\/ul>\n<p>&nbsp;<\/p>\n<h3>Feriestengt og -avvikling<\/h3>\n<p>Kanvas-barnehagene&nbsp;holder stengt jul- og nytt\u00e5rsaften, onsdag f\u00f8r skj\u00e6rtorsdag og 5 planleggingsdager i l\u00f8pet av barnehage\u00e5ret. Barna skal i tillegg ha fire ukers ferie i l\u00f8pet av barnehage\u00e5ret. Barn som skal slutte i barnehagen m\u00e5 avvikle ferien f\u00f8r 1. august.<\/p>\n<h3>Samtykker<\/h3>\n<p>Foreldre fyller ut et samtykkeskjema&nbsp;i MyKid&nbsp;f\u00f8r barnet starter i barnehagen. I dette skjemaet fyller dere ut om dere f.eks. tillater at det tas bilder av barnet, og om dere tillater at barnet kan bli med p\u00e5 tur med offentlig transport.<\/p>\n<p>Foreldre kan gj\u00f8re endringer i samtykkeskjemaet&nbsp;gjennom \u00e5ret.<\/p>\n<p>&nbsp;<\/p>\n<p>Alle samtykkeskjema ligger i MyKid. Foreldre f\u00e5r tilgang til MyKid ved oppstart.&nbsp;<\/p>\n<p>&nbsp;<\/p>\n<h3>Personvern<\/h3>\n<p>Alle barnehager har en lovp\u00e5lagt plikt til \u00e5 s\u00f8rge for at personopplysninger er tilfredsstillende sikret for \u00e5 unng\u00e5 krenkelser av personvernet til ansatte, barn og foreldre. Barnehagen skal gjennom planlagte og systematiske tiltak s\u00f8rge for tilfredsstillende informasjonssikkerhet med hensyn til konfidensialitet, integritet og tilgjengelighet ved behandling av personopplysninger. Personopplysninger skal ikke lagres lenger enn det som er n\u00f8dvendig.<\/p>\n<h2>Samtykke<\/h2>\n<p>Lagring av personopplysninger om barn og foresatte forutsetter at samtykkeskjema er fylt ut og signert. Dette gj\u00f8res p\u00e5 MyKid.<\/p>\n<h2>Barnemapper<\/h2>\n<p>Hver barnehage har et digitalt barnemappearkiv der all dokumentasjon om barn som g\u00e5r i barnehagen arkiveres. Daglig leder i barnehagen, eller stedfortredende, er ansvarlig for tilgangskontroll. Kun ansatte som jobber med barnet har tilgang til mappen.<\/p>\n<p>Foresatte har normalt tilgang til informasjonen i barnemappen, for eksempel startsamtale og oppf\u00f8lgingssamtaler. Dokumenter som er utarbeidet for eventuell intern saksforberedelse kan unntas fra innsyn. Barnets foresatte har som hovedregel rett til innsyn i alt som omhandler sitt barn. For \u00e5 vurdere krav om innsyn skal barnehagen motta skriftlig henvendelse som vil bli besvart skriftlig. E-posthenvendelse regnes her som skriftlig henvendelse. Eventuelle kopier av dokumenter fra barnemappen skal leveres direkte til den som har f\u00e5tt tillatelse til innsyn.<\/p>\n<p>N\u00e5r barnet slutter i barnehagen, vil opplysningene som hovedregel enten overf\u00f8res til foresatte eller bli slettet av barnehagen. Unntak fra dette kan v\u00e6re barnehagens behov for \u00e5 dokumentere saksbehandling i en konkret sak knyttet til et barn, for eksempel en barnevernssak.<\/p>\n<h2>Trygg h\u00e5ndtering av digitale enheter<\/h2>\n<p>Av personvernhensyn skal ikke digitale kommunikasjonsmidler (eks. smartklokke, mobiltelefon e.l.) medbringes barnehagen.<\/p>\n<p>Alle digitale enheter som benyttes i jobbsammenheng, som PC, nettbrett og mobiltelefon, skal v\u00e6re passordbeskyttet. PC og nettbrett skal oppbevares nedl\u00e5st etter \u00e5pningstid. Personlige enheter skal som en hovedregel ikke benyttes i jobbsammenheng. To-faktor autentisering ved p\u00e5logging m\u00e5 benyttes der enhet&nbsp;benyttes til annet enn n\u00f8dstilfelle.&nbsp;<\/p>\n<h2>Bilder av barn &#8211; retningslinjer for ansatte<\/h2>\n<p>Det kan kun tas identifiserbare bilder av barn som er godkjent for fotografering, og bildene kan kun deles etter godkjenning fra foresatte &#8211; ref. samtykkeskjema. Alle Kanvas-barnehager utarbeider egne retningslinjer for h\u00e5ndtering av bilder av barn.<\/p>\n<h2>Bilder av barn &#8211; retningslinjer for foresatte<\/h2>\n<p>Det skal ikke&nbsp;deles bilder av andres barn uten samtykke fra barnas foresatte. Det gjelder alle arrangementer tilknyttet barnehagen, inkludert det som skjer utenfor barnehagens omr\u00e5de. Dette baseres p\u00e5 personvernloven og Datatilsynets retningslinjer for personvern i barnehagen, samt deres veileder om bilder av barn. Se folderen &laquo;I beste mening&raquo; om bilder av barn her: <a href=\"https:\/\/www.datatilsynet.no\/personvern-pa-ulike-omrader\/skole-barn-unge\/bilder-av-barn-pa-nett\/\">https:\/\/www.datatilsynet.no\/personvern-pa-ulike-omrader\/skole-barn-unge\/bilder-av-barn-pa-nett\/<\/a><\/p>\n<ul>\n<li>\n<p>Hovedregelen er at du alltid skal be om samtykke fra alle som direkte eller indirekte kan gjenkjennes p\u00e5 et bilde f\u00f8r det publiseres. Hvis de som er avbildet er under 15 \u00e5r, m\u00e5 ogs\u00e5 de foresatte samtykke til publiseringen. Hvis du deler bilder uten lov, vil du i verste fall kunne havne i straffansvar. Dette gjelder enten bildet skal deles \u00e5pent p\u00e5 en nettside, p\u00e5 en lukket Facebook-side eller via epost.<\/p>\n<\/li>\n<li>\n<p>Vi m\u00e5 v\u00e6re s\u00e6rlig bevisste p\u00e5 reglene i situasjoner hvor ogs\u00e5 andres barn kommer med p\u00e5 bildene som tas, for eksempel p\u00e5 en Lucia-frokost i barnehagen. Der er det lett \u00e5 f\u00e5 med andre barn p\u00e5 bildet. Da er det viktig at vi sp\u00f8r de foresatte om lov f\u00f8r det deles. Vi vet aldri hvilke situasjoner andre mennesker er i, og mange kan ha gode grunner til \u00e5 ikke ha bilder av seg selv p\u00e5 nett. Dessuten er det et godt nok argument rett og slett \u00e5 ikke \u00f8nske en slik tilstedev\u00e6relse.<\/p>\n<\/li>\n<li>\n<p>Unntak: P\u00e5 noen bilder er det selve situasjonen, eller aktiviteten, som er hovedtema. Hvilke personer som er p\u00e5 bildet er da mindre viktig. Dette kan for eksempel gjelde avstandsbilder av et 17. maitog. Slike bilder kan deles uten tillatelse fra de avbildede s\u00e5 lenge bildene er harml\u00f8se og ikke p\u00e5 noen m\u00e5te kan f\u00f8les krenkende for de som er avbildet. Ha likevel som hovedregel alltid \u00e5 sp\u00f8rre alle p\u00e5 bildet f\u00f8r det deles for ikke \u00e5 tr\u00e5 feil. Det er dessuten en h\u00f8flig gest \u00e5 sp\u00f8rre dem det gjelder f\u00f8r bildet i det hele tatt tas, s\u00e5 langt det lar seg gj\u00f8re.<\/p>\n<\/li>\n<\/ul>\n<p>&nbsp;<\/p>\n<h3>Sykt barn<\/h3>\n<p>Kanvas f\u00f8lger&nbsp;<a href=\"https:\/\/www.fhi.no\/sm\/barnehage\/nar-ma-barnet-vare-hjemme-fra-barne\/\" target=\"_blank\" rel=\"noopener\">folkehelseinstituttets retningslinjer for syke barn<\/a>.<\/p>\n<p><strong>Allmenntilstand<\/strong>: Det er barnets allmenntilstand som avgj\u00f8r om barnet kan g\u00e5 i barnehagen eller b\u00f8r v\u00e6re hjemme.&nbsp;Det er mer krevende for et barn som ikke er i form \u00e5 v\u00e6re i barnehagen enn \u00e5 v\u00e6re hjemme. Barnehagen kontakter foreldre for henting dersom barnet f\u00e5r nedsatt allmenntilstand i l\u00f8pet av dagen. Som hovedregel b\u00f8r barnet v\u00e6re friskt nok til \u00e5 kunne delta i normale aktiviteter i barnehagen b\u00e5de inne og ute. Barnet skal ikke ha feber.<\/p>\n<p><strong>Smittevern<\/strong>: Foreldre og barnehagen m\u00e5 sammen ta ansvar for \u00e5 begrense smitte og sykdom hos barn og ansatte. Viktige tiltak er:<\/p>\n<ul type=\"disc\">\n<li>God h\u00e5ndhygiene ved levering og henting. Alle barn, ansatte og foreldre vasker hendene n\u00e5r de kommer til og g\u00e5r fra barnehagen.<\/li>\n<li>Barnehagen gjennomf\u00f8rer gode hygiene- og renholdsrutiner gjennom dagen i stellesituasjoner, m\u00e5ltider, etter utetid mm.<\/li>\n<li>Syke og smittsomme barn holdes hjemme.<\/li>\n<li>Barn med akutt&nbsp;diar\u00e9\/omgangssyke&nbsp;kommer tilbake til barnehagen 48 timer etter at de har blitt symptomfrie.<\/li>\n<li>Barnehagen informerer foreldre ved utbrudd av smittsomme sykdommer. Ved utbrudd av alvorlig smittsomme sykdommer gis informasjon i samarbeid med helsemyndigheter.<\/li>\n<\/ul>\n<p><strong>Taushetsplikt<\/strong>: Personalet har taushetsplikt, noe som inneb\u00e6rer at de ikke kan svare p\u00e5 hvem som har hvilken sykdom.<\/p>\n<h3>Medisiner<\/h3>\n<p>Barnehagen har ikke formell kompetanse i medisinh\u00e5ndtering. Av hensyn til barnas sikkerhet og for \u00e5 unng\u00e5 feilmedisinering, ber vi om at all medisinering skjer hjemme, s\u00e5 langt det lar seg gj\u00f8re. Dette gjelder ogs\u00e5 reseptfrie legemidler.<\/p>\n<p>Dette inneb\u00e6rer:<\/p>\n<ul type=\"disc\">\n<li>Ta opp med barnets lege at medisiner b\u00f8r kunne gis i hjemmet utenom barnehagetiden.<\/li>\n<li>Dersom barnet m\u00e5 ha medisiner i l\u00f8pet av dagen (for eksempel ved kronisk sykdom), skal foresatte alltid fylle ut skjemaer som blant annet bekrefter type legemiddel, riktig dose og hvem av de ansatte som kan gi medisiner. Skjemaene finnes i MyKid.<\/li>\n<li>Ansatte som skal gi medisiner m\u00e5 f\u00e5 n\u00f8dvendig oppl\u00e6ring av foreldrene. Dette gjelder ogs\u00e5 akuttmedisiner (som for eksempel EpiPen eller astmamedisin).<\/li>\n<\/ul>\n<p><b>Jodtablett ved atomulykke: <\/b><\/p>\n<p>Jodtabletter er lagret i barnehagen. Barnehagen vil gi barna jodtablett hvis <a href=\"https:\/\/eur02.safelinks.protection.outlook.com\/?url=https%3A%2F%2Fdsa.no%2Fatomberedskap%2Fatomberedskap-i-norge%23Kriseutvalget&amp;data=05%7C01%7Csynne.alsaker%40kanvas.no%7C2e276ba5385e4e2564bc08dbd071bd34%7Cb524c8d5c57340f7bb15f5b5befb0174%7C0%7C0%7C638332959180113169%7CUnknown%7CTWFpbGZsb3d8eyJWIjoiMC4wLjAwMDAiLCJQIjoiV2luMzIiLCJBTiI6Ik1haWwiLCJXVCI6Mn0%3D%7C3000%7C%7C%7C&amp;sdata=wPSP4R5XFZk%2F1Q3IC%2F2cYWtXClxcGJYGsDnWuPyiEDQ%3D&amp;reserved=0\">Kriseutvalget for atomberedskap<\/a> anbefaler at jodtabletter skal brukes. Ved en atomulykke kan det v\u00e6re viktig at barn og unge f\u00e5r jodtabletter raskt. Du som foresatt m\u00e5 gi beskjed til barnehagen v\/daglig leder, hvis du <u>ikke<\/u> \u00f8nsker at barnet skal f\u00e5 jodtablett. &nbsp;&nbsp;<\/p>\n<p><b>Hvorfor jodtablett:<\/b> Hvis det skjer en atomulykke i Norge eller i n\u00e6rheten av Norge, kan radioaktivt jod bli spredd gjennom luften i s\u00e5 store mengder at det er fare for at dette stoffet blir tatt opp i kroppen. Jodtabletter blokkerer opptaket av radioaktivt jod i skjoldbruskkjertelen. P\u00e5 denne m\u00e5ten beskytter jodtabletter mot radioaktivitet og gj\u00f8r at det er mindre risiko for at kreft i denne kjertelen. Derfor anbefaler norske myndigheter at barn og unge under 18 \u00e5r f\u00e5r en jodtablett hvis det skjer en atomulykke som utsetter dem for radioaktivt jod. Det er meget sjelden at noen f\u00e5r bivirkninger etter \u00e5 ha f\u00e5tt jodtablett \u00e9n gang. Ved tvil b\u00f8r du snakke med barnets lege.<\/p>\n<h3>Frav\u00e6r og vikarer<\/h3>\n<p>Ved behov benytter barnehagen seg av vikarer. Vi holder foresatte oppdatert om frav\u00e6r blant ansatte og om eventuell bruk av&nbsp;vikar.<\/p>\n<p>Alle vikarer m\u00e5 levere politiattest f\u00f8r oppstart, slik \u00f8vrige ansatte gj\u00f8r. <u>Nye<\/u> vikarer g\u00e5r ikke yttervakter og er heller ikke alene med barna. Vi etterstreber \u00e5 ikke bruke nye vikarer sammen med de minste barna.<\/p>\n<h3>Forsikring<\/h3>\n<p>Barn som g\u00e5r i en Kanvas-barnehage&nbsp;er forsikret i KLP Skadeforsikring. Forsikringen gjelder innenfor barnehagens omr\u00e5de, og p\u00e5 utflukter, reiser og lignende som arrangeres av barnehagen. I tillegg er barnet forsikret p\u00e5 direkte reise til\/fra barnehagen.&nbsp;<\/p>\n<p>Vi gj\u00f8r oppmerksom p\u00e5 at skadeforsikringen kun gjelder personskader knyttet til ulykker. Eiendeler er alts\u00e5 ikke dekket av denne forsikringen. Dersom man har dyre eiendeler i barnehagen, som briller, vogn el., anbefaler vi at dette inkluderes i foresattes egne forsikringer.<\/p>\n<p><a href=\"https:\/\/www.klp.no\/offentlig\/forsikring\/elevforsikringer\" target=\"_blank\" rel=\"noopener\">Les mer om forsikringen her.<\/a><\/p>\n<h3>Foreldrebetaling<\/h3>\n<p>Maksimalgrensen for foreldrebetaling for et heldags ordin\u00e6rt barnehagetilbud er 1200 kroner per m\u00e5ned fra 1.&nbsp;august 2025.<\/p>\n<p>Kanvas f\u00f8lger maksimalgrensen for foreldrebetaling.<\/p>\n<p>Foreldrebetaling:<\/p>\n<ul>\n<li>Faktureres fra PBL<\/li>\n<li>Makspris 1200,-<\/li>\n<li>Matpenger 500,-<\/li>\n<li>S\u00f8sken og inntektsreduksjon<\/li>\n<\/ul>\n<p>&nbsp;<\/p>\n<\/p><\/div>\n<div id=\"barnehagehverdagen\">\n<h2>Barnehagehverdagen<\/h2>\n<figure class=\"wp-block-image has-image-ratio-16-9 size-full\"><img decoding=\"async\" src=\"https:\/\/backstage.mykid.no\/_ajax\/download?t=eyJ0eXAiOiJKV1QiLCJhbGciOiJIUzI1NiJ9.eyJpYXQiOjE3NzY2ODc2MDMsImV4cCI6MjA5MjY4NzYwMywiZmlsZV9pZCI6InQvR04zeXFBakgyaWpCWnN6VVRtSU84WDRncDloVjFxbmJpenUxU3pRWFUxakNYVWVLQ01EZjVtdGdodFlqakEvZTdWdk5zTmRFcmRqeU1mb3NiVWJtR0kwWElkWmJ1cGJRMVVHUlUyOWUybVY4bHVPVjNhRzh3SSt6TkZVUC8rRG1FTWNWN2pPSnpMSis3UzB0d0pKZTJGZG1HNUVkYVJMRDNad0MxZG15V2cvbSsxZEd3QmRHZngyUHY5VGQzWCIsImZpbGVuYW1lIjoiNl84NTlfODZiZDliNTAwMGJiOTBlYjJmNDdmOTc2MjdmN2QyODMuanBlZyJ9.TvPBagUVVhbOlX70UEc2LQu2qO6dE7hy968aWbhicJM\" alt=\"\" \/><\/figure>\n<h3>Dagsrytmen<\/h3>\n<p><strong>Ukerytme M\u00e5nefjellet og Trylleskogen:<\/strong><\/p>\n<ul>\n<li>Medbragt frokost (frivillig) frem til 08.30<\/li>\n<li>Lek inne&nbsp;<\/li>\n<li>Lek og aktivitet frem til 10.30<\/li>\n<li>Toalett, h\u00e5ndvask<\/li>\n<li>Lunsj 11.00<\/li>\n<li>P\u00e5kledning for utelek<\/li>\n<li>Utelek<\/li>\n<li>Frukt<\/li>\n<li>Innelek\/utelek avhengig av \u00e5rstid<\/li>\n<\/ul>\n<p>Trylleskogen og M\u00e5nefjellet g\u00e5r p\u00e5 tur hver uke.&nbsp;<\/p>\n<p>F\u00f8rskolegruppa har egen Superklubb-dag, der de gj\u00f8r egne skoleforberedende aktiviteter.<\/p>\n<p><strong>Ukerytme Tussedalen og Tommliten:<\/strong><\/p>\n<ul>\n<li>Medbragt frokost (frivillig) mellom 08.00-09.00<\/li>\n<li>Lek<\/li>\n<li>Utelek mellom 09.00-10.30<\/li>\n<li>Bleieskift\/do\/ og h\u00e5ndvask<\/li>\n<li>Lunsj 11.00<\/li>\n<li>Sove\/hvilstund mellom 12.00-14.00<\/li>\n<li>Lek<\/li>\n<li>Frukt<\/li>\n<li>Inne\/utelek<\/li>\n<\/ul>\n<p><strong>SOVE og HVILE<\/strong><\/p>\n<p>I barnehagen sover barna ute i egen vogn. Foreldre har ansvar for at barna har en trygg vogn (seler som passer), vognpose til vinterbruk,&nbsp; myggnetting\/ kattenett, vind og vanntett trekk. Barna sover ute \u00e5ret rundt i all slags v\u00e6r og temperatur. Dersom foreldre \u00f8nsker at barna skal sove inne, m\u00e5 dette avtales med pedagogisk leder og begrunnes. Vi har lite eller begrenset plass til at barna skal sove inne. N\u00e5r barna blir eldre, eller for store til vognene sine, vil de f\u00e5 tilbud om \u00e5 hvile inne. Vi tror p\u00e5 at barn trenger litt hvile i l\u00f8pet av barnahagehverdagen. De trenger \u00e5 roe ned kroppen, og kjenne at de slapper av. Hvis barna hviler inne, hviler en voksen sammen med de. Vi kan lese en bok, synge, eller h\u00f8re lydbok.&nbsp;<\/p>\n<p>N\u00e5r barna begynner p\u00e5 stor avdeling, f\u00e5r de ogs\u00e5 tilbud om \u00e5 hvile. De aller yngste som fortsatt trenger \u00e5 sove, kan ha med vognen, og sove s\u00e5 lenge de har behov for dette.&nbsp;<\/p>\n<p><strong>M\u00c5LTID<\/strong><\/p>\n<p>Ett varmt m\u00e5ltid i uken.&nbsp;<\/p>\n<p>Tre br\u00f8dm\u00e5ltider i uken.<\/p>\n<p>Ett m\u00e5ltid som best\u00e5r av korn\/gryn og melk.&nbsp;<\/p>\n<p><b>BURSDAGSFEIRING og andre markeringer<\/b><\/p>\n<ul>\n<li>Barnehagen kj\u00f8per inn smoothie til alle bursdager. Foreldre f\u00e5r ikke ta med kaker eller andre s\u00f8te produkter&nbsp;til feiring.<\/li>\n<li>Til jul baker vi pepperkaker, og barna f\u00e5r Lussekatter til Luciafeiring.<\/li>\n<li>Til nissefest, karneval og p\u00e5ske f\u00e5r barna rosiner.<\/li>\n<li>Til 17.mai feiring og og sommerfest f\u00e5r bana en is.&nbsp;<\/li>\n<\/ul>\n<p>Vi er ikke en &quot;sukkerfri&quot; barnehage, men vi \u00f8nsker s\u00e5 langt som&nbsp;mulig \u00e5 redusere sukker-innhold&nbsp;og hva vi tilbyr barna. Vi vurderer&nbsp;ogs\u00e5 innholdet i maten som serveres fra Catering.&nbsp;<\/p>\n<p><strong>TURER<\/strong><\/p>\n<ul>\n<li>Avdeling M\u00e5nefjellet og Trylleskogen gr p\u00e5 tur hver uke<\/li>\n<li>F\u00f8rskolegruppa g\u00e5r ofte p\u00e5 tur<\/li>\n<\/ul>\n<h3>Bemanning<\/h3>\n<p><strong>I R\u00d8NNINGEN HAR VI DENNE BEMANNINGEN:<\/strong><\/p>\n<ul>\n<li>Barnehagen har fire avdelinger.<\/li>\n<\/ul>\n<p>Tussedalen: 10 barn (1-3\u00e5r) En pedagogisk leder og to pedagogiske medarbeidere<\/p>\n<p>Tommeliten: 10 barn (1-3 \u00e5r) En pedagogisk leder og to pedagogiske medarbeidere<\/p>\n<p>Trylleskogen: 19 barn (3-6 \u00e5r) En pedagogisk leder og to pedagogikse medarbiedere<\/p>\n<p>M\u00e5nefjellet: 19 barn (3-6 \u00e5r) En pedagogisk leder og to pedagogiske medarbeidere<\/p>\n<p>R\u00f8nningen f\u00f8lger pedagog og- bemanningsnorm og har daglig leder, seks pedagogiske ledere, to fagarbeidere og fem pedagogsike medarbeidere i sine stillinger.<\/p>\n<ul>\n<li>P\u00e5 hver avdeling er det tre hele stillinger, tilsammen 300 % p\u00e5 hver avdeling.<\/li>\n<li>En ekstra barnehagel\u00e6rer p\u00e5 jobber &quot;p\u00e5 huset&quot;, og bist\u00e5r p\u00e5 med faglig p\u00e5fyll p\u00e5 alle avdelinger. Barnehagel\u00e6reren har et ekstra ansvar for f\u00f8rskolegruppen.<\/li>\n<li>Ansatte jobber turnus- med tidlig-mellom og senvakter.<\/li>\n<\/ul>\n<p>&nbsp;<\/p>\n<\/p><\/div>\n<div id=\"foreldresamarbeid\">\n<h2>Foreldresamarbeid<\/h2>\n<figure class=\"wp-block-image has-image-ratio-16-9 size-full\"><img decoding=\"async\" src=\"https:\/\/backstage.mykid.no\/_ajax\/download?t=eyJ0eXAiOiJKV1QiLCJhbGciOiJIUzI1NiJ9.eyJpYXQiOjE3NzY2ODc2MDMsImV4cCI6MjA5MjY4NzYwMywiZmlsZV9pZCI6Iis0VWF3cW9SNWpyU0xGdFdzWGVSUTAzWTdwRzBkZ1ZqcUVVSm45MmVXbUE1SDFqQTdNWEVxUDd3YldhbktBcFBZcmpIRDJvZjc5MnlrUnFhOFJWVFVreUhBQVN1Njd4WDh2eEcrSmY1dm5BVVJHVXpib1piV2QzMm9qZVpVcmVoZEc3emVRZ3FDV2pMRTJaSnRlYjQyZjJpNTN2Y1FxMVhZZlhxSkVWS3hnND0iLCJmaWxlbmFtZSI6IjZfMF8yMjQzZjNhYTQ1NmQ0ZjQ1NDJjOTlkNTE2MWFmMzgzNi5qcGcifQ.kKJZcvja_ZJ8SCTf78Lj62vQSC1Cb3CjVQfoRbjRGaQ\" alt=\"\" \/><\/figure>\n<h3>MyKid<\/h3>\n<p>Kanvas-barnehagene benytter seg av kommunikasjonsportalen MyKid.<\/p>\n<p>&nbsp;<\/p>\n<p><strong>Tiltak for \u00e5 f\u00e5 et godt foreldresamarbeid i R\u00f8nningen:<\/strong><\/p>\n<ul>\n<li>Vi inviterer til &quot;\u00c5pen dag&quot; i forkant av hovedopptaket hvert \u00e5r.<\/li>\n<li>Vi inviterer til bes\u00f8ksdag for alle nye barn og foreldre i juni hvert \u00e5r.&nbsp;<\/li>\n<li>Vi har tett dialog og m\u00f8ter med foreldre i oppstaren av nytt barnehage\u00e5r.<\/li>\n<li>Alle foreldre f\u00e5r tilbud om oppstartsamtale inne 2-3 uker etter oppstart i barnehagen.<\/li>\n<li>Vi avholder to foreldresamtaler pr. \u00e5r, h\u00f8st og v\u00e5r. Pedagoger legger ut foreldresamtaletidspunkt i MyKid, og oppfordrer foreldre til \u00e5 skrive seg opp.<\/li>\n<li>Pedagogiske lederere tar kontakt med foreldre der vi trenger en ektra samtale. Foreldre har mulighet til l\u00e5 gj\u00f8re det samme.&nbsp;<\/li>\n<li>Vi avholder ett foreldrem\u00f8te i \u00e5ret. Dette er hver h\u00f8st, i l\u00f8pet av septeember.<\/li>\n<li>Vi inviterer til Luciafeiring, 17.mai-feiring og sommerfest hvert \u00e5r.<\/li>\n<li>Det arrangeres to foreldredugnader, en p\u00e5 h\u00f8sten og en p\u00e5 v\u00e5ren.<\/li>\n<li>Daglig leder \u00f8nsker tett dialog og &quot;\u00e5pen d\u00f8r&quot;.&nbsp;<\/li>\n<li>Foreldres tilbakemelding- ris og ros er sv\u00e6rt viktig for oss!<\/li>\n<\/ul>\n<p>&nbsp;<\/p>\n<h3>Startsamtale, foreldresamtaler og foreldrem\u00f8ter<\/h3>\n<p>Kort tid etter barnehagestart gjennomf\u00f8rer vi en startsamtale der form\u00e5let er \u00e5 bli bedre kjent med barnet og familien.<\/p>\n<p>Etter startsamtalen tilbys foresatte en foreldresamtale 2 ganger per \u00e5r. Hensikten med foreldresamtalen er \u00e5 f\u00e5 til en god dialog om barnets trivsel og utvikling hjemme og i barnehagen,&nbsp;for \u00e5 kunne&nbsp;legge til rette for en god barnehagehverdag og videre utvikling for barnet, og&nbsp;et godt og konstruktivt foreldresamarbeid.<\/p>\n<p>Kanvas-barnehagene gjennomf\u00f8rer ogs\u00e5 foreldrem\u00f8te \u00e9n eller to ganger i \u00e5ret.<\/p>\n<p>Les mer om startsamtalen,&nbsp;foreldresamtalene og foreldrem\u00f8tene her:&nbsp;<a href=\"https:\/\/www.kanvas.no\/2023\/07\/06\/startsamtale-foreldresamtaler-og-foreldremoter\/\">Startsamtale, foreldresamtaler og foreldrem\u00f8ter &#8211; Kanvas<\/a><\/p>\n<p><strong>KOMMUNIKASJON<\/strong><\/p>\n<ul>\n<li>Ett foreldrem\u00f8te hver h\u00f8st<\/li>\n<li>To foreldresamtaler i \u00e5ret<\/li>\n<li>Oppstartsamtaler med alle nye barn- slik blir vi bedre kjent med foreldre, barnet og familien.&nbsp;<\/li>\n<li>Alle innkallinger skjer via MyKid<\/li>\n<\/ul>\n<p>&nbsp;<\/p>\n<h3>Foreldrer\u00e5det og Samarbeidsutvalget (SU)<\/h3>\n<p>Foreldrer\u00e5det best\u00e5r av de foresatte til barna i barnehagen. Foreldrer\u00e5det skal fremme foreldrenes fellesinteresser&nbsp;og samarbeide med barnehagen om et&nbsp;barnehagemilj\u00f8 for barna. Foreldrer\u00e5det velger foreldrerepresentanter til samarbeidsutvalget (SU).<\/p>\n<p>Alle barnehager er p\u00e5lagt \u00e5 ha et samarbeidsutvalg. SU skal v\u00e6re et r\u00e5dgivende, kontaktskapende og samordnende organ, og best\u00e5r av foresatte og ansatte i barnehagen. Foreldrer\u00e5det og samarbeidsutvalget skal bli forelagt, og har rett til \u00e5 uttale seg i, saker som er viktige for foreldrenes forhold til barnehagen. Samarbeidsutvalget skal med utgangspunkt i rammeplanen vedta en \u00e5rsplan for den pedagogiske virksomheten. Informasjon om hvilke foreldre som er valgt som SU-representanter, samt kontaktinformasjon til disse, deles p\u00e5 MyKid.<\/p>\n<p><strong>SU (Samarbeidsutvalg)<\/strong><\/p>\n<ul>\n<li>Representanter til SU velges ved foreldrem\u00f8te hver h\u00f8st.<\/li>\n<li>Det er \u00f8nskelig med kontinuitet, derfor sitter ofte en til to representanter minst to \u00e5r av gangen.&nbsp;<\/li>\n<li>Det velegs en representant fre hver avdeling.<\/li>\n<li>Fra ansatte sitter to ansatt-representanter, to vara og daglig leder.<\/li>\n<li>Daglig leder sender inkalling.<\/li>\n<li>Dato for SU m\u00f8ter varsles i god tid- til hele foreldregruppen. Alle foreldre skal ha mulighet for \u00e5 melde inn saker til sin representant, eller direkte til daglig leder.<\/li>\n<li>Daglig leder skriver referat, som godkjenner av SU f\u00f8r det deles med hele foreldregruppen.<\/li>\n<li>Referat legge ut p\u00e5 nyhetsbrev- under SU sin fane.<\/li>\n<\/ul>\n<p><strong>SU sine ansvarsoppgaver:<\/strong><\/p>\n<ul>\n<li>Delta i dialog og samarbeid med daglig leder og ansatt respresentanter om barnehagens drift og planer.<\/li>\n<li>Godkjenne \u00e5rsplan<\/li>\n<li>Arrangere sommerfest og dugnad<\/li>\n<\/ul>\n<p>&nbsp;<\/p>\n<h3>Dugnad<\/h3>\n<p><strong>DUGNAD<\/strong><\/p>\n<ul>\n<li>V\u00e5r<\/li>\n<li>H\u00f8st<\/li>\n<\/ul>\n<p>Det er SU som arranger dugnad i barnehagen. Denne er i all hovedsak foreldredrevet, og det er utearbeid som prioriteres. Foreldre blir bedt om \u00e5 ta med hageredskaper. Barnahagen stiller med p\u00f8lser og saft n\u00e5r dugnaden n\u00e6rmer seg slutten. Duganden har brukt \u00e5 v\u00e6re et sosialt arrangement der barna er med. Dugnaden bruker \u00e5 v\u00e6re fra 16.00-18.00.<\/p>\n<p>&nbsp;<\/p>\n<p>&nbsp;<\/p>\n<h3>Foreldreunders\u00f8kelsen<\/h3>\n<p>Kanvas-barnehagene deltar \u00e5rlig i den nasjonale foreldreunders\u00f8kelsen. I foreldreunders\u00f8kelsen f\u00e5r foresatte si sin mening om barnehagetilbudet, barnas trivsel og samarbeidet mellom hjem og barnehage.&nbsp;<\/p>\n<p>Unders\u00f8kelsen gjennomf\u00f8res mellom 6. januar og 31. januar. Resultatene blir tilgjengelig i februar.&nbsp;<\/p>\n<p>Resultatene fra foreldreunders\u00f8kelsen brukes av barnehagen som en hjelp til \u00e5 vurdere og utvikle barnehagetilbudet. Vi oppfordrer alle foreldre til \u00e5 delta p\u00e5 unders\u00f8kelsen.<\/p>\n<p>&nbsp;<\/p>\n<p><strong>FORELDREUNDERS\u00d8KELSEN<\/strong><\/p>\n<ul>\n<li>R\u00f8nningen deltar i den \u00e5rlige foreldreunders\u00f8kelsen fra udir.<\/li>\n<li>Unders\u00f8kelsen gjennomf\u00f8res i januar hvert \u00e5r.<\/li>\n<li>Resultetet foreligger i februar.<\/li>\n<li>I 2024 og 2025 hadde vi en svarprosent p\u00e5 88% og 91%.&nbsp;<\/li>\n<li>Foreldres tilbakemelding er sv\u00e6rt viktig for barnehagens videre utvikling og planer.<\/li>\n<\/ul>\n<p>&nbsp;<\/p>\n<\/p><\/div>\n<div id=\"arshjul\">\n<h2>\u00c5rshjul<\/h2>\n<figure class=\"wp-block-image has-image-ratio-16-9 size-full\"><img decoding=\"async\" src=\"https:\/\/backstage.mykid.no\/_ajax\/download?t=eyJ0eXAiOiJKV1QiLCJhbGciOiJIUzI1NiJ9.eyJpYXQiOjE3NzY2ODc2MDMsImV4cCI6MjA5MjY4NzYwMywiZmlsZV9pZCI6IkFYNjJmQjF3U1AvS1B4K05pRGtKYWx3MThBOHkwRERGaEhmdFIxbldZcU04ZHBoZlE1Y3Y5WHc0bFJIc1N0L2ZlMEt2UEs4SDcrbUlsdzByemJhdm9qYzFLRkd6eTFpV1JMNFhPSXY4Y2VOT1NkekhXb3IzUFA0T3ZIS3p3ZGUwWFpCekJuNlhHUjkvSldRcnpvWnl6UWlneUI5NXlIUHBlSHBrNzF5VGZnemtnYTFrUVlJUnFFcVZmS0o0dXU0OSIsImZpbGVuYW1lIjoiNl84NTlfNTU0MmQ5ZDNjNzdmY2M4NmM5Mjc1OTViMzY3N2EyYzYuanBlZyJ9.0uiI3fMTw3D7AugqYmhBe6ZL7KqgTJSc2yIuem9qS2E\" alt=\"\" \/><\/figure>\n<div class=\"calendar-outer\">\n<div class=\"calendar-container \">\n<div class=\"calendar-wrapper\">\n<div class=\"calendar-content\">\n<div class=\"calendar-left\">\n\t\t\t\t\t\t\t1. mai 2026\n\t\t\t\t\t\t\t<\/div>\n<div class=\"calendar-right\">\n<div class=\"calendar-inner\">\n<p>1.mai<\/p>\n<\/p><\/div>\n<\/p><\/div>\n<\/p><\/div>\n<\/p><\/div>\n<\/p><\/div>\n<div class=\"calendar-container \">\n<div class=\"calendar-wrapper\">\n<div class=\"calendar-content\">\n<div class=\"calendar-left\">\n\t\t\t\t\t\t\t13. mai 2026\n\t\t\t\t\t\t\t<\/div>\n<div class=\"calendar-right\">\n<div class=\"calendar-inner\">\n<p>17.mai feiring i barnehagen<\/p>\n<\/p><\/div>\n<\/p><\/div>\n<\/p><\/div>\n<\/p><\/div>\n<\/p><\/div>\n<div class=\"calendar-container \">\n<div class=\"calendar-wrapper\">\n<div class=\"calendar-content\">\n<div class=\"calendar-left\">\n\t\t\t\t\t\t\t14. mai 2026\n\t\t\t\t\t\t\t<\/div>\n<div class=\"calendar-right\">\n<div class=\"calendar-inner\">\n<p>Kr. Himmelfart<\/p>\n<\/p><\/div>\n<\/p><\/div>\n<\/p><\/div>\n<\/p><\/div>\n<\/p><\/div>\n<div class=\"calendar-container \">\n<div class=\"calendar-wrapper\">\n<div class=\"calendar-content\">\n<div class=\"calendar-left\">\n\t\t\t\t\t\t\t15. mai 2026\n\t\t\t\t\t\t\t<\/div>\n<div class=\"calendar-right\">\n<div class=\"calendar-inner\">\n<p>Planleggingsdag 5<\/p>\n<\/p><\/div>\n<\/p><\/div>\n<\/p><\/div>\n<\/p><\/div>\n<\/p><\/div>\n<div class=\"calendar-container \">\n<div class=\"calendar-wrapper\">\n<div class=\"calendar-content\">\n<div class=\"calendar-left\">\n\t\t\t\t\t\t\t25. mai 2026\n\t\t\t\t\t\t\t<\/div>\n<div class=\"calendar-right\">\n<div class=\"calendar-inner\">\n<p>2.pinsedag<\/p>\n<\/p><\/div>\n<\/p><\/div>\n<\/p><\/div>\n<\/p><\/div>\n<\/p><\/div>\n<div class=\"calendar-container \">\n<div class=\"calendar-wrapper\">\n<div class=\"calendar-content\">\n<div class=\"calendar-left\">\n\t\t\t\t\t\t\t10. jun 2026\n\t\t\t\t\t\t\t<\/div>\n<div class=\"calendar-right\">\n<div class=\"calendar-inner\">\n<p>Sommerfest\/avslutning<\/p>\n<\/p><\/div>\n<\/p><\/div>\n<\/p><\/div>\n<\/p><\/div>\n<\/p><\/div>\n<div class=\"calendar-container \">\n<div class=\"calendar-wrapper\">\n<div class=\"calendar-content\">\n<div class=\"calendar-left\">\n\t\t\t\t\t\t\t3. jul 2026\n\t\t\t\t\t\t\t<\/div>\n<div class=\"calendar-right\">\n<div class=\"calendar-inner\">\n<p>Sommerferie<\/p>\n<\/p><\/div>\n<\/p><\/div>\n<\/p><\/div>\n<\/p><\/div>\n<\/p><\/div>\n<div class=\"calendar-container \">\n<div class=\"calendar-wrapper\">\n<div class=\"calendar-content\">\n<div class=\"calendar-left\">\n\t\t\t\t\t\t\t27. jul 2026\n\t\t\t\t\t\t\t<\/div>\n<div class=\"calendar-right\">\n<div class=\"calendar-inner\">\n<p>Velkommen til nytt barnehage\u00e5r<\/p>\n<\/p><\/div>\n<\/p><\/div>\n<\/p><\/div>\n<\/p><\/div>\n<\/p><\/div>\n<\/p><\/div>\n<\/p><\/div>\n<\/div>\n","protected":false},"excerpt":{"rendered":"<p>I informasjonsheftet finner du praktisk informasjon om barnehagen.<\/p>\n","protected":false},"author":1,"featured_media":0,"comment_status":"closed","ping_status":"closed","sticky":false,"template":"","format":"standard","meta":[],"categories":[1],"tags":[],"acf":[],"_links":{"self":[{"href":"https:\/\/www.kanvas.no\/ronningen\/wp-json\/wp\/v2\/posts\/4249"}],"collection":[{"href":"https:\/\/www.kanvas.no\/ronningen\/wp-json\/wp\/v2\/posts"}],"about":[{"href":"https:\/\/www.kanvas.no\/ronningen\/wp-json\/wp\/v2\/types\/post"}],"author":[{"embeddable":true,"href":"https:\/\/www.kanvas.no\/ronningen\/wp-json\/wp\/v2\/users\/1"}],"replies":[{"embeddable":true,"href":"https:\/\/www.kanvas.no\/ronningen\/wp-json\/wp\/v2\/comments?post=4249"}],"version-history":[{"count":0,"href":"https:\/\/www.kanvas.no\/ronningen\/wp-json\/wp\/v2\/posts\/4249\/revisions"}],"wp:attachment":[{"href":"https:\/\/www.kanvas.no\/ronningen\/wp-json\/wp\/v2\/media?parent=4249"}],"wp:term":[{"taxonomy":"category","embeddable":true,"href":"https:\/\/www.kanvas.no\/ronningen\/wp-json\/wp\/v2\/categories?post=4249"},{"taxonomy":"post_tag","embeddable":true,"href":"https:\/\/www.kanvas.no\/ronningen\/wp-json\/wp\/v2\/tags?post=4249"}],"curies":[{"name":"wp","href":"https:\/\/api.w.org\/{rel}","templated":true}]}}