{"id":16034,"date":"2026-04-20T13:20:05","date_gmt":"2026-04-20T12:20:05","guid":{"rendered":"https:\/\/www.kanvas.no\/sandslimarka\/informasjonshefte\/"},"modified":"2026-04-20T13:20:05","modified_gmt":"2026-04-20T12:20:05","slug":"informasjonshefte","status":"publish","type":"post","link":"https:\/\/www.kanvas.no\/sandslimarka\/informasjonshefte\/","title":{"rendered":"Informasjonshefte"},"content":{"rendered":"<div class=\"t2-featured-content-layout alignwide wp-block-t2-featured-content-layout dont-print\">\n<div class=\"t2-featured-query-post t2-featured-content wp-block-t2-featured-query-post t2-featured-content-layout-col-4 t2-featured-content-layout-col-2-mobile\">\n\t\t\t\t\t<a class=\"t2-post-link wp-block-t2-post-link\" href=\"#om-barnehagen\"><\/p>\n<figure class=\"t2-post-featured-image has-image-ratio-16-9 wp-block-t2-post-featured-image\"><img decoding=\"async\" src=\"https:\/\/backstage.mykid.no\/_ajax\/download?t=eyJ0eXAiOiJKV1QiLCJhbGciOiJIUzI1NiJ9.eyJpYXQiOjE3NzY2ODc2MDUsImV4cCI6MjA5MjY4NzYwNSwiZmlsZV9pZCI6IlROL1Z2SW9SR0J0bW43ZlJWV3ZrRWIxM01nZGUvekVrV2w2MXhYSUxmWWlWUTJ0Tm1DUjVMUmlDdjUwOHo3S3VCQVU3TzFpdUd3bVMxS0dLcmorQXRMMUZHeHdDZ2FHVDdkbVYvVEhmWDJEVUpNUjBGTnhSVjZZUUZCRWZISWNZMXdUdklraElYZFlyV2xDR1U3NUJKK2JOc3NRMVB3bnJrWDdURjlvMDVlST0iLCJmaWxlbmFtZSI6IjZfMF8zYzFmNTIyMWQ5ZTQxOWJlNTE3NDBmYmM5OTNlYTYyZi5qcGcifQ.2at-tFVzjU0VSxPLjp2B_Me_LJ2hsVs0L0GkJJCohSg\" alt=\"\" \/><\/figure>\n<div class=\"wp-block-group alignfull is-layout-flow\">\n<h2 class=\"t2-post-title wp-block-t2-post-title fluid-2\">Om barnehagen<\/h2>\n<div class=\"t2-post-excerpt wp-block-t2-excerpt\">\n\t\t\t\t\t\t\t\tHer finner du fakta om barnehagen, \u00e5pningstider og kontaktinformasjon.\n\t\t\t\t\t\t\t<\/div>\n<\/p><\/div>\n<p>\t\t\t\t\t<\/a>\n\t\t\t\t<\/div>\n<div class=\"t2-featured-query-post t2-featured-content wp-block-t2-featured-query-post t2-featured-content-layout-col-4 t2-featured-content-layout-col-2-mobile\">\n\t\t\t\t\t<a class=\"t2-post-link wp-block-t2-post-link\" href=\"#ny-i-barnehagen\"><\/p>\n<figure class=\"t2-post-featured-image has-image-ratio-16-9 wp-block-t2-post-featured-image\"><img decoding=\"async\" src=\"https:\/\/backstage.mykid.no\/_ajax\/download?t=eyJ0eXAiOiJKV1QiLCJhbGciOiJIUzI1NiJ9.eyJpYXQiOjE3NzY2ODc2MDUsImV4cCI6MjA5MjY4NzYwNSwiZmlsZV9pZCI6Ik1ZWXNUTXRYdDgycXFuVjUyejlwaCtSM0Rrb2g5VUMwWTdZdXVPSzZBOHoxR29vTW1HTGhnVEVEVXVHUU9FWGxaMUtLTE1rSkExVlkwOC95djNwTGNmMG5xSVI4UkFkY1RJejdPYkl0dVk0OVRXVWx2TEp5Z2wwSWYyVld3Q3ZhWEtCYzJJZGxBVk5yb3hpMGg2UENSd2VEZDQ4SlB2d3FyQ2xwaU5hby94Yz0iLCJmaWxlbmFtZSI6IjZfMF9mNjQ0NDQ4NTk2ZGRlYzJjZWZhNmM4YTI1MTRlMzRmOC5qcGcifQ.aNnCOvk7jt4SVEVxC8TeC17QIwYyW_wKp_HvntMZUiI\" alt=\"\" \/><\/figure>\n<div class=\"wp-block-group alignfull is-layout-flow\">\n<h2 class=\"t2-post-title wp-block-t2-post-title fluid-2\">Ny i barnehagen<\/h2>\n<div class=\"t2-post-excerpt wp-block-t2-excerpt\">\n\t\t\t\t\t\t\t\tHer finner du info om tilvenning, startsamtalen og hva du b\u00f8r vite f\u00f8r oppstart.\n\t\t\t\t\t\t\t<\/div>\n<\/p><\/div>\n<p>\t\t\t\t\t<\/a>\n\t\t\t\t<\/div>\n<div class=\"t2-featured-query-post t2-featured-content wp-block-t2-featured-query-post t2-featured-content-layout-col-4 t2-featured-content-layout-col-2-mobile\">\n\t\t\t\t\t<a class=\"t2-post-link wp-block-t2-post-link\" href=\"#praktisk-info\"><\/p>\n<figure class=\"t2-post-featured-image has-image-ratio-16-9 wp-block-t2-post-featured-image\"><img decoding=\"async\" src=\"https:\/\/backstage.mykid.no\/_ajax\/download?t=eyJ0eXAiOiJKV1QiLCJhbGciOiJIUzI1NiJ9.eyJpYXQiOjE3NzY2ODc2MDUsImV4cCI6MjA5MjY4NzYwNSwiZmlsZV9pZCI6IjJnalg4T3ZSZVBoRTR6TC9qdnJTSThxSFg3dGxLZWhyVXRrbTU4cFVUbmswakM0M3FQNXVqYjEwS2NOQm1NRVBETW53b051OEdJeVJ3QWcwK0JCenF5aDVrdHNyZzdScTdYK1FUZmlBbW1uQXNnVDUvZ25KTnZVNnAzVklzZTNrWU5PMm5oeXc1SHhqa1R0Z2xMSWpBM0lKTUVvTVNYUHBwVU9EWnpTZHdIRT0iLCJmaWxlbmFtZSI6IjZfMF82M2YxMGIwMDkxYmEyYmFmM2Y5NWU3NzA4ZjNlNzljZS5qcGcifQ.8meMN_fC6yiGFbhxccX1-QmJlvEdNGKh0TGx7d5_hmI\" alt=\"\" \/><\/figure>\n<div class=\"wp-block-group alignfull is-layout-flow\">\n<h2 class=\"t2-post-title wp-block-t2-post-title fluid-2\">Praktisk info<\/h2>\n<div class=\"t2-post-excerpt wp-block-t2-excerpt\">\n\t\t\t\t\t\t\t\tHer finner du informasjon om bl.a. kl\u00e6r og utstyr, mat, soving, sykt barn, ferie og forsikring.\n\t\t\t\t\t\t\t<\/div>\n<\/p><\/div>\n<p>\t\t\t\t\t<\/a>\n\t\t\t\t<\/div>\n<div class=\"t2-featured-query-post t2-featured-content wp-block-t2-featured-query-post t2-featured-content-layout-col-4 t2-featured-content-layout-col-2-mobile\">\n\t\t\t\t\t<a class=\"t2-post-link wp-block-t2-post-link\" href=\"#barnehagehverdagen\"><\/p>\n<figure class=\"t2-post-featured-image has-image-ratio-16-9 wp-block-t2-post-featured-image\"><img decoding=\"async\" src=\"https:\/\/backstage.mykid.no\/_ajax\/download?t=eyJ0eXAiOiJKV1QiLCJhbGciOiJIUzI1NiJ9.eyJpYXQiOjE3NzY2ODc2MDUsImV4cCI6MjA5MjY4NzYwNSwiZmlsZV9pZCI6IlpRWGhPQ2phNzJMTmtQYkNMYkhLSFNWbVpzWnROZnlkZXRPR0tFRHY0VlpuN0l2NFFVTkFWR3ExNEpSanAyMk9wbExISFV5WXQ0L1Q1UjRMajVvVVE3aUo5cnp5MVVGZ3BWSUg2YituYnV0NTE1Qm9GT2RBMzVCM1o4L1JQQ2NUc3hCVXhXdEtEZHlvK01DNG96VWx4NEd0bDdCZ29Ublg0Sm1xVG9VVnBJMD0iLCJmaWxlbmFtZSI6IjZfMF8yMGViYTdlZTk0NDkxMDUyY2M2Njc5MzQ5ZjFhNDk4YS5qcGcifQ.R_UBL0BqmqIRll9cKRfhuoDXp3Sr_o-yVDOE2nd938Q\" alt=\"\" \/><\/figure>\n<div class=\"wp-block-group alignfull is-layout-flow\">\n<h2 class=\"t2-post-title wp-block-t2-post-title fluid-2\">Barnehagehverdagen<\/h2>\n<div class=\"t2-post-excerpt wp-block-t2-excerpt\">\n\t\t\t\t\t\t\t\tHer finner du informasjon om bl.a. dagsrytme, aktiviteter og bemanning.\n\t\t\t\t\t\t\t<\/div>\n<\/p><\/div>\n<p>\t\t\t\t\t<\/a>\n\t\t\t\t<\/div>\n<div class=\"t2-featured-query-post t2-featured-content wp-block-t2-featured-query-post t2-featured-content-layout-col-4 t2-featured-content-layout-col-2-mobile\">\n\t\t\t\t\t<a class=\"t2-post-link wp-block-t2-post-link\" href=\"#foreldresamarbeid\"><\/p>\n<figure class=\"t2-post-featured-image has-image-ratio-16-9 wp-block-t2-post-featured-image\"><img decoding=\"async\" src=\"https:\/\/backstage.mykid.no\/_ajax\/download?t=eyJ0eXAiOiJKV1QiLCJhbGciOiJIUzI1NiJ9.eyJpYXQiOjE3NzY2ODc2MDUsImV4cCI6MjA5MjY4NzYwNSwiZmlsZV9pZCI6IkNHWlFsYitEM29YaHhSaXFsdVc4aFlTWjFuVGJUMkNNVE1Zd2FLZjloT0RQc3JzUmpWaHRYeTdxRSs3VC9FUGg3cERRSkVDMVRJaUhZNG83TUxJMkwxNUVsVW85SVNDbDYzU1RJRzVwVTY2VEVGcHlUSVpXRlFyMVNESjYxdTRCVFl1c0pRUXVXL1VVRklnNi93NWVwWEk4dlhqUnZPL28xemw5S2RJQmo1OD0iLCJmaWxlbmFtZSI6IjZfMF8yMjQzZjNhYTQ1NmQ0ZjQ1NDJjOTlkNTE2MWFmMzgzNi5qcGcifQ.UYjtertmD9GOrprvC6OJgsxxxXEHPIUXSnFMpuqxv5M\" alt=\"\" \/><\/figure>\n<div class=\"wp-block-group alignfull is-layout-flow\">\n<h2 class=\"t2-post-title wp-block-t2-post-title fluid-2\">Foreldresamarbeid<\/h2>\n<div class=\"t2-post-excerpt wp-block-t2-excerpt\">\n\t\t\t\t\t\t\t\tHer finner du informasjon om bl.a. MyKid, foreldresamtaler og -m\u00f8ter, SU, foreldrebetaling og foreldreunders\u00f8kelsen.\n\t\t\t\t\t\t\t<\/div>\n<\/p><\/div>\n<p>\t\t\t\t\t<\/a>\n\t\t\t\t<\/div>\n<div class=\"t2-featured-query-post t2-featured-content wp-block-t2-featured-query-post t2-featured-content-layout-col-4 t2-featured-content-layout-col-2-mobile\">\n\t\t\t\t\t<a class=\"t2-post-link wp-block-t2-post-link\" href=\"#arshjul\"><\/p>\n<figure class=\"t2-post-featured-image has-image-ratio-16-9 wp-block-t2-post-featured-image\"><img decoding=\"async\" src=\"https:\/\/backstage.mykid.no\/_ajax\/download?t=eyJ0eXAiOiJKV1QiLCJhbGciOiJIUzI1NiJ9.eyJpYXQiOjE3NzY2ODc2MDUsImV4cCI6MjA5MjY4NzYwNSwiZmlsZV9pZCI6InpkZDNxYnVtQ1RGalRIL2sxN2hXV0orN29VYUloNXFncFJhWWdhVUZNeWp1WUxqT0U4bitpL2puRjFUbnFHSXhJdnV6UHdoNkNYWHJ3VWd0UEQ0Y3A4Vk9rSFlGYnpHZHZSekdQdlpUWndMRkRMSDdSL082RkxxOGNsbjFXLzNHUVVLdFNmSlBUcEVkNWcwUXB1eVlsWFpwTXpLNFJyWmt1d1ZUV2ovNUJLWT0iLCJmaWxlbmFtZSI6IjZfMF85NjFmN2FiZTk0ZmJhZmYzYWI2MDIwNWVlOGVkMWQwYi5qcGcifQ.cfcKBvGnqhAASAUk6PnflHavJGUTOFhCWFt5ovFT0HA\" alt=\"\" \/><\/figure>\n<div class=\"wp-block-group alignfull is-layout-flow\">\n<h2 class=\"t2-post-title wp-block-t2-post-title fluid-2\">\u00c5rshjul<\/h2>\n<div class=\"t2-post-excerpt wp-block-t2-excerpt\">\n\t\t\t\t\t\t\t\tHer finner du oversikt over merkedager, planleggingsdager, ferielukket mm.\n\t\t\t\t\t\t\t<\/div>\n<\/p><\/div>\n<p>\t\t\t\t\t<\/a>\n\t\t\t\t<\/div>\n<\/div>\n<div class=\"text-content\">\n<div id=\"om-barnehagen\">\n<h2>Om barnehagen<\/h2>\n<figure class=\"wp-block-image has-image-ratio-16-9 size-full\"><img decoding=\"async\" src=\"https:\/\/backstage.mykid.no\/_ajax\/download?t=eyJ0eXAiOiJKV1QiLCJhbGciOiJIUzI1NiJ9.eyJpYXQiOjE3NzY2ODc2MDUsImV4cCI6MjA5MjY4NzYwNSwiZmlsZV9pZCI6IlROL1Z2SW9SR0J0bW43ZlJWV3ZrRWIxM01nZGUvekVrV2w2MXhYSUxmWWlWUTJ0Tm1DUjVMUmlDdjUwOHo3S3VCQVU3TzFpdUd3bVMxS0dLcmorQXRMMUZHeHdDZ2FHVDdkbVYvVEhmWDJEVUpNUjBGTnhSVjZZUUZCRWZISWNZMXdUdklraElYZFlyV2xDR1U3NUJKK2JOc3NRMVB3bnJrWDdURjlvMDVlST0iLCJmaWxlbmFtZSI6IjZfMF8zYzFmNTIyMWQ5ZTQxOWJlNTE3NDBmYmM5OTNlYTYyZi5qcGcifQ.2at-tFVzjU0VSxPLjp2B_Me_LJ2hsVs0L0GkJJCohSg\" alt=\"\" \/><\/figure>\n<p>Sandslimarka Kanvas-barnehage er organisert i 4 Storgrupper. Hver&nbsp;Storgruppe har sitt lekeareal fordelt for barn over og under 3 \u00e5r. Gode og n\u00e6re relasjoner vektlegges. Barnet (og eventuelt s\u00f8sken) tilh\u00f8rer samme Storgruppe gjennom hele barnehagetiden, og&nbsp;hvert barn har en prim\u00e6rkontakt. Personalet i Sandslimarka er engasjert og kompetent, og mangfoldig sammensatt i forhold til erfaring, alder og kj\u00f8nn. Vi har lav turnover og h\u00f8y brukertilfredshet.<\/p>\n<p>Barnehagen er bygd for fleksibilitet, med&nbsp;lyse, trivelige&nbsp;lokaler og gode lydforhold.&nbsp;I tillegg til Storgruppenes lekerom er bygget organisert med spennende fellesarealer; blant annet stort allrom, torg med barnekj\u00f8kken, atelier, mediatek og forskerrom. Barnehagen har tilsatt kokk, det serveres varmlunsj 4 dager i uken og en dag sm\u00f8relunsj&nbsp;&#8211; et sunt og variert kosthold vektlegges. Uteomr\u00e5det har&nbsp;spennende og flotte lekearealer.<\/p>\n<p>Satsingsomr\u00e5der er NATUR og KULTUR, med hovedvekt p\u00e5 friluftsliv og kunstfaglig prosjektarbeid.<\/p>\n<p>Barnehagen ligger i flotte naturomr\u00e5der, og har flere leirsteder i n\u00e6romr\u00e5det som benyttes hele \u00e5ret!&nbsp;Vi har&nbsp;gangavstand til Skranevatnet skole, som vi samarbeider med i forbindelse med skolestart.<\/p>\n<p>Opptak\/Prioritet; Ansatte i Equinor har prioritet til plass. Ved ledig kapasitet utover dette, tildeles det plass etter prioritert rekkef\u00f8lge (se barnehagens vedtekter)<\/p>\n<p>Barnehagens \u00e5pningstid er&nbsp;07:00 &#8211; 16:30. I forbindelse med jul- og p\u00e5ske og skolens sommerferieuker (frem til nytt barnehage\u00e5r), er \u00e5pningstiden: 07:30-16:30<\/p>\n<p>Kontaktinformasjon for mer informasjon: e-post: Sandslimarka@kanvas.no, tlf: 93085666<\/p>\n<\/p><\/div>\n<div id=\"ny-i-barnehagen\">\n<h2>Ny i barnehagen<\/h2>\n<figure class=\"wp-block-image has-image-ratio-16-9 size-full\"><img decoding=\"async\" src=\"https:\/\/backstage.mykid.no\/_ajax\/download?t=eyJ0eXAiOiJKV1QiLCJhbGciOiJIUzI1NiJ9.eyJpYXQiOjE3NzY2ODc2MDUsImV4cCI6MjA5MjY4NzYwNSwiZmlsZV9pZCI6Ik1ZWXNUTXRYdDgycXFuVjUyejlwaCtSM0Rrb2g5VUMwWTdZdXVPSzZBOHoxR29vTW1HTGhnVEVEVXVHUU9FWGxaMUtLTE1rSkExVlkwOC95djNwTGNmMG5xSVI4UkFkY1RJejdPYkl0dVk0OVRXVWx2TEp5Z2wwSWYyVld3Q3ZhWEtCYzJJZGxBVk5yb3hpMGg2UENSd2VEZDQ4SlB2d3FyQ2xwaU5hby94Yz0iLCJmaWxlbmFtZSI6IjZfMF9mNjQ0NDQ4NTk2ZGRlYzJjZWZhNmM4YTI1MTRlMzRmOC5qcGcifQ.aNnCOvk7jt4SVEVxC8TeC17QIwYyW_wKp_HvntMZUiI\" alt=\"\" \/><\/figure>\n<h3>F\u00f8r oppstart<\/h3>\n<p>F\u00f8r barnet begynner i barnehagen&nbsp;mottar de foresatte en sms med beskjed om \u00e5 registrere barnet og foresatte i kommunikasjonsplattformen MyKid. I MyKid skal dere fylle ut kontaktinformasjon og andre opplysninger som er viktig for barnets opphold i barnehagen, blant annet et samtykkeskjema og en egenerkl\u00e6ring om barnets helse.<\/p>\n<p>Foreldre som ikke bor sammen skal fylle ut hvert sitt skjema.<\/p>\n<p>Opplysninger om barnets helse er taushetsbelagt og det vil v\u00e6re begrenset&nbsp;tilgang til informasjonen i barnehagen.<\/p>\n<p>&nbsp;<\/p>\n<h3>Tilvenning<\/h3>\n<p>Les mer om tilvenning her:&nbsp;<a href=\"https:\/\/www.kanvas.no\/2023\/07\/26\/tilvenning-i-barnehagen\/\">Tilvenning i barnehagen &#8211; Kanvas<\/a><\/p>\n<p>V\u00e5r barnehage er delt inn i 4 storgrupper. Hvert barn som begynner skal f\u00f8rst og fremst bli kjent p\u00e5 Storgruppen sin, f\u00f8r hele huset og det store mangfold introduseres. Hver guppe har b\u00e5de sm\u00e5barn og storebarn tilh\u00f8rende Storgruppen.&nbsp;De har 3 oppholdsrom;&nbsp; et rom for de minste barna (opp mot 3&nbsp;\u00e5r)&nbsp;med sitt faste personale, et rom for de st\u00f8rste barna (3-6 \u00e5r) med sitt faste personale og et &quot;mellomrom&quot; de kan byttes p\u00e5 \u00e5 bruke.&nbsp; Barnet (og event. s\u00f8sken) tilh\u00f8rer samme Storgruppen hele barnehagetiden. Barn og foreldre&nbsp;f\u00e5r dermed en s\u00e6rlig god oversikt og tilh\u00f8righet p\u00e5 &quot;sin lille del av huset&quot;.<\/p>\n<p><strong>Litt om selve tilvenningstiden:<\/strong><\/p>\n<p>Hvert barn har en prim\u00e6rkontakt som har et s\u00e6rlig ansvar for oppstartstiden. Deretter har prim\u00e6rkontakt oppf\u00f8lging av enkeltbarnet gjennom \u00e5ret. En av ped.lederne&nbsp;p\u00e5 teamet, har overordnet ansvar for barnet i gruppen.<\/p>\n<p>Barn reagerer ulikt p\u00e5 barnehagestart, derfor avtaler vi individuelt hvor lang tilvenningstid som trengs. En m\u00e5 regne minimum&nbsp;3-5 dager hvor barnet har f\u00f8lge av foreldre, eller andre som barnet er trygg p\u00e5.&nbsp;N\u00e5r barnet er klar for \u00e5&nbsp;si &quot;ha det&quot;, kan foreldrene benytte andre oppholdsrom i barnehagen for \u00e5 v\u00e6re i n\u00e6rheten. Videre avtaler om oppholdstid, tidspunkt m.m avtales med prim\u00e6rkontakt\/ped.leder. I starten er det mye nytt \u00e5 forholde seg til for barnet, beregn derfor korte dager den f\u00f8rste uken, som gradvis forlenges den p\u00e5f\u00f8lgende.<\/p>\n<p>I l\u00f8pet av de f\u00f8rste dagene gjennomf\u00f8res en startsamtale, som er en innledende foreldresamtale hvor personalet f\u00e5r informajon om barnet og foreldrene om barnehage og barnegruppen. Samtalen holdes med pedagogisk leder.<\/p>\n<h3>Startsamtalen<\/h3>\n<p>Om startsamtalen i Kanvas:&nbsp;<a href=\"https:\/\/www.kanvas.no\/2023\/07\/06\/startsamtale-foreldresamtaler-og-foreldremoter\/\">Startsamtale, foreldresamtaler og foreldrem\u00f8ter &#8211; Kanvas<\/a><\/p>\n<\/p><\/div>\n<div id=\"praktisk-info\">\n<h2>Praktisk info<\/h2>\n<figure class=\"wp-block-image has-image-ratio-16-9 size-full\"><img decoding=\"async\" src=\"https:\/\/backstage.mykid.no\/_ajax\/download?t=eyJ0eXAiOiJKV1QiLCJhbGciOiJIUzI1NiJ9.eyJpYXQiOjE3NzY2ODc2MDUsImV4cCI6MjA5MjY4NzYwNSwiZmlsZV9pZCI6IjJnalg4T3ZSZVBoRTR6TC9qdnJTSThxSFg3dGxLZWhyVXRrbTU4cFVUbmswakM0M3FQNXVqYjEwS2NOQm1NRVBETW53b051OEdJeVJ3QWcwK0JCenF5aDVrdHNyZzdScTdYK1FUZmlBbW1uQXNnVDUvZ25KTnZVNnAzVklzZTNrWU5PMm5oeXc1SHhqa1R0Z2xMSWpBM0lKTUVvTVNYUHBwVU9EWnpTZHdIRT0iLCJmaWxlbmFtZSI6IjZfMF82M2YxMGIwMDkxYmEyYmFmM2Y5NWU3NzA4ZjNlNzljZS5qcGcifQ.8meMN_fC6yiGFbhxccX1-QmJlvEdNGKh0TGx7d5_hmI\" alt=\"\" \/><\/figure>\n<h3>Kl\u00e6r og utstyr<\/h3>\n<p style=\"margin:0cm 0cm 8pt\"><span style=\"font-size:11pt\"><span style=\"line-height:107%\"><span style=\"font-family:Aptos, sans-serif\"><b>Tips om kl\u00e6r i barnehagen<\/b><\/span><\/span><\/span><\/p>\n<p style=\"margin:0cm 0cm 8pt\"><span style=\"font-size:11pt\"><span style=\"line-height:107%\"><span style=\"font-family:Aptos, sans-serif\">N\u00e5r man begynner i barnehage er det mange som lurer p\u00e5 hva barnet trenger av kl\u00e6r og utstyr. Dette er ikke en liste over hva barnet M\u00c5 ha, men tips til hva som kan v\u00e6re greit \u00e5 ha i barnehagen. Det er viktig at barnet har kl\u00e6r og fott\u00f8y slik at det kan delta i all aktivitet, b\u00e5de ute og inne. <b>Husk \u00e5 merke alt av kl\u00e6r og fott\u00f8y med barnets navn!<\/b><\/span><\/span><\/span><\/p>\n<p style=\"margin:0cm 0cm 8pt\"><span style=\"font-size:11pt\"><span style=\"line-height:107%\"><span style=\"font-family:Aptos, sans-serif\"><b>Hele \u00e5ret:<\/b><\/span><\/span><\/span><\/p>\n<p style=\"margin:0cm 0cm 8pt\"><span style=\"font-size:11pt\"><span style=\"line-height:107%\"><span style=\"font-family:Aptos, sans-serif\">&bull; Innesko, sandaler eller t\u00f8fler. Mange blir veldig varme p\u00e5 beina, s\u00e5 sandaler er ofte \u00e5 foretrekke. <\/span><\/span><\/span><\/p>\n<p style=\"margin:0cm 0cm 8pt\"><span style=\"font-size:11pt\"><span style=\"line-height:107%\"><span style=\"font-family:Aptos, sans-serif\">&bull; Skiftet\u00f8y skal ligge i barnehagen til enhver tid. Husk \u00e5 sjekke at&nbsp;alt er der med jevne mellomrom. Etterfyll n\u00e5r dere f\u00e5r med t\u00f8y hjem. <\/span><\/span><\/span><\/p>\n<p style=\"margin:0cm 0cm 8pt\"><span style=\"font-size:11pt\"><span style=\"line-height:107%\"><span style=\"font-family:Aptos, sans-serif\"><b>V\u00e5r\/h\u00f8st:<\/b><\/span><\/span><\/span><\/p>\n<p style=\"margin:0cm 0cm 8pt\"><span style=\"font-size:11pt\"><span style=\"line-height:107%\"><span style=\"font-family:Aptos, sans-serif\">&bull; Parkdress\/vindjakke og vindbukse <\/span><\/span><\/span><\/p>\n<p style=\"margin:0cm 0cm 8pt\"><span style=\"font-size:11pt\"><span style=\"line-height:107%\"><span style=\"font-family:Aptos, sans-serif\">&bull; Cherrox og gummist\u00f8vler<\/span><\/span><\/span><\/p>\n<p style=\"margin:0cm 0cm 8pt\"><span style=\"font-size:11pt\"><span style=\"line-height:107%\"><span style=\"font-family:Aptos, sans-serif\">&bull; Romslig regnt\u00f8y med strikker<\/span><\/span><\/span><\/p>\n<p style=\"margin:0cm 0cm 8pt\"><span style=\"font-size:11pt\"><span style=\"line-height:107%\"><span style=\"font-family:Aptos, sans-serif\">&bull; Gummivotter (ikke for store!)<\/span><\/span><\/span><\/p>\n<p style=\"margin:0cm 0cm 8pt\"><span style=\"font-size:11pt\"><span style=\"line-height:107%\"><span style=\"font-family:Aptos, sans-serif\">&bull; 2 par ullsokker<\/span><\/span><\/span><\/p>\n<p style=\"margin:0cm 0cm 8pt\"><span style=\"font-size:11pt\"><span style=\"line-height:107%\"><span style=\"font-family:Aptos, sans-serif\">&bull; 2 par tynne votter<\/span><\/span><\/span><\/p>\n<p style=\"margin:0cm 0cm 8pt\"><span style=\"font-size:11pt\"><span style=\"line-height:107%\"><span style=\"font-family:Aptos, sans-serif\">&bull; Lue\/panneb\u00e5nd\/\u00f8revarmere<\/span><\/span><\/span><\/p>\n<p style=\"margin:0cm 0cm 8pt\"><span style=\"font-size:11pt\"><span style=\"line-height:107%\"><span style=\"font-family:Aptos, sans-serif\">&bull; Tykk genser\/bukse<\/span><\/span><\/span><\/p>\n<p style=\"margin:0cm 0cm 8pt\"><span style=\"font-size:11pt\"><span style=\"line-height:107%\"><span style=\"font-family:Aptos, sans-serif\">&bull; &nbsp;Undert\u00f8y ( truser, longs, tr\u00f8ye,body)<\/span><\/span><\/span><\/p>\n<p style=\"margin:0cm 0cm 8pt\"><span style=\"font-size:11pt\"><span style=\"line-height:107%\"><span style=\"font-family:Aptos, sans-serif\"><b>Vinter:<\/b><\/span><\/span><\/span><\/p>\n<p style=\"margin:0cm 0cm 8pt\"><span style=\"font-size:11pt\"><span style=\"line-height:107%\"><span style=\"font-family:Aptos, sans-serif\">&bull; Ull- eller fleecebukse<\/span><\/span><\/span><\/p>\n<p style=\"margin:0cm 0cm 8pt\"><span style=\"font-size:11pt\"><span style=\"line-height:107%\"><span style=\"font-family:Aptos, sans-serif\">&bull; Ull- eller fleecegenser<\/span><\/span><\/span><\/p>\n<p style=\"margin:0cm 0cm 8pt\"><span style=\"font-size:11pt\"><span style=\"line-height:107%\"><span style=\"font-family:Aptos, sans-serif\">&bull; Tykke votter (ikke for store!)<\/span><\/span><\/span><\/p>\n<p style=\"margin:0cm 0cm 8pt\"><span style=\"font-size:11pt\"><span style=\"line-height:107%\"><span style=\"font-family:Aptos, sans-serif\">&bull; 2 par ullsokker<\/span><\/span><\/span><\/p>\n<p style=\"margin:0cm 0cm 8pt\"><span style=\"font-size:11pt\"><span style=\"line-height:107%\"><span style=\"font-family:Aptos, sans-serif\">&bull; Romslig vinterdress med strikk<br \/>\n(husk at buksebein skal over st\u00f8vlene)<\/span><\/span><\/span><\/p>\n<p style=\"margin:0cm 0cm 8pt\"><span style=\"font-size:11pt\"><span style=\"line-height:107%\"><span style=\"font-family:Aptos, sans-serif\">&bull; Tykk lue<\/span><\/span><\/span><\/p>\n<p style=\"margin:0cm 0cm 8pt\"><span style=\"font-size:11pt\"><span style=\"line-height:107%\"><span style=\"font-family:Aptos, sans-serif\">&bull; Hals\/halselue<\/span><\/span><\/span><\/p>\n<p style=\"margin:0cm 0cm 8pt\">&nbsp;<\/p>\n<p style=\"margin:0cm 0cm 8pt\"><span style=\"font-size:11pt\"><span style=\"line-height:107%\"><span style=\"font-family:Aptos, sans-serif\"><b>Tilbeh\u00f8r til sovende barn:<\/b><\/span><\/span><\/span><\/p>\n<p style=\"margin:0cm 0cm 8pt\"><span style=\"font-size:11pt\"><span style=\"line-height:107%\"><span style=\"font-family:Aptos, sans-serif\">&bull; Vogn, pose (etter avtale med personalet)<\/span><\/span><\/span><\/p>\n<p style=\"margin:0cm 0cm 8pt\"><span style=\"font-size:11pt\"><span style=\"line-height:107%\"><span style=\"font-family:Aptos, sans-serif\">&bull; Seler i vognen<\/span><\/span><\/span><\/p>\n<p style=\"margin:0cm 0cm 8pt\"><span style=\"font-size:11pt\"><span style=\"line-height:107%\"><span style=\"font-family:Aptos, sans-serif\">&bull; Koseklut, smokk eller bamse<\/span><\/span><\/span><\/p>\n<p style=\"margin:0cm 0cm 8pt\">&nbsp;<\/p>\n<p style=\"margin:0cm 0cm 8pt\"><span style=\"font-size:11pt\"><span style=\"line-height:107%\"><span style=\"font-family:Aptos, sans-serif\">&nbsp;<span style=\"font-family:\">\ud83d\ude0a&nbsp;<\/span>Dette er kun tips &#8211; Sp\u00f8r hvis dere lurer p\u00e5 noe&nbsp;<\/span><\/span><\/span><\/p>\n<h3>Bringe og hente<\/h3>\n<p><strong>Barnehagens \u00e5pningestid er 07:00-16:30<\/strong><\/p>\n<p>Den f\u00f8rste halvtimen (07:00-07:30) leveres barna inne p\u00e5 fellesarealet\/Torget til de 2 som har 7:vakt. (en fra Nordfl\u00f8yen og en fra S\u00f8rfl\u00f8yen). Dersom&nbsp;foreldre&nbsp;\u00f8nsker \u00e5 treffe personell fra <em>sin<\/em> Storgruppe, og utveksle&nbsp;mer detaljer hjemme\/barnets&nbsp;storgruppe,&nbsp;tilpasser dere levering fra etter kl 07:30<\/p>\n<p><strong>Frokost kl 08:30<\/strong><\/p>\n<p>Frokosten starter 08:30 ute p\u00e5 gruppene, der &quot;sm\u00e5siden&quot; har sin frokost med faste bemanning og &quot;storesiden&quot; sin frokost med faste bemanning. Personell som har seinvakt (som jobber til 15:45-16:30), kommer ikke f\u00f8r etter frokosten, og det betyr at frokosten foreg\u00e5r utenom &quot;kjernetiden&quot; p\u00e5 dagen. Derfor kan det v\u00e6re lurt \u00e5 ha f\u00e5tt levert barnet noen minutter f\u00f8r 08:30, slik at frokosten blir en god m\u00e5ltidsstund for barna\/personellet.<\/p>\n<p><strong>Skal barnet ditt ha fri? Eller er syk? eller kommer seinere\/hentes tidligere?<\/strong><\/p>\n<p>Vi setter pris p\u00e5 \u00e5 f\u00e5 informasjon om dette s\u00e5 tidlig som mulig!&nbsp;Registrer det inne p\u00e5 MyKid, eller som en MyKid-melding. Dette gj\u00f8r, at vi kan tilpasse dagen som best for barnegruppen, og for ditt barn dersom det kommer seinere p\u00e5 dagen eller skal g\u00e5 f\u00f8r.&nbsp;<\/p>\n<p>VIKTIG: Innenfor &quot;Kjernetiden&quot; (ca 09:30-14:30) foreg\u00e5r de planlagte aktivitetene &#8211; s\u00e5 v\u00e6r obs p\u00e5 \u00e5 ha gitt oss melding dersom barnet kommer til annen tid, eller skal g\u00e5 f\u00f8r enn vanlig. Dette kan vi i samarbeid med dere, forberede barnet p\u00e5.<\/p>\n<p>&nbsp;<\/p>\n<h3>Mat og m\u00e5ltider<\/h3>\n<p>I Kanvas f\u00f8lger vi Helsedirektoratets retningslinjer for mat og m\u00e5ltider i barnehagen.<\/p>\n<p>Les mer om mat og m\u00e5ltider i Kanvas-barnehagene her:&nbsp;<a href=\"https:\/\/www.kanvas.no\/nytt-og-nyttig\/sunn-mat-i-barnehagen\/\">Sunn mat i barnehagen &#8211; Kanvas<\/a><\/p>\n<p>&nbsp;<\/p>\n<p style=\"margin:0cm 0cm 8pt\"><span style=\"font-size:11pt\"><span style=\"line-height:107%\"><span style=\"font-family:Aptos, sans-serif\">I Sandslimarka Kanvas-barnehage har vi tilsatt kokk, og det serveres varmmat fire dager og sm\u00f8relunsj en dag&nbsp;i uken.&nbsp;Lunsjen hos oss kaller vi middag, og vi sitter gjerne lenge til bords og utveksler sm\u00e5tt og stort. M\u00e5let er \u00e5 finne roen rundt bordet og f\u00e5 til den gode samtalen, samtidig som vi nyter maten sammen. Et sunt og variert kosthold vektlegges.&nbsp;Meny finnes til enhver tid p\u00e5 m\u00e5nedsplanen (MyKid)<\/span><\/span><\/span><\/p>\n<p style=\"margin:0cm 0cm 8pt\"><span style=\"font-size:11pt\"><span style=\"line-height:107%\"><span style=\"font-family:Aptos, sans-serif\"><span><span style=\"float:none\"><span>Vegg i vegg med storkj\u00f8kkenet ligger Barnekj\u00f8kkenet. Her er gode fasiliteter for barn og personell til \u00e5 delta med matlaging &ndash; jobbe med r\u00e5varer, planlegge oppskrifter, og samarbeide med kokken. De fire storgruppene veksler p\u00e5 \u00e5 bruke Barnekj\u00f8kkenet hver sin uke etter fast oppsatt plan, og da kan mat-tema og menyer planlegges for i god tid.<\/span><\/span><\/span><\/span><\/span><\/span><\/p>\n<p style=\"margin:0cm 0cm 8pt\"><span style=\"font-size:11pt\"><span style=\"line-height:107%\"><span style=\"font-family:Aptos, sans-serif\">Vi f\u00f8lger de nasjonale retningslinjene for mat og m\u00e5ltider i barnehagen &ndash; og har Mat&amp;Helse som tema innunder ansvarsomr\u00e5de &quot;Psykososialt barnehagemilj\u00f8&quot;. Mat&amp;Helse innbefatter bl a vektlegging av gode m\u00e5ltider, matkulturer, matsamarbeid\/tilrettelegging mellom Storkj\u00f8kken\/Barnekj\u00f8kken, kosthold og hygiene.<\/span><\/span><\/span><\/p>\n<p style=\"margin:0cm 0cm 8pt\"><span style=\"font-size:11pt\"><span style=\"line-height:107%\"><span style=\"font-family:Aptos, sans-serif\"><span><span style=\"float:none\"><span>En sunn og god matpakke hjemmefra, til frokost kl 08.30,-&nbsp;&nbsp;&laquo;Knaskem\u00e5ltid&raquo; m\/frukt og gr\u00f8nt&nbsp;kl.11.00, &ndash; Middag kl.12.30 og Frukt\/gr\u00f8nt kl.15.00.&nbsp; Alt dette, skal gi god n\u00e6ring til aktivitetene sm\u00e5 og store barn er opptatt med gjennom barnehagedagen!<\/span><\/span><\/span><\/span><\/span><\/span><\/p>\n<p style=\"margin:0cm 0cm 8pt\"><span style=\"font-size:11pt\"><span style=\"line-height:107%\"><span style=\"font-family:Aptos, sans-serif\"><span><span style=\"float:none\"><span>M\u00e5ltidene i barnehagen &ndash; er mye mer enn bare&nbsp;\u00e5 &rdquo;mette seg&rdquo;. V\u00e5re m\u00e5l for M\u00e5ltidene: Barn skal f\u00e5 gode fellesskapsopplevelser rundt mat og m\u00e5ltider. Barnet skal f\u00e5 lyst \u00e5 smake og de skal l\u00e6re \u00e5 kjenne&nbsp;n\u00e5r de blir mett, p\u00e5 en god m\u00e5te. Barna skal oppleve matglede &ndash; med variasjon og mangfold i mattilbudet.<\/span><\/span><\/span><\/span><\/span><\/span><\/p>\n<p style=\"margin:0cm 0cm 8pt\">&nbsp;<\/p>\n<h3>Bursdagsfeiring<\/h3>\n<p style=\"margin:0cm 0cm 8pt\"><strong><span style=\"font-size:11pt\"><span style=\"line-height:107%\"><span style=\"font-family:Aptos, sans-serif\"><span><span style=\"float:none\"><span>Bursdagsfeiringer i barnehagen<\/span><\/span><\/span><\/span><\/span><\/span><\/strong><\/p>\n<p style=\"margin:0cm 0cm 8pt\"><font face=\"Aptos, sans-serif\"><span style=\"font-size:14.6667px\">Vi&nbsp;markerer bursdagsfeiringer&nbsp;til barna i barnehagen. Dette gj\u00f8res med bursdagskrone, sang\/tradisjoner (tilpasset barnets alder) og smakfulle&nbsp;fruktfat!<\/span><\/font><\/p>\n<h3>Feriestengt og -avvikling<\/h3>\n<p>Kanvas-barnehagene&nbsp;holder stengt jul- og nytt\u00e5rsaften, onsdag f\u00f8r skj\u00e6rtorsdag og 5 planleggingsdager i l\u00f8pet av barnehage\u00e5ret. Barna skal i tillegg ha fire ukers ferie i l\u00f8pet av barnehage\u00e5ret. Barn som skal slutte i barnehagen m\u00e5 avvikle ferien f\u00f8r 1. august.<\/p>\n<p><strong>Kortere \u00e5pningstid i ferier<\/strong><\/p>\n<p>I forbindelse med jul\/nytt\u00e5r og p\u00e5ske, samt sommerferieukene fra uke 26 &#8211; 31 er \u00e5pningstiden redusert til 07:30-16:30<\/p>\n<p><strong>Barnehagen er sommerstengt 2 uker, i 2026&nbsp;i uke 28&nbsp;og 29&nbsp;<\/strong><\/p>\n<p><strong>I ferietid med redusert antall barn\/bemanning<\/strong>, sl\u00e5es gruppene&nbsp;sammen: Til et&nbsp;Storgruppe-samarbeid, p\u00e5 dager med noe reduksjon. Og, ved st\u00f8rre ferieuttak\/reduksjon, samarbeider gruppene fl\u00f8yvis &#8211;&nbsp;eller&nbsp;sammen som <em>en<\/em> gruppe.&nbsp;<\/p>\n<p><strong>F\u00f8r jul, p\u00e5ske og&nbsp;sommer blir&nbsp;dere&nbsp;forespurt om n\u00e5r barnet skal ta ut fri\/feriedager.<\/strong><\/p>\n<p>Foresp\u00f8rselen er med svarfrist, slik at vi i god tid ogs\u00e5 f\u00e5r tilpasset uttak ferie\/avspasering for personalet. Uttak av&nbsp;fridager\/feriedager m\u00e5 tas ut ihht barnehagens vedtekter.&nbsp;Dere kan selvsagt legge inn s\u00e5 mange dager dere \u00f8nsker, utover&nbsp;det vedtektene krever&nbsp;&#8211; dette gj\u00f8r dere p\u00e5 My Kid.<\/p>\n<p>&nbsp;<\/p>\n<p>&nbsp;<\/p>\n<h3>Samtykker<\/h3>\n<p>Foreldre fyller ut et samtykkeskjema&nbsp;i MyKid&nbsp;f\u00f8r barnet starter i barnehagen. I dette skjemaet fyller dere ut om dere f.eks. tillater at det tas bilder av barnet, og om dere tillater at barnet kan bli med p\u00e5 tur med offentlig transport.<\/p>\n<p>Foreldre kan gj\u00f8re endringer i samtykkeskjemaet&nbsp;gjennom \u00e5ret.<\/p>\n<p>&nbsp;<\/p>\n<h3>Personvern<\/h3>\n<p>Alle barnehager har en lovp\u00e5lagt plikt til \u00e5 s\u00f8rge for at personopplysninger er tilfredsstillende sikret for \u00e5 unng\u00e5 krenkelser av personvernet til ansatte, barn og foreldre. Barnehagen skal gjennom planlagte og systematiske tiltak s\u00f8rge for tilfredsstillende informasjonssikkerhet med hensyn til konfidensialitet, integritet og tilgjengelighet ved behandling av personopplysninger. Personopplysninger skal ikke lagres lenger enn det som er n\u00f8dvendig.<\/p>\n<h2>Samtykke<\/h2>\n<p>Lagring av personopplysninger om barn og foresatte forutsetter at samtykkeskjema er fylt ut og signert. Dette gj\u00f8res p\u00e5 MyKid.<\/p>\n<h2>Barnemapper<\/h2>\n<p>Hver barnehage har et digitalt barnemappearkiv der all dokumentasjon om barn som g\u00e5r i barnehagen arkiveres. Daglig leder i barnehagen, eller stedfortredende, er ansvarlig for tilgangskontroll. Kun ansatte som jobber med barnet har tilgang til mappen.<\/p>\n<p>Foresatte har normalt tilgang til informasjonen i barnemappen, for eksempel startsamtale og oppf\u00f8lgingssamtaler. Dokumenter som er utarbeidet for eventuell intern saksforberedelse kan unntas fra innsyn. Barnets foresatte har som hovedregel rett til innsyn i alt som omhandler sitt barn. For \u00e5 vurdere krav om innsyn skal barnehagen motta skriftlig henvendelse som vil bli besvart skriftlig. E-posthenvendelse regnes her som skriftlig henvendelse. Eventuelle kopier av dokumenter fra barnemappen skal leveres direkte til den som har f\u00e5tt tillatelse til innsyn.<\/p>\n<p>N\u00e5r barnet slutter i barnehagen, vil opplysningene som hovedregel enten overf\u00f8res til foresatte eller bli slettet av barnehagen. Unntak fra dette kan v\u00e6re barnehagens behov for \u00e5 dokumentere saksbehandling i en konkret sak knyttet til et barn, for eksempel en barnevernssak.<\/p>\n<h2>Trygg h\u00e5ndtering av digitale enheter<\/h2>\n<p>Av personvernhensyn skal ikke digitale kommunikasjonsmidler (eks. smartklokke, mobiltelefon e.l.) medbringes barnehagen.<\/p>\n<p>Alle digitale enheter som benyttes i jobbsammenheng, som PC, nettbrett og mobiltelefon, skal v\u00e6re passordbeskyttet. PC og nettbrett skal oppbevares nedl\u00e5st etter \u00e5pningstid. Personlige enheter skal som en hovedregel ikke benyttes i jobbsammenheng. To-faktor autentisering ved p\u00e5logging m\u00e5 benyttes der enhet&nbsp;benyttes til annet enn n\u00f8dstilfelle.&nbsp;<\/p>\n<h2>Bilder av barn &#8211; retningslinjer for ansatte<\/h2>\n<p>Det kan kun tas identifiserbare bilder av barn som er godkjent for fotografering, og bildene kan kun deles etter godkjenning fra foresatte &#8211; ref. samtykkeskjema. Alle Kanvas-barnehager utarbeider egne retningslinjer for h\u00e5ndtering av bilder av barn.<\/p>\n<h2>Bilder av barn &#8211; retningslinjer for foresatte<\/h2>\n<p>Det skal ikke&nbsp;deles bilder av andres barn uten samtykke fra barnas foresatte. Det gjelder alle arrangementer tilknyttet barnehagen, inkludert det som skjer utenfor barnehagens omr\u00e5de. Dette baseres p\u00e5 personvernloven og Datatilsynets retningslinjer for personvern i barnehagen, samt deres veileder om bilder av barn. Se folderen &laquo;I beste mening&raquo; om bilder av barn her: <a href=\"https:\/\/www.datatilsynet.no\/personvern-pa-ulike-omrader\/skole-barn-unge\/bilder-av-barn-pa-nett\/\">https:\/\/www.datatilsynet.no\/personvern-pa-ulike-omrader\/skole-barn-unge\/bilder-av-barn-pa-nett\/<\/a><\/p>\n<ul>\n<li>\n<p>Hovedregelen er at du alltid skal be om samtykke fra alle som direkte eller indirekte kan gjenkjennes p\u00e5 et bilde f\u00f8r det publiseres. Hvis de som er avbildet er under 15 \u00e5r, m\u00e5 ogs\u00e5 de foresatte samtykke til publiseringen. Hvis du deler bilder uten lov, vil du i verste fall kunne havne i straffansvar. Dette gjelder enten bildet skal deles \u00e5pent p\u00e5 en nettside, p\u00e5 en lukket Facebook-side eller via epost.<\/p>\n<\/li>\n<li>\n<p>Vi m\u00e5 v\u00e6re s\u00e6rlig bevisste p\u00e5 reglene i situasjoner hvor ogs\u00e5 andres barn kommer med p\u00e5 bildene som tas, for eksempel p\u00e5 en Lucia-frokost i barnehagen. Der er det lett \u00e5 f\u00e5 med andre barn p\u00e5 bildet. Da er det viktig at vi sp\u00f8r de foresatte om lov f\u00f8r det deles. Vi vet aldri hvilke situasjoner andre mennesker er i, og mange kan ha gode grunner til \u00e5 ikke ha bilder av seg selv p\u00e5 nett. Dessuten er det et godt nok argument rett og slett \u00e5 ikke \u00f8nske en slik tilstedev\u00e6relse.<\/p>\n<\/li>\n<li>\n<p>Unntak: P\u00e5 noen bilder er det selve situasjonen, eller aktiviteten, som er hovedtema. Hvilke personer som er p\u00e5 bildet er da mindre viktig. Dette kan for eksempel gjelde avstandsbilder av et 17. maitog. Slike bilder kan deles uten tillatelse fra de avbildede s\u00e5 lenge bildene er harml\u00f8se og ikke p\u00e5 noen m\u00e5te kan f\u00f8les krenkende for de som er avbildet. Ha likevel som hovedregel alltid \u00e5 sp\u00f8rre alle p\u00e5 bildet f\u00f8r det deles for ikke \u00e5 tr\u00e5 feil. Det er dessuten en h\u00f8flig gest \u00e5 sp\u00f8rre dem det gjelder f\u00f8r bildet i det hele tatt tas, s\u00e5 langt det lar seg gj\u00f8re.<\/p>\n<\/li>\n<\/ul>\n<p>&nbsp;<\/p>\n<h3>Sykt barn<\/h3>\n<p>Kanvas f\u00f8lger&nbsp;<a href=\"https:\/\/www.fhi.no\/sm\/barnehage\/nar-ma-barnet-vare-hjemme-fra-barne\/\" target=\"_blank\" rel=\"noopener\">folkehelseinstituttets retningslinjer for syke barn<\/a>.<\/p>\n<p><strong>Allmenntilstand<\/strong>: Det er barnets allmenntilstand som avgj\u00f8r om barnet kan g\u00e5 i barnehagen eller b\u00f8r v\u00e6re hjemme.&nbsp;Det er mer krevende for et barn som ikke er i form \u00e5 v\u00e6re i barnehagen enn \u00e5 v\u00e6re hjemme. Barnehagen kontakter foreldre for henting dersom barnet f\u00e5r nedsatt allmenntilstand i l\u00f8pet av dagen. Som hovedregel b\u00f8r barnet v\u00e6re friskt nok til \u00e5 kunne delta i normale aktiviteter i barnehagen b\u00e5de inne og ute. Barnet skal ikke ha feber.<\/p>\n<p><strong>Smittevern<\/strong>: Foreldre og barnehagen m\u00e5 sammen ta ansvar for \u00e5 begrense smitte og sykdom hos barn og ansatte. Viktige tiltak er:<\/p>\n<ul type=\"disc\">\n<li>God h\u00e5ndhygiene ved levering og henting. Alle barn, ansatte og foreldre vasker hendene n\u00e5r de kommer til og g\u00e5r fra barnehagen.<\/li>\n<li>Barnehagen gjennomf\u00f8rer gode hygiene- og renholdsrutiner gjennom dagen i stellesituasjoner, m\u00e5ltider, etter utetid mm.<\/li>\n<li>Syke og smittsomme barn holdes hjemme.<\/li>\n<li>Barn med akutt&nbsp;diar\u00e9\/omgangssyke&nbsp;kommer tilbake til barnehagen 48 timer etter at de har blitt symptomfrie.<\/li>\n<li>Barnehagen informerer foreldre ved utbrudd av smittsomme sykdommer. Ved utbrudd av alvorlig smittsomme sykdommer gis informasjon i samarbeid med helsemyndigheter.<\/li>\n<\/ul>\n<p><strong>Taushetsplikt<\/strong>: Personalet har taushetsplikt, noe som inneb\u00e6rer at de ikke kan svare p\u00e5 hvem som har hvilken sykdom.<\/p>\n<p>Det samme gjelder for omgangssyke<\/p>\n<p>&nbsp;<\/p>\n<h3>Medisiner<\/h3>\n<p>Barnehagen har ikke formell kompetanse i medisinh\u00e5ndtering. Av hensyn til barnas sikkerhet og for \u00e5 unng\u00e5 feilmedisinering, ber vi om at all medisinering skjer hjemme, s\u00e5 langt det lar seg gj\u00f8re. Dette gjelder ogs\u00e5 reseptfrie legemidler.<\/p>\n<p>Dette inneb\u00e6rer:<\/p>\n<ul type=\"disc\">\n<li>Ta opp med barnets lege at medisiner b\u00f8r kunne gis i hjemmet utenom barnehagetiden.<\/li>\n<li>Dersom barnet m\u00e5 ha medisiner i l\u00f8pet av dagen (for eksempel ved kronisk sykdom), skal foresatte alltid fylle ut skjemaer som blant annet bekrefter type legemiddel, riktig dose og hvem av de ansatte som kan gi medisiner. Skjemaene finnes i MyKid.<\/li>\n<li>Ansatte som skal gi medisiner m\u00e5 f\u00e5 n\u00f8dvendig oppl\u00e6ring av foreldrene. Dette gjelder ogs\u00e5 akuttmedisiner (som for eksempel EpiPen eller astmamedisin).<\/li>\n<\/ul>\n<p><b>Jodtablett ved atomulykke: <\/b><\/p>\n<p>Jodtabletter er lagret i barnehagen. Barnehagen vil gi barna jodtablett hvis <a href=\"https:\/\/eur02.safelinks.protection.outlook.com\/?url=https%3A%2F%2Fdsa.no%2Fatomberedskap%2Fatomberedskap-i-norge%23Kriseutvalget&amp;data=05%7C01%7Csynne.alsaker%40kanvas.no%7C2e276ba5385e4e2564bc08dbd071bd34%7Cb524c8d5c57340f7bb15f5b5befb0174%7C0%7C0%7C638332959180113169%7CUnknown%7CTWFpbGZsb3d8eyJWIjoiMC4wLjAwMDAiLCJQIjoiV2luMzIiLCJBTiI6Ik1haWwiLCJXVCI6Mn0%3D%7C3000%7C%7C%7C&amp;sdata=wPSP4R5XFZk%2F1Q3IC%2F2cYWtXClxcGJYGsDnWuPyiEDQ%3D&amp;reserved=0\">Kriseutvalget for atomberedskap<\/a> anbefaler at jodtabletter skal brukes. Ved en atomulykke kan det v\u00e6re viktig at barn og unge f\u00e5r jodtabletter raskt. Du som foresatt m\u00e5 gi beskjed til barnehagen v\/daglig leder, hvis du <u>ikke<\/u> \u00f8nsker at barnet skal f\u00e5 jodtablett. &nbsp;&nbsp;<\/p>\n<p><b>Hvorfor jodtablett:<\/b> Hvis det skjer en atomulykke i Norge eller i n\u00e6rheten av Norge, kan radioaktivt jod bli spredd gjennom luften i s\u00e5 store mengder at det er fare for at dette stoffet blir tatt opp i kroppen. Jodtabletter blokkerer opptaket av radioaktivt jod i skjoldbruskkjertelen. P\u00e5 denne m\u00e5ten beskytter jodtabletter mot radioaktivitet og gj\u00f8r at det er mindre risiko for at kreft i denne kjertelen. Derfor anbefaler norske myndigheter at barn og unge under 18 \u00e5r f\u00e5r en jodtablett hvis det skjer en atomulykke som utsetter dem for radioaktivt jod. Det er meget sjelden at noen f\u00e5r bivirkninger etter \u00e5 ha f\u00e5tt jodtablett \u00e9n gang. Ved tvil b\u00f8r du snakke med barnets lege.<\/p>\n<h3>Frav\u00e6r og vikarer<\/h3>\n<p>Ved behov benytter barnehagen seg av vikarer. Vi holder foresatte oppdatert om frav\u00e6r blant ansatte og om eventuell bruk av&nbsp;vikar.<\/p>\n<p>Alle vikarer m\u00e5 levere politiattest f\u00f8r oppstart, slik \u00f8vrige ansatte gj\u00f8r. <u>Nye<\/u> vikarer g\u00e5r ikke yttervakter og er heller ikke alene med barna. Vi etterstreber \u00e5 ikke bruke nye vikarer sammen med de minste barna.<\/p>\n<h3>Forsikring<\/h3>\n<p>Barn som g\u00e5r i en Kanvas-barnehage&nbsp;er forsikret i KLP Skadeforsikring. Forsikringen gjelder innenfor barnehagens omr\u00e5de, og p\u00e5 utflukter, reiser og lignende som arrangeres av barnehagen. I tillegg er barnet forsikret p\u00e5 direkte reise til\/fra barnehagen.&nbsp;<\/p>\n<p>Vi gj\u00f8r oppmerksom p\u00e5 at skadeforsikringen kun gjelder personskader knyttet til ulykker. Eiendeler er alts\u00e5 ikke dekket av denne forsikringen. Dersom man har dyre eiendeler i barnehagen, som briller, vogn el., anbefaler vi at dette inkluderes i foresattes egne forsikringer.<\/p>\n<p><a href=\"https:\/\/www.klp.no\/offentlig\/forsikring\/elevforsikringer\" target=\"_blank\" rel=\"noopener\">Les mer om forsikringen her.<\/a><\/p>\n<h3>Foreldrebetaling<\/h3>\n<p>Maksimalgrensen for foreldrebetaling for et heldags ordin\u00e6rt barnehagetilbud er 1200 kroner per m\u00e5ned fra 1.&nbsp;august 2025.<\/p>\n<p>Kanvas f\u00f8lger maksimalgrensen for foreldrebetaling.<\/p>\n<\/p><\/div>\n<div id=\"barnehagehverdagen\">\n<h2>Barnehagehverdagen<\/h2>\n<figure class=\"wp-block-image has-image-ratio-16-9 size-full\"><img decoding=\"async\" src=\"https:\/\/backstage.mykid.no\/_ajax\/download?t=eyJ0eXAiOiJKV1QiLCJhbGciOiJIUzI1NiJ9.eyJpYXQiOjE3NzY2ODc2MDUsImV4cCI6MjA5MjY4NzYwNSwiZmlsZV9pZCI6IlpRWGhPQ2phNzJMTmtQYkNMYkhLSFNWbVpzWnROZnlkZXRPR0tFRHY0VlpuN0l2NFFVTkFWR3ExNEpSanAyMk9wbExISFV5WXQ0L1Q1UjRMajVvVVE3aUo5cnp5MVVGZ3BWSUg2YituYnV0NTE1Qm9GT2RBMzVCM1o4L1JQQ2NUc3hCVXhXdEtEZHlvK01DNG96VWx4NEd0bDdCZ29Ublg0Sm1xVG9VVnBJMD0iLCJmaWxlbmFtZSI6IjZfMF8yMGViYTdlZTk0NDkxMDUyY2M2Njc5MzQ5ZjFhNDk4YS5qcGcifQ.R_UBL0BqmqIRll9cKRfhuoDXp3Sr_o-yVDOE2nd938Q\" alt=\"\" \/><\/figure>\n<\/p><\/div>\n<div id=\"foreldresamarbeid\">\n<h2>Foreldresamarbeid<\/h2>\n<figure class=\"wp-block-image has-image-ratio-16-9 size-full\"><img decoding=\"async\" src=\"https:\/\/backstage.mykid.no\/_ajax\/download?t=eyJ0eXAiOiJKV1QiLCJhbGciOiJIUzI1NiJ9.eyJpYXQiOjE3NzY2ODc2MDUsImV4cCI6MjA5MjY4NzYwNSwiZmlsZV9pZCI6IkNHWlFsYitEM29YaHhSaXFsdVc4aFlTWjFuVGJUMkNNVE1Zd2FLZjloT0RQc3JzUmpWaHRYeTdxRSs3VC9FUGg3cERRSkVDMVRJaUhZNG83TUxJMkwxNUVsVW85SVNDbDYzU1RJRzVwVTY2VEVGcHlUSVpXRlFyMVNESjYxdTRCVFl1c0pRUXVXL1VVRklnNi93NWVwWEk4dlhqUnZPL28xemw5S2RJQmo1OD0iLCJmaWxlbmFtZSI6IjZfMF8yMjQzZjNhYTQ1NmQ0ZjQ1NDJjOTlkNTE2MWFmMzgzNi5qcGcifQ.UYjtertmD9GOrprvC6OJgsxxxXEHPIUXSnFMpuqxv5M\" alt=\"\" \/><\/figure>\n<h3>MyKid<\/h3>\n<p>Kanvas-barnehagene benytter seg av kommunikasjonsportalen MyKid.<\/p>\n<p>&nbsp;<\/p>\n<p>Tilgang til MyKid gis ved barnehagestart. Under din profil fyller du ut kontaktinformasjon. Det er viktig at denne informasjonen til enhver tid er oppdatert, slik at vi kan n\u00e5 dere pr. mobil og mail. Ditt barns frav\u00e6r og ferie registreres ogs\u00e5 via MyKid.<\/p>\n<p>P\u00e5 &quot;oppslagstavlen&quot; legger vi ut nyhetsbrev med relevant informasjon til foreldrene, m\u00e5nedsplaner, kalender med oversikt over aktiviteter m.m.&nbsp;Dere finner ogs\u00e5 bilder fra ulike aktiviteter, turer og arrangement, som kan lastes ned. MyKid portalen er i tr\u00e5d med Datatilsynets retningslinjer.<\/p>\n<h3>Startsamtale, foreldresamtaler og foreldrem\u00f8ter<\/h3>\n<p>Kort tid etter barnehagestart gjennomf\u00f8rer vi en startsamtale der form\u00e5let er \u00e5 bli bedre kjent med barnet og familien.<\/p>\n<p>Etter startsamtalen tilbys foresatte en foreldresamtale 2 ganger per \u00e5r. Hensikten med foreldresamtalen er \u00e5 f\u00e5 til en god dialog om barnets trivsel og utvikling hjemme og i barnehagen,&nbsp;for \u00e5 kunne&nbsp;legge til rette for en god barnehagehverdag og videre utvikling for barnet, og&nbsp;et godt og konstruktivt foreldresamarbeid.<\/p>\n<p>Kanvas-barnehagene gjennomf\u00f8rer ogs\u00e5 foreldrem\u00f8te \u00e9n eller to ganger i \u00e5ret.<\/p>\n<p>Les mer om startsamtalen,&nbsp;foreldresamtalene og foreldrem\u00f8tene her:&nbsp;<a href=\"https:\/\/www.kanvas.no\/2023\/07\/06\/startsamtale-foreldresamtaler-og-foreldremoter\/\">Startsamtale, foreldresamtaler og foreldrem\u00f8ter &#8211; Kanvas<\/a><\/p>\n<h3>Foreldrer\u00e5det og Samarbeidsutvalget (SU)<\/h3>\n<p>Foreldrer\u00e5det best\u00e5r av de foresatte til barna i barnehagen. Foreldrer\u00e5det skal fremme foreldrenes fellesinteresser&nbsp;og samarbeide med barnehagen om et&nbsp;barnehagemilj\u00f8 for barna. Foreldrer\u00e5det velger foreldrerepresentanter til samarbeidsutvalget (SU).<\/p>\n<p>Alle barnehager er p\u00e5lagt \u00e5 ha et samarbeidsutvalg. SU skal v\u00e6re et r\u00e5dgivende, kontaktskapende og samordnende organ, og best\u00e5r av foresatte og ansatte i barnehagen. Foreldrer\u00e5det og samarbeidsutvalget skal bli forelagt, og har rett til \u00e5 uttale seg i, saker som er viktige for foreldrenes forhold til barnehagen. Samarbeidsutvalget skal med utgangspunkt i rammeplanen vedta en \u00e5rsplan for den pedagogiske virksomheten. Informasjon om hvilke foreldre som er valgt som SU-representanter, samt kontaktinformasjon til disse, deles p\u00e5 MyKid.<\/p>\n<p>I Sandslimarka har foreldrer\u00e5det besluttet at barnehagen skal ha et FAU hvor medlemmene velges i foreldrer\u00e5det<\/p>\n<h3>Foreldreunders\u00f8kelsen<\/h3>\n<p>Kanvas-barnehagene deltar \u00e5rlig i den nasjonale foreldreunders\u00f8kelsen. I foreldreunders\u00f8kelsen f\u00e5r foresatte si sin mening om barnehagetilbudet, barnas trivsel og samarbeidet mellom hjem og barnehage.&nbsp;<\/p>\n<p>Unders\u00f8kelsen gjennomf\u00f8res mellom 6. januar og 31. januar. Resultatene blir tilgjengelig i februar.&nbsp;<\/p>\n<p>Resultatene fra foreldreunders\u00f8kelsen brukes av barnehagen som en hjelp til \u00e5 vurdere og utvikle barnehagetilbudet. Vi oppfordrer alle foreldre til \u00e5 delta p\u00e5 unders\u00f8kelsen.<\/p>\n<p>&nbsp;<\/p>\n<\/p><\/div>\n<div id=\"arshjul\">\n<h2>\u00c5rshjul<\/h2>\n<figure class=\"wp-block-image has-image-ratio-16-9 size-full\"><img decoding=\"async\" src=\"https:\/\/backstage.mykid.no\/_ajax\/download?t=eyJ0eXAiOiJKV1QiLCJhbGciOiJIUzI1NiJ9.eyJpYXQiOjE3NzY2ODc2MDUsImV4cCI6MjA5MjY4NzYwNSwiZmlsZV9pZCI6InpkZDNxYnVtQ1RGalRIL2sxN2hXV0orN29VYUloNXFncFJhWWdhVUZNeWp1WUxqT0U4bitpL2puRjFUbnFHSXhJdnV6UHdoNkNYWHJ3VWd0UEQ0Y3A4Vk9rSFlGYnpHZHZSekdQdlpUWndMRkRMSDdSL082RkxxOGNsbjFXLzNHUVVLdFNmSlBUcEVkNWcwUXB1eVlsWFpwTXpLNFJyWmt1d1ZUV2ovNUJLWT0iLCJmaWxlbmFtZSI6IjZfMF85NjFmN2FiZTk0ZmJhZmYzYWI2MDIwNWVlOGVkMWQwYi5qcGcifQ.cfcKBvGnqhAASAUk6PnflHavJGUTOFhCWFt5ovFT0HA\" alt=\"\" \/><\/figure>\n<div class=\"calendar-outer\">\n<div class=\"calendar-container \">\n<div class=\"calendar-wrapper\">\n<div class=\"calendar-content\">\n<div class=\"calendar-left\">\n\t\t\t\t\t\t\t8. apr 2026 &#8211; 17. jun 2026\n\t\t\t\t\t\t\t<\/div>\n<div class=\"calendar-right\">\n<div class=\"calendar-inner\">\n<p>5. temaperioden: Ut i v\u00e5ren &#8211; der fargene leker. Vi hopper i Regnbuens magiske streker! Fokus p\u00e5: Likeverd, Inkludering og Mangfold, -Milj\u00f8, Gjenbruk og Ombruk<\/p>\n<\/p><\/div>\n<\/p><\/div>\n<\/p><\/div>\n<\/p><\/div>\n<\/p><\/div>\n<div class=\"calendar-container \">\n<div class=\"calendar-wrapper\">\n<div class=\"calendar-content\">\n<div class=\"calendar-left\">\n\t\t\t\t\t\t\t20-24. apr 2026\n\t\t\t\t\t\t\t<\/div>\n<div class=\"calendar-right\">\n<div class=\"calendar-inner\">\n<p>Litteratur-uke i barnehagen. Fokus p\u00e5 barneb\u00f8ker og leselyst!<\/p>\n<\/p><\/div>\n<\/p><\/div>\n<\/p><\/div>\n<\/p><\/div>\n<\/p><\/div>\n<div class=\"calendar-container \">\n<div class=\"calendar-wrapper\">\n<div class=\"calendar-content\">\n<div class=\"calendar-left\">\n\t\t\t\t\t\t\t7-13. mai 2026\n\t\t\t\t\t\t\t<\/div>\n<div class=\"calendar-right\">\n<div class=\"calendar-inner\">\n<p>Tradisjon: F\u00f8r 17.mai dager!<\/p>\n<\/p><\/div>\n<\/p><\/div>\n<\/p><\/div>\n<\/p><\/div>\n<\/p><\/div>\n<div class=\"calendar-container \">\n<div class=\"calendar-wrapper\">\n<div class=\"calendar-content\">\n<div class=\"calendar-left\">\n\t\t\t\t\t\t\t15. mai 2026\n\t\t\t\t\t\t\t<\/div>\n<div class=\"calendar-right\">\n<div class=\"calendar-inner\">\n<p>Planleggingsdag. Barnehagen er stengt<\/p>\n<\/p><\/div>\n<\/p><\/div>\n<\/p><\/div>\n<\/p><\/div>\n<\/p><\/div>\n<div class=\"calendar-container \">\n<div class=\"calendar-wrapper\">\n<div class=\"calendar-content\">\n<div class=\"calendar-left\">\n\t\t\t\t\t\t\t4-11. jun 2026\n\t\t\t\t\t\t\t<\/div>\n<div class=\"calendar-right\">\n<div class=\"calendar-inner\">\n<p>Tradisjon: Vi forbereder \u00e5rets sommerfest og bruker bl.a. regnbueflagget \u2013 som et samlende symbol p\u00e5 v\u00e5rt arbeid for Likeverd, Inkludering og Mangfold.<\/p>\n<\/p><\/div>\n<\/p><\/div>\n<\/p><\/div>\n<\/p><\/div>\n<\/p><\/div>\n<div class=\"calendar-container \">\n<div class=\"calendar-wrapper\">\n<div class=\"calendar-content\">\n<div class=\"calendar-left\">\n\t\t\t\t\t\t\t11. jun 2026\n\t\t\t\t\t\t\t<\/div>\n<div class=\"calendar-right\">\n<div class=\"calendar-inner\">\n<p>Tradisjon: Sommerfest (foreldre arr.)<\/p>\n<\/p><\/div>\n<\/p><\/div>\n<\/p><\/div>\n<\/p><\/div>\n<\/p><\/div>\n<div class=\"calendar-container \">\n<div class=\"calendar-wrapper\">\n<div class=\"calendar-content\">\n<div class=\"calendar-left\">\n\t\t\t\t\t\t\t22. jun 2026 &#8211; 31. jul 2026\n\t\t\t\t\t\t\t<\/div>\n<div class=\"calendar-right\">\n<div class=\"calendar-inner\">\n<p>6. temaperiode: Sommeruker i barnehagen<\/p>\n<\/p><\/div>\n<\/p><\/div>\n<\/p><\/div>\n<\/p><\/div>\n<\/p><\/div>\n<div class=\"calendar-container \">\n<div class=\"calendar-wrapper\">\n<div class=\"calendar-content\">\n<div class=\"calendar-left\">\n\t\t\t\t\t\t\t6-17. jul 2026\n\t\t\t\t\t\t\t<\/div>\n<div class=\"calendar-right\">\n<div class=\"calendar-inner\">\n<p>2 uker Sommerstengt i barnehagen<\/p>\n<\/p><\/div>\n<\/p><\/div>\n<\/p><\/div>\n<\/p><\/div>\n<\/p><\/div>\n<\/p><\/div>\n<\/p><\/div>\n<\/div>\n","protected":false},"excerpt":{"rendered":"<p>I informasjonsheftet finner du praktisk informasjon om barnehagen.<\/p>\n","protected":false},"author":1,"featured_media":0,"comment_status":"closed","ping_status":"closed","sticky":false,"template":"","format":"standard","meta":[],"categories":[1],"tags":[],"acf":[],"_links":{"self":[{"href":"https:\/\/www.kanvas.no\/sandslimarka\/wp-json\/wp\/v2\/posts\/16034"}],"collection":[{"href":"https:\/\/www.kanvas.no\/sandslimarka\/wp-json\/wp\/v2\/posts"}],"about":[{"href":"https:\/\/www.kanvas.no\/sandslimarka\/wp-json\/wp\/v2\/types\/post"}],"author":[{"embeddable":true,"href":"https:\/\/www.kanvas.no\/sandslimarka\/wp-json\/wp\/v2\/users\/1"}],"replies":[{"embeddable":true,"href":"https:\/\/www.kanvas.no\/sandslimarka\/wp-json\/wp\/v2\/comments?post=16034"}],"version-history":[{"count":0,"href":"https:\/\/www.kanvas.no\/sandslimarka\/wp-json\/wp\/v2\/posts\/16034\/revisions"}],"wp:attachment":[{"href":"https:\/\/www.kanvas.no\/sandslimarka\/wp-json\/wp\/v2\/media?parent=16034"}],"wp:term":[{"taxonomy":"category","embeddable":true,"href":"https:\/\/www.kanvas.no\/sandslimarka\/wp-json\/wp\/v2\/categories?post=16034"},{"taxonomy":"post_tag","embeddable":true,"href":"https:\/\/www.kanvas.no\/sandslimarka\/wp-json\/wp\/v2\/tags?post=16034"}],"curies":[{"name":"wp","href":"https:\/\/api.w.org\/{rel}","templated":true}]}}