{"id":10111,"date":"2026-04-20T13:19:50","date_gmt":"2026-04-20T12:19:50","guid":{"rendered":"https:\/\/www.kanvas.no\/skrellinga\/informasjonshefte\/"},"modified":"2026-04-20T13:19:50","modified_gmt":"2026-04-20T12:19:50","slug":"informasjonshefte","status":"publish","type":"post","link":"https:\/\/www.kanvas.no\/skrellinga\/informasjonshefte\/","title":{"rendered":"Informasjonshefte"},"content":{"rendered":"<div class=\"t2-featured-content-layout alignwide wp-block-t2-featured-content-layout dont-print\">\n<div class=\"t2-featured-query-post t2-featured-content wp-block-t2-featured-query-post t2-featured-content-layout-col-4 t2-featured-content-layout-col-2-mobile\">\n\t\t\t\t\t<a class=\"t2-post-link wp-block-t2-post-link\" href=\"#om-barnehagen\"><\/p>\n<figure class=\"t2-post-featured-image has-image-ratio-16-9 wp-block-t2-post-featured-image\"><img decoding=\"async\" src=\"https:\/\/backstage.mykid.no\/_ajax\/download?t=eyJ0eXAiOiJKV1QiLCJhbGciOiJIUzI1NiJ9.eyJpYXQiOjE3NzY2ODc1OTAsImV4cCI6MjA5MjY4NzU5MCwiZmlsZV9pZCI6IjlMQm1UUk4vV3RFdG5RYVRYUU5WVzRHcmdZUStqNi9EZVJMNzJtNWRwbXQzV0RacHZpalgyNUVaSENvaWRjNGl2SDhnSUR0bXViLzZURkM1NXYxTTd1REZXVzlnNjR2V2JoWkcyTVI5TXlteVlQVlhiek1IaTVFUXhlUU9vUVRCY20vYWcrSmVuK3ViVW9TUVJoWThGRnk1eWJHTXhiaDhObGpFVm1DNkFuOD0iLCJmaWxlbmFtZSI6IjZfMF8zYzFmNTIyMWQ5ZTQxOWJlNTE3NDBmYmM5OTNlYTYyZi5qcGcifQ.iIFLxYOR5S_JtDkxdjXSZqeSOjKOtZ8aX1Tg6M80BXY\" alt=\"\" \/><\/figure>\n<div class=\"wp-block-group alignfull is-layout-flow\">\n<h2 class=\"t2-post-title wp-block-t2-post-title fluid-2\">Om barnehagen<\/h2>\n<div class=\"t2-post-excerpt wp-block-t2-excerpt\">\n\t\t\t\t\t\t\t\tHer finner du fakta om barnehagen, \u00e5pningstider og kontaktinformasjon.\n\t\t\t\t\t\t\t<\/div>\n<\/p><\/div>\n<p>\t\t\t\t\t<\/a>\n\t\t\t\t<\/div>\n<div class=\"t2-featured-query-post t2-featured-content wp-block-t2-featured-query-post t2-featured-content-layout-col-4 t2-featured-content-layout-col-2-mobile\">\n\t\t\t\t\t<a class=\"t2-post-link wp-block-t2-post-link\" href=\"#ny-i-barnehagen\"><\/p>\n<figure class=\"t2-post-featured-image has-image-ratio-16-9 wp-block-t2-post-featured-image\"><img decoding=\"async\" src=\"https:\/\/backstage.mykid.no\/_ajax\/download?t=eyJ0eXAiOiJKV1QiLCJhbGciOiJIUzI1NiJ9.eyJpYXQiOjE3NzY2ODc1OTAsImV4cCI6MjA5MjY4NzU5MCwiZmlsZV9pZCI6InlxbHI2VHd6VUdRTlAyaVRiSVJOTUF6ckZTVUp6UGFPN3VOMnBvekJQWFFvT0RmYk0rWE5VV2hNVDcreVRSZHRMenJ3Y0NoQy9ROWx2SEg3VlRMaVpCYWRwZXk1Z2NCOUpxT2pPMFhzaWl2ZFR3NnFLMXI5WHQ2eC83ZWR6ZzBBVFFGdXpEU0xHYVBuTWp2THZHWFd3QXlaY3hsWXZVNmoyNjluOU1nZDlzUT0iLCJmaWxlbmFtZSI6IjZfMF9mNjQ0NDQ4NTk2ZGRlYzJjZWZhNmM4YTI1MTRlMzRmOC5qcGcifQ.ASZCozrzv72cV_Ctl7yu_5Wu98qJsezSwFlTKbWZ_kg\" alt=\"\" \/><\/figure>\n<div class=\"wp-block-group alignfull is-layout-flow\">\n<h2 class=\"t2-post-title wp-block-t2-post-title fluid-2\">Ny i barnehagen<\/h2>\n<div class=\"t2-post-excerpt wp-block-t2-excerpt\">\n\t\t\t\t\t\t\t\tHer finner du info om tilvenning, startsamtalen og hva du b\u00f8r vite f\u00f8r oppstart.\n\t\t\t\t\t\t\t<\/div>\n<\/p><\/div>\n<p>\t\t\t\t\t<\/a>\n\t\t\t\t<\/div>\n<div class=\"t2-featured-query-post t2-featured-content wp-block-t2-featured-query-post t2-featured-content-layout-col-4 t2-featured-content-layout-col-2-mobile\">\n\t\t\t\t\t<a class=\"t2-post-link wp-block-t2-post-link\" href=\"#praktisk-info\"><\/p>\n<figure class=\"t2-post-featured-image has-image-ratio-16-9 wp-block-t2-post-featured-image\"><img decoding=\"async\" src=\"https:\/\/backstage.mykid.no\/_ajax\/download?t=eyJ0eXAiOiJKV1QiLCJhbGciOiJIUzI1NiJ9.eyJpYXQiOjE3NzY2ODc1OTAsImV4cCI6MjA5MjY4NzU5MCwiZmlsZV9pZCI6InNYQWF0SldkLzA0aVRLakp6VzN3Z2h6TlNrRmdmaEZRS2dUVVg3NEpLcUlpVjNaNzFhcE9FcDZxWnRxNHZnOG5KWmFiMG02NDdwTm5MWk8vb1NNZ3ZKSDBVR3ZydmovMWJFeEwvUktEOGhVZDRadjBNL0hvSyt0WXpPN1ZHblgrSVEyaFV6czRIdGhjeGo0ZGJoMUxaNFF5YmlmcFM2dDFTZnE4emJBWWhPVT0iLCJmaWxlbmFtZSI6IjZfMF82M2YxMGIwMDkxYmEyYmFmM2Y5NWU3NzA4ZjNlNzljZS5qcGcifQ.sfW41llJz0_4IbBfMf_juDcWq0liCMV8ZIEeuQwuIfk\" alt=\"\" \/><\/figure>\n<div class=\"wp-block-group alignfull is-layout-flow\">\n<h2 class=\"t2-post-title wp-block-t2-post-title fluid-2\">Praktisk info<\/h2>\n<div class=\"t2-post-excerpt wp-block-t2-excerpt\">\n\t\t\t\t\t\t\t\tHer finner du informasjon om bl.a. kl\u00e6r og utstyr, mat, soving, sykt barn, ferie og forsikring.\n\t\t\t\t\t\t\t<\/div>\n<\/p><\/div>\n<p>\t\t\t\t\t<\/a>\n\t\t\t\t<\/div>\n<div class=\"t2-featured-query-post t2-featured-content wp-block-t2-featured-query-post t2-featured-content-layout-col-4 t2-featured-content-layout-col-2-mobile\">\n\t\t\t\t\t<a class=\"t2-post-link wp-block-t2-post-link\" href=\"#barnehagehverdagen\"><\/p>\n<figure class=\"t2-post-featured-image has-image-ratio-16-9 wp-block-t2-post-featured-image\"><img decoding=\"async\" src=\"https:\/\/backstage.mykid.no\/_ajax\/download?t=eyJ0eXAiOiJKV1QiLCJhbGciOiJIUzI1NiJ9.eyJpYXQiOjE3NzY2ODc1OTAsImV4cCI6MjA5MjY4NzU5MCwiZmlsZV9pZCI6InFBWXhhMm5rRTNIYis5dnR0alR0RS9VcE5iY0wwQUJ6Mkc4c2Vob2U2TFlxc3BoNTZ6UUZKWUJ2Q05FVEIrT1FVakVXZ0hBYmJjV0F4djhIQVgyL2VwTnRIK0g1Q04rZlRwNXBVSFROanIyOG9Lb25ZdHJoa2JtMFJoNndnTWVPUlBPZmNuUnVEc3VON2twYTY2azdiRUk5ZXZpa0VGMk51ZXhaTnh4NUlXUT0iLCJmaWxlbmFtZSI6IjZfMF8yMGViYTdlZTk0NDkxMDUyY2M2Njc5MzQ5ZjFhNDk4YS5qcGcifQ.JuW9R6SjULe5lE6PJq8xk8wiBCuGshev9W03Nr3mzl8\" alt=\"\" \/><\/figure>\n<div class=\"wp-block-group alignfull is-layout-flow\">\n<h2 class=\"t2-post-title wp-block-t2-post-title fluid-2\">Barnehagehverdagen<\/h2>\n<div class=\"t2-post-excerpt wp-block-t2-excerpt\">\n\t\t\t\t\t\t\t\tHer finner du informasjon om bl.a. dagsrytme, aktiviteter og bemanning.\n\t\t\t\t\t\t\t<\/div>\n<\/p><\/div>\n<p>\t\t\t\t\t<\/a>\n\t\t\t\t<\/div>\n<div class=\"t2-featured-query-post t2-featured-content wp-block-t2-featured-query-post t2-featured-content-layout-col-4 t2-featured-content-layout-col-2-mobile\">\n\t\t\t\t\t<a class=\"t2-post-link wp-block-t2-post-link\" href=\"#foreldresamarbeid\"><\/p>\n<figure class=\"t2-post-featured-image has-image-ratio-16-9 wp-block-t2-post-featured-image\"><img decoding=\"async\" src=\"https:\/\/backstage.mykid.no\/_ajax\/download?t=eyJ0eXAiOiJKV1QiLCJhbGciOiJIUzI1NiJ9.eyJpYXQiOjE3NzY2ODc1OTAsImV4cCI6MjA5MjY4NzU5MCwiZmlsZV9pZCI6IlhyZ25zZjhOb0I0QzlnTGUwNDZ0UlNZaFhFbFpqSmVzWEZiWCtUMjVFb0piQ0V0cXEreGcxRHFOcDJUNXkwVDdyZ05pVXBhd0dnQ2krSzVsZmlQTVBiYjhyc0c0STBES2xIUHhjaktwQ1VvNWlEN1NVaE11Y1JFbVo5cm92Y1VRRHMwY0tEeUhWTk5LVTBtOHZFUmMvVDNvd1oxRExmQkttUy9LWEdleWdnbz0iLCJmaWxlbmFtZSI6IjZfMF8yMjQzZjNhYTQ1NmQ0ZjQ1NDJjOTlkNTE2MWFmMzgzNi5qcGcifQ.Pr7NDfPuGpJ6HaKvePtxrxY4ykZwhfV-Adwam_7mb1k\" alt=\"\" \/><\/figure>\n<div class=\"wp-block-group alignfull is-layout-flow\">\n<h2 class=\"t2-post-title wp-block-t2-post-title fluid-2\">Foreldresamarbeid<\/h2>\n<div class=\"t2-post-excerpt wp-block-t2-excerpt\">\n\t\t\t\t\t\t\t\tHer finner du informasjon om bl.a. MyKid, foreldresamtaler og -m\u00f8ter, SU, foreldrebetaling og foreldreunders\u00f8kelsen.\n\t\t\t\t\t\t\t<\/div>\n<\/p><\/div>\n<p>\t\t\t\t\t<\/a>\n\t\t\t\t<\/div>\n<div class=\"t2-featured-query-post t2-featured-content wp-block-t2-featured-query-post t2-featured-content-layout-col-4 t2-featured-content-layout-col-2-mobile\">\n\t\t\t\t\t<a class=\"t2-post-link wp-block-t2-post-link\" href=\"#arshjul\"><\/p>\n<figure class=\"t2-post-featured-image has-image-ratio-16-9 wp-block-t2-post-featured-image\"><img decoding=\"async\" src=\"https:\/\/backstage.mykid.no\/_ajax\/download?t=eyJ0eXAiOiJKV1QiLCJhbGciOiJIUzI1NiJ9.eyJpYXQiOjE3NzY2ODc1OTAsImV4cCI6MjA5MjY4NzU5MCwiZmlsZV9pZCI6ImsrVzV6UDhEd0t4c0U4WlBtNzRyV2tIQjdNT0FyWGdnODRIZGN4TFczNVR1U0JGQk9tVi9zVnp5aWVMTDJZQmMxbzZKM0F5YzRaZGpNZWdQYzEybVJPR29sSkVmbmFIdVMyZkpQYWJkN0prd0EwNGdFRzhxS0Z1SkNLQXcwOFY3SGZGZUs5c1Nwd1prcG1YOTVkUTJrT3Q5aEl4MmdlZkk5TGVHc3dPWVBZTT0iLCJmaWxlbmFtZSI6IjZfMF85NjFmN2FiZTk0ZmJhZmYzYWI2MDIwNWVlOGVkMWQwYi5qcGcifQ.IHxX1y5YHsQwf8n8N5YPSrKGzJfn1xMZo4JjRCbANyw\" alt=\"\" \/><\/figure>\n<div class=\"wp-block-group alignfull is-layout-flow\">\n<h2 class=\"t2-post-title wp-block-t2-post-title fluid-2\">\u00c5rshjul<\/h2>\n<div class=\"t2-post-excerpt wp-block-t2-excerpt\">\n\t\t\t\t\t\t\t\tHer finner du oversikt over merkedager, planleggingsdager, ferielukket mm.\n\t\t\t\t\t\t\t<\/div>\n<\/p><\/div>\n<p>\t\t\t\t\t<\/a>\n\t\t\t\t<\/div>\n<\/div>\n<div class=\"text-content\">\n<div id=\"om-barnehagen\">\n<h2>Om barnehagen<\/h2>\n<figure class=\"wp-block-image has-image-ratio-16-9 size-full\"><img decoding=\"async\" src=\"https:\/\/backstage.mykid.no\/_ajax\/download?t=eyJ0eXAiOiJKV1QiLCJhbGciOiJIUzI1NiJ9.eyJpYXQiOjE3NzY2ODc1OTAsImV4cCI6MjA5MjY4NzU5MCwiZmlsZV9pZCI6IjlMQm1UUk4vV3RFdG5RYVRYUU5WVzRHcmdZUStqNi9EZVJMNzJtNWRwbXQzV0RacHZpalgyNUVaSENvaWRjNGl2SDhnSUR0bXViLzZURkM1NXYxTTd1REZXVzlnNjR2V2JoWkcyTVI5TXlteVlQVlhiek1IaTVFUXhlUU9vUVRCY20vYWcrSmVuK3ViVW9TUVJoWThGRnk1eWJHTXhiaDhObGpFVm1DNkFuOD0iLCJmaWxlbmFtZSI6IjZfMF8zYzFmNTIyMWQ5ZTQxOWJlNTE3NDBmYmM5OTNlYTYyZi5qcGcifQ.iIFLxYOR5S_JtDkxdjXSZqeSOjKOtZ8aX1Tg6M80BXY\" alt=\"\" \/><\/figure>\n<p>Velkommen til Skrellinga Kanvas-barnehage!&nbsp;<\/p>\n<p>Vi er en fire-avdelingsbarnehage med 63&nbsp;barn og 16&nbsp;ansatte.&nbsp;<\/p>\n<p>Avdelingene heter:<br \/>\nFi-Fi &#8211; 10 mnd -2 \u00e5r<br \/>\nFo-Fo &#8211; 10 mnd -2 \u00e5r<br \/>\nPompel &#8211; 4-6 \u00e5r<br \/>\nPilt &#8211; 3-4&nbsp;\u00e5r<\/p>\n<p>Personalet best\u00e5r av daglig leder, 50% barnehagel\u00e6rere, fagarbeidere,&nbsp;assistenter og&nbsp;kj\u00f8kkenassistent som lager varm lunsj til hele barnehagen fire dager i uken.&nbsp;<\/p>\n<\/p><\/div>\n<div id=\"ny-i-barnehagen\">\n<h2>Ny i barnehagen<\/h2>\n<figure class=\"wp-block-image has-image-ratio-16-9 size-full\"><img decoding=\"async\" src=\"https:\/\/backstage.mykid.no\/_ajax\/download?t=eyJ0eXAiOiJKV1QiLCJhbGciOiJIUzI1NiJ9.eyJpYXQiOjE3NzY2ODc1OTAsImV4cCI6MjA5MjY4NzU5MCwiZmlsZV9pZCI6InlxbHI2VHd6VUdRTlAyaVRiSVJOTUF6ckZTVUp6UGFPN3VOMnBvekJQWFFvT0RmYk0rWE5VV2hNVDcreVRSZHRMenJ3Y0NoQy9ROWx2SEg3VlRMaVpCYWRwZXk1Z2NCOUpxT2pPMFhzaWl2ZFR3NnFLMXI5WHQ2eC83ZWR6ZzBBVFFGdXpEU0xHYVBuTWp2THZHWFd3QXlaY3hsWXZVNmoyNjluOU1nZDlzUT0iLCJmaWxlbmFtZSI6IjZfMF9mNjQ0NDQ4NTk2ZGRlYzJjZWZhNmM4YTI1MTRlMzRmOC5qcGcifQ.ASZCozrzv72cV_Ctl7yu_5Wu98qJsezSwFlTKbWZ_kg\" alt=\"\" \/><\/figure>\n<h3>F\u00f8r oppstart<\/h3>\n<p>F\u00f8r barnet begynner i barnehagen&nbsp;mottar de foresatte en sms med beskjed om \u00e5 registrere barnet og foresatte i kommunikasjonsplattformen MyKid. I MyKid skal dere fylle ut kontaktinformasjon og andre opplysninger som er viktig for barnets opphold i barnehagen, blant annet et samtykkeskjema og en egenerkl\u00e6ring om barnets helse.<\/p>\n<p>Foreldre som ikke bor sammen skal fylle ut hvert sitt skjema.<\/p>\n<p>Opplysninger om barnets helse er taushetsbelagt og det vil v\u00e6re begrenset&nbsp;tilgang til informasjonen i barnehagen.<\/p>\n<p>&nbsp;<\/p>\n<h3>Tilvenning<\/h3>\n<p>Les mer om tilvenning her:&nbsp;<a href=\"https:\/\/www.kanvas.no\/2023\/07\/26\/tilvenning-i-barnehagen\/\">Tilvenning i barnehagen &#8211; Kanvas<\/a><\/p>\n<p><strong>Plan for tilvenning i Skrellinga Kanvas &#8211; Barnehage<\/strong><\/p>\n<p>\u00c5 g\u00e5 i barnehagen er for de fleste barn og foreldre en opplevelse det tar tid \u00e5 venne seg til. Det er viktig at barnet f\u00e5r en gravis tilvenning ved at foreldrene er med de f\u00f8rste dagene, og at barnehagedagene er korte i starten. Barnet trenger som oftest mye voksenkontakt i tilvenningsperioden, derfor vil en av de voksne i barnehagen,&nbsp;v\u00e6re kontaktperson i denne tiden, og vil&nbsp;v\u00e6re spesielt oppmerksom p\u00e5&nbsp;barnet i denne tiden.<\/p>\n<p>Gjennom tilvenningsperioden \u00f8nsker vi \u00e5 skape<\/p>\n<ul type=\"disc\">\n<li>trygghet for barn og foreldre<\/li>\n<li>grunnlag for at barnet skal glede seg til \u00e5 g\u00e5 i barnehagen<\/li>\n<li>grunnlag for et godt foreldresamarbeid<\/li>\n<li>grunnlag for \u00e5penhet og god kommunikasjon<\/li>\n<\/ul>\n<p>&nbsp;<\/p>\n<p><strong>Tilvenningens f\u00f8rste tre dager<\/strong><\/p>\n<p>Tilvenningsplanen tilpasses den tiden som dere foreldre har til r\u00e5dighet, vanligvis tre dager. Dersom dere har bedre tid, er dette bare positivt, og kan v\u00e6re til beste for barnet.<\/p>\n<p><strong>Dag 1<\/strong><\/p>\n<p>Den f\u00f8rste barnehagedagen, som kan vare ca 1 &ndash; 2 timer, b\u00f8r dere holde dere n\u00e6r barnet. Tilknytningspersonen vil ta i mot, og v\u00e6re sammen med barnet og dere s\u00e5 langt det er mulig. Det er viktig for barnet at dere er aktivt med p\u00e5 \u00e5 introdusere det nye milj\u00f8et. Det er dere som steller\/kler p\u00e5, sitter sammen med under m\u00e5ltid, er i rommet under lek osv. For oss\/tilknytningspersonen vil det \u00e5 se barnet og dere foreldre sammen gi oss viktig informasjon om barnets vaner hjemmefra, barnets m\u00e5te \u00e5 kommunisere p\u00e5, hva barnet liker o.l. Dette er viktig informasjon som vil bidra til \u00e5 gj\u00f8re barnets senere barnehagehverdag best mulig.<\/p>\n<p><strong>Dag 2<\/strong><\/p>\n<p>Den andre dagen starter etter avtale med personalet, og varer ca 2 &ndash; 4 timer. Personalet\/tilknytningspersonen overtar mer av ansvaret for barnet, men fremdeles er dere med ved stell\/p\u00e5kledning, m\u00e5ltid og lek. Dere b\u00f8r etter avtale forlate avdelingen en stund, f.eks. sitte p\u00e5 pauserommet.<\/p>\n<p><strong>Dag 3<\/strong><\/p>\n<p>Den tredje dagen planlegges etter avtale med personalet. Utgangspunktet vil v\u00e6re hvor godt tilvent barnet er etter de f\u00f8rste to dagene og eventuelt om dere kan bruke lenger tid p\u00e5 tilvenningen. Dere er sammen med barnet en stund, f\u00f8r dere g\u00e5r ut av avdelingen. Personalet\/tilknytningspersonen vil denne dagen ta over ansvaret i de situasjonene dere har v\u00e6rt sammen med barnet; stell\/p\u00e5kledning, m\u00e5ltid, lek og legging. Dere skal v\u00e6re tilgjengelige, men ute av avdelingen.<\/p>\n<p>&nbsp;<\/p>\n<p>Dere f\u00e5r en kort introduksjonssamtale med tilknytningspersonen i l\u00f8pet av de f\u00f8rste tre dagene.<\/p>\n<p>Det kan v\u00e6re viktig at barnet f\u00e5r med seg en kjent ting hjemmefra, en bamse, dukke, en bil eller noe annet barnet er glad i.<\/p>\n<p>V\u00e5rt m\u00e5l er at overgangen fra hjemmet til barnehagen skal oppleves som en utvidelse av muligheter og nye erfaringer, ikke som et brudd. Like fullt inneb\u00e6rer overgangen til barnehagelivet en l\u00f8srivelsesprosess b\u00e5de for barnet og dere. Dere kan oppleve det som vanskelig \u00e5 overlate barnet deres til mennesker som dere ikke kjenner s\u00e5 godt selv. Man kan bli usikker p\u00e5 om man gj\u00f8r det rette for barnet og p\u00e5 om barnet vil f\u00e5 det godt i barnehagen og vil trives. Disse f\u00f8lelsene opplever de fleste foreldre, og hvis det kan hjelpe, snakk med oss om det. Tilvenning til et nytt milj\u00f8 og nye situasjoner er en prosess som tar litt tid. Vi ser an hvert enkelt barn og tilpasser tilvenningen etter barnas behov.<\/p>\n<p>&nbsp;<\/p>\n<p><strong>HVORDAN TA AVSKJED MED BARNET<\/strong><\/p>\n<p>Si klart ifra n\u00e5r dere g\u00e5r, og pr\u00f8v \u00e5 ikke vise usikkerhet. G\u00e5 n\u00e5r dere har sagt at dere skal g\u00e5. Det er viktig at barnet f\u00e5r erfaring med at dere ikke g\u00e5r f\u00f8r dere sier ifra, og at dere virkelig g\u00e5r n\u00e5r dere sier at dere skal g\u00e5, og ikke kommer tilbake f\u00f8r etter en viss tid. Hvis dere viser usikkerhet, blir barnet usikkert ogs\u00e5, og tilvenningsprosessen kan ta lenger tid.<\/p>\n<p>Det er lov \u00e5 v\u00e6re usikker, vi \u00f8nsker at dere snakker med oss om det, ikke med barnet.<\/p>\n<p>&nbsp;<\/p>\n<p><strong>HVIS BARNET GR\u00c5TER N\u00c5R DERE G\u00c5R<\/strong><\/p>\n<p>Noen av dere vil oppleve at barnet deres gr\u00e5ter ved avskjeden om morgenen. B\u00e5de barnet og dere kan oppleve det \u00e5 ta avskjed som en smertefull prosess i starten. Ofter roer barnet seg raskt etter at foreldre har g\u00e5tt. F\u00f8ler dere utrygghet etter \u00e5 ha forlatt et gr\u00e5tende barn, er det mye bedre om dere ringer og h\u00f8rer hvordan det g\u00e5r enn \u00e5 v\u00e6re urolig en hel dag. Hvis ikke personalet klarer \u00e5 roe ned barnet tar vi kontakt med foreldre.<\/p>\n<p>Det er vesentlig betydning for barnets trivsel og opplevelse av trygghet at foreldre og personalet samarbeider og bruker tilvenningsperioden til \u00e5 \u00e5pne for et tillitsfullt forhold mellom hjem og barnehage, med \u00e5penhet for gjensidig utveksling av informasjon.<\/p>\n<p>\nVi anbefaler familiene&nbsp;og pr\u00f8ve \u00e5 legge til rette for at de aller yngste barna f\u00e5r kortere dager &#8211; Spesielt under oppstarten. Det er bedre \u00e5 komme tidlig og heller bli hentet, enn \u00e5 komme sent p\u00e5 formiddagen og v\u00e6re den siste som er igjen.<\/p>\n<h3>Startsamtalen<\/h3>\n<p>Om startsamtalen i Kanvas:&nbsp;<a href=\"https:\/\/www.kanvas.no\/2023\/07\/06\/startsamtale-foreldresamtaler-og-foreldremoter\/\">Startsamtale, foreldresamtaler og foreldrem\u00f8ter &#8211; Kanvas<\/a><\/p>\n<\/p><\/div>\n<div id=\"praktisk-info\">\n<h2>Praktisk info<\/h2>\n<figure class=\"wp-block-image has-image-ratio-16-9 size-full\"><img decoding=\"async\" src=\"https:\/\/backstage.mykid.no\/_ajax\/download?t=eyJ0eXAiOiJKV1QiLCJhbGciOiJIUzI1NiJ9.eyJpYXQiOjE3NzY2ODc1OTAsImV4cCI6MjA5MjY4NzU5MCwiZmlsZV9pZCI6InNYQWF0SldkLzA0aVRLakp6VzN3Z2h6TlNrRmdmaEZRS2dUVVg3NEpLcUlpVjNaNzFhcE9FcDZxWnRxNHZnOG5KWmFiMG02NDdwTm5MWk8vb1NNZ3ZKSDBVR3ZydmovMWJFeEwvUktEOGhVZDRadjBNL0hvSyt0WXpPN1ZHblgrSVEyaFV6czRIdGhjeGo0ZGJoMUxaNFF5YmlmcFM2dDFTZnE4emJBWWhPVT0iLCJmaWxlbmFtZSI6IjZfMF82M2YxMGIwMDkxYmEyYmFmM2Y5NWU3NzA4ZjNlNzljZS5qcGcifQ.sfW41llJz0_4IbBfMf_juDcWq0liCMV8ZIEeuQwuIfk\" alt=\"\" \/><\/figure>\n<h3>Kl\u00e6r og utstyr<\/h3>\n<p>Alt av kl\u00e6r, sko&nbsp;og utstyr som tas med til barnehagen m\u00e5 merkes med barnas navn. Da er det mye lettere for at tingene kommer tilbake igjen.<\/p>\n<p>Alle barn i barnehagen har en egen kurv p\u00e5 plassen sin som alltid skal inneholde skiftet\u00f8y for sesongen.<\/p>\n<p>Utet\u00f8y etter sesong skal v\u00e6re i grovgarderoben &#8211; Husk ekstra skift av votter og ullsokker p\u00e5 vinterstid.<\/p>\n<p>Vi \u00f8nsker at garderobeplassene til barna skal v\u00e6re ryddige og lette \u00e5 finne frem p\u00e5. Vi \u00f8nsker derfor ikke at det er altfor mye t\u00f8y p\u00e5 barnas plasser, og at kl\u00e6r(eks vinterskift og vinterkl\u00e6r p\u00e5 sommeren)&nbsp;som ikke tilh\u00f8rer sesongen tas med og opp\u00e5bevaret hjemme.<\/p>\n<p>Dresser og regnt\u00f8y\/(hvis det har v\u00e6rt i bruk) skal tas med hjem til vask hver fredag.<\/p>\n<h3>Bringe og hente<\/h3>\n<p>Barnehagen har kjernetid mellom kl.9.00 og kl.14.00, Barna kan bli levert og hentet innenfor denne tiden ogs\u00e5, men gi beskjed til barnehagen via telefon eller MyKid, slik at de vet hvem de skal vente p\u00e5.<\/p>\n<p>Husk \u00e5 lukke alle portene inn til barnehagen ordentlig n\u00e5r du kommer innenfor barnehagens omr\u00e5de, og n\u00e5r du forlater barnehagen. Porten skal alltid lukkes med l\u00e5s og kjetting.<\/p>\n<h3>Mat og m\u00e5ltider<\/h3>\n<p>I Kanvas f\u00f8lger vi Helsedirektoratets retningslinjer for mat og m\u00e5ltider i barnehagen.<\/p>\n<p>Les mer om mat og m\u00e5ltider i Kanvas-barnehagene her:&nbsp;<a href=\"https:\/\/www.kanvas.no\/nytt-og-nyttig\/sunn-mat-i-barnehagen\/\">Sunn mat i barnehagen &#8211; Kanvas<\/a><\/p>\n<p>&nbsp;<\/p>\n<p>Barnehagen har en kj\u00f8kkenassistent som serverer sunn&nbsp;og smaksrik varmmat fire&nbsp;dager i uken. De resterende m\u00e5ltidene har barna med matpakke. Barnehagen serverer frukt og gr\u00f8nnsaker&nbsp;hver dag.<\/p>\n<h3>Feriestengt og -avvikling<\/h3>\n<p>Kanvas-barnehagene&nbsp;holder stengt jul- og nytt\u00e5rsaften, onsdag f\u00f8r skj\u00e6rtorsdag og 5 planleggingsdager i l\u00f8pet av barnehage\u00e5ret. Barna skal i tillegg ha fire ukers ferie i l\u00f8pet av barnehage\u00e5ret. Barn som skal slutte i barnehagen m\u00e5 avvikle ferien f\u00f8r 1. august.<\/p>\n<h3>Samtykker<\/h3>\n<p>Foreldre fyller ut et samtykkeskjema&nbsp;i MyKid&nbsp;f\u00f8r barnet starter i barnehagen. I dette skjemaet fyller dere ut om dere f.eks. tillater at det tas bilder av barnet, og om dere tillater at barnet kan bli med p\u00e5 tur med offentlig transport.<\/p>\n<p>Foreldre kan gj\u00f8re endringer i samtykkeskjemaet&nbsp;gjennom \u00e5ret.<\/p>\n<p>&nbsp;<\/p>\n<h3>Personvern<\/h3>\n<p>Alle barnehager har en lovp\u00e5lagt plikt til \u00e5 s\u00f8rge for at personopplysninger er tilfredsstillende sikret for \u00e5 unng\u00e5 krenkelser av personvernet til ansatte, barn og foreldre. Barnehagen skal gjennom planlagte og systematiske tiltak s\u00f8rge for tilfredsstillende informasjonssikkerhet med hensyn til konfidensialitet, integritet og tilgjengelighet ved behandling av personopplysninger. Personopplysninger skal ikke lagres lenger enn det som er n\u00f8dvendig.<\/p>\n<h2>Samtykke<\/h2>\n<p>Lagring av personopplysninger om barn og foresatte forutsetter at samtykkeskjema er fylt ut og signert. Dette gj\u00f8res p\u00e5 MyKid.<\/p>\n<h2>Barnemapper<\/h2>\n<p>Hver barnehage har et digitalt barnemappearkiv der all dokumentasjon om barn som g\u00e5r i barnehagen arkiveres. Daglig leder i barnehagen, eller stedfortredende, er ansvarlig for tilgangskontroll. Kun ansatte som jobber med barnet har tilgang til mappen.<\/p>\n<p>Foresatte har normalt tilgang til informasjonen i barnemappen, for eksempel startsamtale og oppf\u00f8lgingssamtaler. Dokumenter som er utarbeidet for eventuell intern saksforberedelse kan unntas fra innsyn. Barnets foresatte har som hovedregel rett til innsyn i alt som omhandler sitt barn. For \u00e5 vurdere krav om innsyn skal barnehagen motta skriftlig henvendelse som vil bli besvart skriftlig. E-posthenvendelse regnes her som skriftlig henvendelse. Eventuelle kopier av dokumenter fra barnemappen skal leveres direkte til den som har f\u00e5tt tillatelse til innsyn.<\/p>\n<p>N\u00e5r barnet slutter i barnehagen, vil opplysningene som hovedregel enten overf\u00f8res til foresatte eller bli slettet av barnehagen. Unntak fra dette kan v\u00e6re barnehagens behov for \u00e5 dokumentere saksbehandling i en konkret sak knyttet til et barn, for eksempel en barnevernssak.<\/p>\n<h2>Trygg h\u00e5ndtering av digitale enheter<\/h2>\n<p>Av personvernhensyn skal ikke digitale kommunikasjonsmidler (eks. smartklokke, mobiltelefon e.l.) medbringes barnehagen.<\/p>\n<p>Alle digitale enheter som benyttes i jobbsammenheng, som PC, nettbrett og mobiltelefon, skal v\u00e6re passordbeskyttet. PC og nettbrett skal oppbevares nedl\u00e5st etter \u00e5pningstid. Personlige enheter skal som en hovedregel ikke benyttes i jobbsammenheng. To-faktor autentisering ved p\u00e5logging m\u00e5 benyttes der enhet&nbsp;benyttes til annet enn n\u00f8dstilfelle.&nbsp;<\/p>\n<h2>Bilder av barn &#8211; retningslinjer for ansatte<\/h2>\n<p>Det kan kun tas identifiserbare bilder av barn som er godkjent for fotografering, og bildene kan kun deles etter godkjenning fra foresatte &#8211; ref. samtykkeskjema. Alle Kanvas-barnehager utarbeider egne retningslinjer for h\u00e5ndtering av bilder av barn.<\/p>\n<h2>Bilder av barn &#8211; retningslinjer for foresatte<\/h2>\n<p>Det skal ikke&nbsp;deles bilder av andres barn uten samtykke fra barnas foresatte. Det gjelder alle arrangementer tilknyttet barnehagen, inkludert det som skjer utenfor barnehagens omr\u00e5de. Dette baseres p\u00e5 personvernloven og Datatilsynets retningslinjer for personvern i barnehagen, samt deres veileder om bilder av barn. Se folderen &laquo;I beste mening&raquo; om bilder av barn her: <a href=\"https:\/\/www.datatilsynet.no\/personvern-pa-ulike-omrader\/skole-barn-unge\/bilder-av-barn-pa-nett\/\">https:\/\/www.datatilsynet.no\/personvern-pa-ulike-omrader\/skole-barn-unge\/bilder-av-barn-pa-nett\/<\/a><\/p>\n<ul>\n<li>\n<p>Hovedregelen er at du alltid skal be om samtykke fra alle som direkte eller indirekte kan gjenkjennes p\u00e5 et bilde f\u00f8r det publiseres. Hvis de som er avbildet er under 15 \u00e5r, m\u00e5 ogs\u00e5 de foresatte samtykke til publiseringen. Hvis du deler bilder uten lov, vil du i verste fall kunne havne i straffansvar. Dette gjelder enten bildet skal deles \u00e5pent p\u00e5 en nettside, p\u00e5 en lukket Facebook-side eller via epost.<\/p>\n<\/li>\n<li>\n<p>Vi m\u00e5 v\u00e6re s\u00e6rlig bevisste p\u00e5 reglene i situasjoner hvor ogs\u00e5 andres barn kommer med p\u00e5 bildene som tas, for eksempel p\u00e5 en Lucia-frokost i barnehagen. Der er det lett \u00e5 f\u00e5 med andre barn p\u00e5 bildet. Da er det viktig at vi sp\u00f8r de foresatte om lov f\u00f8r det deles. Vi vet aldri hvilke situasjoner andre mennesker er i, og mange kan ha gode grunner til \u00e5 ikke ha bilder av seg selv p\u00e5 nett. Dessuten er det et godt nok argument rett og slett \u00e5 ikke \u00f8nske en slik tilstedev\u00e6relse.<\/p>\n<\/li>\n<li>\n<p>Unntak: P\u00e5 noen bilder er det selve situasjonen, eller aktiviteten, som er hovedtema. Hvilke personer som er p\u00e5 bildet er da mindre viktig. Dette kan for eksempel gjelde avstandsbilder av et 17. maitog. Slike bilder kan deles uten tillatelse fra de avbildede s\u00e5 lenge bildene er harml\u00f8se og ikke p\u00e5 noen m\u00e5te kan f\u00f8les krenkende for de som er avbildet. Ha likevel som hovedregel alltid \u00e5 sp\u00f8rre alle p\u00e5 bildet f\u00f8r det deles for ikke \u00e5 tr\u00e5 feil. Det er dessuten en h\u00f8flig gest \u00e5 sp\u00f8rre dem det gjelder f\u00f8r bildet i det hele tatt tas, s\u00e5 langt det lar seg gj\u00f8re.<\/p>\n<\/li>\n<\/ul>\n<p>&nbsp;<\/p>\n<h3>Sikkerhet\/HMS<\/h3>\n<p>Vi tar barns sikkerhet p\u00e5 alvor og personalet har \u00e5rlig f\u00f8rstehjelpskurs og tydelige retningslinjer for \u00e5 unng\u00e5 at barn skader seg i barnehagen, men vi \u00f8nsker at foresatte bidrar med f\u00f8lgende:<\/p>\n<p>Private sykler og hjelmer skal oppbevares l\u00e5st og utilgjengelig for barna i barnehagetiden.<\/p>\n<p>Unng\u00e5 kl\u00e6r og utstyr med snorer\/reimer\/hetter der barna kan henge seg fast.<\/p>\n<p>Hold oppsyn om at seler i vogner er ordentlig festet &#8211; hvis de er for sm\u00e5 for barna er det bedre \u00e5 fjerne dem fra vognen.<\/p>\n<p>P\u00e5se at sovevognene er i sikkerhetsmessig stand.<\/p>\n<p>Unng\u00e5 vintert\u00f8y der hetter&nbsp;sitter fast i t\u00f8yet&nbsp;&#8211; kj\u00f8p kl\u00e6r der hettene enkelt kan tas av\/settes p\u00e5 med knapper.<\/p>\n<p>Bruk hals i stedet for skjerf om vinteren.<\/p>\n<p>Gi beskjed til barnehagen om eventuelle allergier slik at vi f\u00e5r formidlet dette videre.<\/p>\n<h3>Sykt barn<\/h3>\n<p>Kanvas f\u00f8lger&nbsp;<a href=\"https:\/\/www.fhi.no\/sm\/barnehage\/nar-ma-barnet-vare-hjemme-fra-barne\/\" target=\"_blank\" rel=\"noopener\">folkehelseinstituttets retningslinjer for syke barn<\/a>.<\/p>\n<p><strong>Allmenntilstand<\/strong>: Det er barnets allmenntilstand som avgj\u00f8r om barnet kan g\u00e5 i barnehagen eller b\u00f8r v\u00e6re hjemme.&nbsp;Det er mer krevende for et barn som ikke er i form \u00e5 v\u00e6re i barnehagen enn \u00e5 v\u00e6re hjemme. Barnehagen kontakter foreldre for henting dersom barnet f\u00e5r nedsatt allmenntilstand i l\u00f8pet av dagen. Som hovedregel b\u00f8r barnet v\u00e6re friskt nok til \u00e5 kunne delta i normale aktiviteter i barnehagen b\u00e5de inne og ute. Barnet skal ikke ha feber.<\/p>\n<p><strong>Smittevern<\/strong>: Foreldre og barnehagen m\u00e5 sammen ta ansvar for \u00e5 begrense smitte og sykdom hos barn og ansatte. Viktige tiltak er:<\/p>\n<ul type=\"disc\">\n<li>God h\u00e5ndhygiene ved levering og henting. Alle barn, ansatte og foreldre vasker hendene n\u00e5r de kommer til og g\u00e5r fra barnehagen.<\/li>\n<li>Barnehagen gjennomf\u00f8rer gode hygiene- og renholdsrutiner gjennom dagen i stellesituasjoner, m\u00e5ltider, etter utetid mm.<\/li>\n<li>Syke og smittsomme barn holdes hjemme.<\/li>\n<li>Barn med akutt&nbsp;diar\u00e9\/omgangssyke&nbsp;kommer tilbake til barnehagen 48 timer etter at de har blitt symptomfrie.<\/li>\n<li>Barnehagen informerer foreldre ved utbrudd av smittsomme sykdommer. Ved utbrudd av alvorlig smittsomme sykdommer gis informasjon i samarbeid med helsemyndigheter.<\/li>\n<\/ul>\n<p><strong>Taushetsplikt<\/strong>: Personalet har taushetsplikt, noe som inneb\u00e6rer at de ikke kan svare p\u00e5 hvem som har hvilken sykdom.<\/p>\n<p>For \u00e5 forhindre smitte&nbsp;til andre barn og personalet er det viktig at foresatte i v\u00e5r barnehage f\u00f8lger r\u00e5dene fra folkehelseinstituttet om n\u00e5r barnet b\u00f8r v\u00e6re hjemme ved sykdom.<\/p>\n<p>Gi beskjed til barnehagen via telefon eller MyKid,&nbsp;hvis dere er hjemme med sykdom. Da vet personalet at barnet blir hjemme den dagen, og f\u00e5r informasjon over hvilke sykdomer som g\u00e5r og kan informere andre foreldre om det.<\/p>\n<h3>Medisiner<\/h3>\n<p>Barnehagen har ikke formell kompetanse i medisinh\u00e5ndtering. Av hensyn til barnas sikkerhet og for \u00e5 unng\u00e5 feilmedisinering, ber vi om at all medisinering skjer hjemme, s\u00e5 langt det lar seg gj\u00f8re. Dette gjelder ogs\u00e5 reseptfrie legemidler.<\/p>\n<p>Dette inneb\u00e6rer:<\/p>\n<ul type=\"disc\">\n<li>Ta opp med barnets lege at medisiner b\u00f8r kunne gis i hjemmet utenom barnehagetiden.<\/li>\n<li>Dersom barnet m\u00e5 ha medisiner i l\u00f8pet av dagen (for eksempel ved kronisk sykdom), skal foresatte alltid fylle ut skjemaer som blant annet bekrefter type legemiddel, riktig dose og hvem av de ansatte som kan gi medisiner. Skjemaene finnes i MyKid.<\/li>\n<li>Ansatte som skal gi medisiner m\u00e5 f\u00e5 n\u00f8dvendig oppl\u00e6ring av foreldrene. Dette gjelder ogs\u00e5 akuttmedisiner (som for eksempel EpiPen eller astmamedisin).<\/li>\n<\/ul>\n<p><b>Jodtablett ved atomulykke: <\/b><\/p>\n<p>Jodtabletter er lagret i barnehagen. Barnehagen vil gi barna jodtablett hvis <a href=\"https:\/\/eur02.safelinks.protection.outlook.com\/?url=https%3A%2F%2Fdsa.no%2Fatomberedskap%2Fatomberedskap-i-norge%23Kriseutvalget&amp;data=05%7C01%7Csynne.alsaker%40kanvas.no%7C2e276ba5385e4e2564bc08dbd071bd34%7Cb524c8d5c57340f7bb15f5b5befb0174%7C0%7C0%7C638332959180113169%7CUnknown%7CTWFpbGZsb3d8eyJWIjoiMC4wLjAwMDAiLCJQIjoiV2luMzIiLCJBTiI6Ik1haWwiLCJXVCI6Mn0%3D%7C3000%7C%7C%7C&amp;sdata=wPSP4R5XFZk%2F1Q3IC%2F2cYWtXClxcGJYGsDnWuPyiEDQ%3D&amp;reserved=0\">Kriseutvalget for atomberedskap<\/a> anbefaler at jodtabletter skal brukes. Ved en atomulykke kan det v\u00e6re viktig at barn og unge f\u00e5r jodtabletter raskt. Du som foresatt m\u00e5 gi beskjed til barnehagen v\/daglig leder, hvis du <u>ikke<\/u> \u00f8nsker at barnet skal f\u00e5 jodtablett. &nbsp;&nbsp;<\/p>\n<p><b>Hvorfor jodtablett:<\/b> Hvis det skjer en atomulykke i Norge eller i n\u00e6rheten av Norge, kan radioaktivt jod bli spredd gjennom luften i s\u00e5 store mengder at det er fare for at dette stoffet blir tatt opp i kroppen. Jodtabletter blokkerer opptaket av radioaktivt jod i skjoldbruskkjertelen. P\u00e5 denne m\u00e5ten beskytter jodtabletter mot radioaktivitet og gj\u00f8r at det er mindre risiko for at kreft i denne kjertelen. Derfor anbefaler norske myndigheter at barn og unge under 18 \u00e5r f\u00e5r en jodtablett hvis det skjer en atomulykke som utsetter dem for radioaktivt jod. Det er meget sjelden at noen f\u00e5r bivirkninger etter \u00e5 ha f\u00e5tt jodtablett \u00e9n gang. Ved tvil b\u00f8r du snakke med barnets lege.<\/p>\n<h3>Frav\u00e6r og vikarer<\/h3>\n<p>Ved behov benytter barnehagen seg av vikarer. Vi holder foresatte oppdatert om frav\u00e6r blant ansatte og om eventuell bruk av&nbsp;vikar.<\/p>\n<p>Alle vikarer m\u00e5 levere politiattest f\u00f8r oppstart, slik \u00f8vrige ansatte gj\u00f8r. <u>Nye<\/u> vikarer g\u00e5r ikke yttervakter og er heller ikke alene med barna. Vi etterstreber \u00e5 ikke bruke nye vikarer sammen med de minste barna.<\/p>\n<h3>Forsikring<\/h3>\n<p>Barn som g\u00e5r i en Kanvas-barnehage&nbsp;er forsikret i KLP Skadeforsikring. Forsikringen gjelder innenfor barnehagens omr\u00e5de, og p\u00e5 utflukter, reiser og lignende som arrangeres av barnehagen. I tillegg er barnet forsikret p\u00e5 direkte reise til\/fra barnehagen.&nbsp;<\/p>\n<p>Vi gj\u00f8r oppmerksom p\u00e5 at skadeforsikringen kun gjelder personskader knyttet til ulykker. Eiendeler er alts\u00e5 ikke dekket av denne forsikringen. Dersom man har dyre eiendeler i barnehagen, som briller, vogn el., anbefaler vi at dette inkluderes i foresattes egne forsikringer.<\/p>\n<p><a href=\"https:\/\/www.klp.no\/offentlig\/forsikring\/elevforsikringer\" target=\"_blank\" rel=\"noopener\">Les mer om forsikringen her.<\/a><\/p>\n<h3>Foreldrebetaling<\/h3>\n<p>Maksimalgrensen for foreldrebetaling for et heldags ordin\u00e6rt barnehagetilbud er 1200 kroner per m\u00e5ned fra 1.&nbsp;august 2025.<\/p>\n<p>Kanvas f\u00f8lger maksimalgrensen for foreldrebetaling.<\/p>\n<\/p><\/div>\n<div id=\"barnehagehverdagen\">\n<h2>Barnehagehverdagen<\/h2>\n<figure class=\"wp-block-image has-image-ratio-16-9 size-full\"><img decoding=\"async\" src=\"https:\/\/backstage.mykid.no\/_ajax\/download?t=eyJ0eXAiOiJKV1QiLCJhbGciOiJIUzI1NiJ9.eyJpYXQiOjE3NzY2ODc1OTAsImV4cCI6MjA5MjY4NzU5MCwiZmlsZV9pZCI6InFBWXhhMm5rRTNIYis5dnR0alR0RS9VcE5iY0wwQUJ6Mkc4c2Vob2U2TFlxc3BoNTZ6UUZKWUJ2Q05FVEIrT1FVakVXZ0hBYmJjV0F4djhIQVgyL2VwTnRIK0g1Q04rZlRwNXBVSFROanIyOG9Lb25ZdHJoa2JtMFJoNndnTWVPUlBPZmNuUnVEc3VON2twYTY2azdiRUk5ZXZpa0VGMk51ZXhaTnh4NUlXUT0iLCJmaWxlbmFtZSI6IjZfMF8yMGViYTdlZTk0NDkxMDUyY2M2Njc5MzQ5ZjFhNDk4YS5qcGcifQ.JuW9R6SjULe5lE6PJq8xk8wiBCuGshev9W03Nr3mzl8\" alt=\"\" \/><\/figure>\n<\/p><\/div>\n<div id=\"foreldresamarbeid\">\n<h2>Foreldresamarbeid<\/h2>\n<figure class=\"wp-block-image has-image-ratio-16-9 size-full\"><img decoding=\"async\" src=\"https:\/\/backstage.mykid.no\/_ajax\/download?t=eyJ0eXAiOiJKV1QiLCJhbGciOiJIUzI1NiJ9.eyJpYXQiOjE3NzY2ODc1OTAsImV4cCI6MjA5MjY4NzU5MCwiZmlsZV9pZCI6IlhyZ25zZjhOb0I0QzlnTGUwNDZ0UlNZaFhFbFpqSmVzWEZiWCtUMjVFb0piQ0V0cXEreGcxRHFOcDJUNXkwVDdyZ05pVXBhd0dnQ2krSzVsZmlQTVBiYjhyc0c0STBES2xIUHhjaktwQ1VvNWlEN1NVaE11Y1JFbVo5cm92Y1VRRHMwY0tEeUhWTk5LVTBtOHZFUmMvVDNvd1oxRExmQkttUy9LWEdleWdnbz0iLCJmaWxlbmFtZSI6IjZfMF8yMjQzZjNhYTQ1NmQ0ZjQ1NDJjOTlkNTE2MWFmMzgzNi5qcGcifQ.Pr7NDfPuGpJ6HaKvePtxrxY4ykZwhfV-Adwam_7mb1k\" alt=\"\" \/><\/figure>\n<h3>MyKid<\/h3>\n<p>Kanvas-barnehagene benytter seg av kommunikasjonsportalen MyKid.<\/p>\n<p>&nbsp;<\/p>\n<h3>Startsamtale, foreldresamtaler og foreldrem\u00f8ter<\/h3>\n<p>Kort tid etter barnehagestart gjennomf\u00f8rer vi en startsamtale der form\u00e5let er \u00e5 bli bedre kjent med barnet og familien.<\/p>\n<p>Etter startsamtalen tilbys foresatte en foreldresamtale 2 ganger per \u00e5r. Hensikten med foreldresamtalen er \u00e5 f\u00e5 til en god dialog om barnets trivsel og utvikling hjemme og i barnehagen,&nbsp;for \u00e5 kunne&nbsp;legge til rette for en god barnehagehverdag og videre utvikling for barnet, og&nbsp;et godt og konstruktivt foreldresamarbeid.<\/p>\n<p>Kanvas-barnehagene gjennomf\u00f8rer ogs\u00e5 foreldrem\u00f8te \u00e9n eller to ganger i \u00e5ret.<\/p>\n<p>Les mer om startsamtalen,&nbsp;foreldresamtalene og foreldrem\u00f8tene her:&nbsp;<a href=\"https:\/\/www.kanvas.no\/2023\/07\/06\/startsamtale-foreldresamtaler-og-foreldremoter\/\">Startsamtale, foreldresamtaler og foreldrem\u00f8ter &#8211; Kanvas<\/a><\/p>\n<h3>Foreldrer\u00e5det og Samarbeidsutvalget (SU)<\/h3>\n<p>Foreldrer\u00e5det best\u00e5r av de foresatte til barna i barnehagen. Foreldrer\u00e5det skal fremme foreldrenes fellesinteresser&nbsp;og samarbeide med barnehagen om et&nbsp;barnehagemilj\u00f8 for barna. Foreldrer\u00e5det velger foreldrerepresentanter til samarbeidsutvalget (SU).<\/p>\n<p>Alle barnehager er p\u00e5lagt \u00e5 ha et samarbeidsutvalg. SU skal v\u00e6re et r\u00e5dgivende, kontaktskapende og samordnende organ, og best\u00e5r av foresatte og ansatte i barnehagen. Foreldrer\u00e5det og samarbeidsutvalget skal bli forelagt, og har rett til \u00e5 uttale seg i, saker som er viktige for foreldrenes forhold til barnehagen. Samarbeidsutvalget skal med utgangspunkt i rammeplanen vedta en \u00e5rsplan for den pedagogiske virksomheten. Informasjon om hvilke foreldre som er valgt som SU-representanter, samt kontaktinformasjon til disse, deles p\u00e5 MyKid.<\/p>\n<h3>Foreldreunders\u00f8kelsen<\/h3>\n<p>Kanvas-barnehagene deltar \u00e5rlig i den nasjonale foreldreunders\u00f8kelsen. I foreldreunders\u00f8kelsen f\u00e5r foresatte si sin mening om barnehagetilbudet, barnas trivsel og samarbeidet mellom hjem og barnehage.&nbsp;<\/p>\n<p>Unders\u00f8kelsen gjennomf\u00f8res mellom 6. januar og 31. januar. Resultatene blir tilgjengelig i februar.&nbsp;<\/p>\n<p>Resultatene fra foreldreunders\u00f8kelsen brukes av barnehagen som en hjelp til \u00e5 vurdere og utvikle barnehagetilbudet. Vi oppfordrer alle foreldre til \u00e5 delta p\u00e5 unders\u00f8kelsen.<\/p>\n<p>&nbsp;<\/p>\n<\/p><\/div>\n<div id=\"arshjul\">\n<h2>\u00c5rshjul<\/h2>\n<figure class=\"wp-block-image has-image-ratio-16-9 size-full\"><img decoding=\"async\" src=\"https:\/\/backstage.mykid.no\/_ajax\/download?t=eyJ0eXAiOiJKV1QiLCJhbGciOiJIUzI1NiJ9.eyJpYXQiOjE3NzY2ODc1OTAsImV4cCI6MjA5MjY4NzU5MCwiZmlsZV9pZCI6ImsrVzV6UDhEd0t4c0U4WlBtNzRyV2tIQjdNT0FyWGdnODRIZGN4TFczNVR1U0JGQk9tVi9zVnp5aWVMTDJZQmMxbzZKM0F5YzRaZGpNZWdQYzEybVJPR29sSkVmbmFIdVMyZkpQYWJkN0prd0EwNGdFRzhxS0Z1SkNLQXcwOFY3SGZGZUs5c1Nwd1prcG1YOTVkUTJrT3Q5aEl4MmdlZkk5TGVHc3dPWVBZTT0iLCJmaWxlbmFtZSI6IjZfMF85NjFmN2FiZTk0ZmJhZmYzYWI2MDIwNWVlOGVkMWQwYi5qcGcifQ.IHxX1y5YHsQwf8n8N5YPSrKGzJfn1xMZo4JjRCbANyw\" alt=\"\" \/><\/figure>\n<div class=\"calendar-outer\">\n<div class=\"calendar-container \">\n<div class=\"calendar-wrapper\">\n<div class=\"calendar-content\">\n<div class=\"calendar-left\">\n\t\t\t\t\t\t\t15. mai 2026\n\t\t\t\t\t\t\t<\/div>\n<div class=\"calendar-right\">\n<div class=\"calendar-inner\">\n<p>Planleggingsdag, barnehagen er stengt<\/p>\n<\/p><\/div>\n<\/p><\/div>\n<\/p><\/div>\n<\/p><\/div>\n<\/p><\/div>\n<div class=\"calendar-container \">\n<div class=\"calendar-wrapper\">\n<div class=\"calendar-content\">\n<div class=\"calendar-left\">\n\t\t\t\t\t\t\t20-31. jul 2026\n\t\t\t\t\t\t\t<\/div>\n<div class=\"calendar-right\">\n<div class=\"calendar-inner\">\n<p>Sommerferie, barnehagen er stengt<\/p>\n<\/p><\/div>\n<\/p><\/div>\n<\/p><\/div>\n<\/p><\/div>\n<\/p><\/div>\n<div class=\"calendar-container \">\n<div class=\"calendar-wrapper\">\n<div class=\"calendar-content\">\n<div class=\"calendar-left\">\n\t\t\t\t\t\t\t21. aug 2026\n\t\t\t\t\t\t\t<\/div>\n<div class=\"calendar-right\">\n<div class=\"calendar-inner\">\n<p>Planleggingsdag, barnehagen er stengt<\/p>\n<\/p><\/div>\n<\/p><\/div>\n<\/p><\/div>\n<\/p><\/div>\n<\/p><\/div>\n<div class=\"calendar-container \">\n<div class=\"calendar-wrapper\">\n<div class=\"calendar-content\">\n<div class=\"calendar-left\">\n\t\t\t\t\t\t\t29-30. okt 2026\n\t\t\t\t\t\t\t<\/div>\n<div class=\"calendar-right\">\n<div class=\"calendar-inner\">\n<p>Planleggingsdager, barnehagen er stengt<\/p>\n<\/p><\/div>\n<\/p><\/div>\n<\/p><\/div>\n<\/p><\/div>\n<\/p><\/div>\n<\/p><\/div>\n<\/p><\/div>\n<\/div>\n","protected":false},"excerpt":{"rendered":"<p>I informasjonsheftet finner du praktisk informasjon om barnehagen.<\/p>\n","protected":false},"author":1,"featured_media":0,"comment_status":"closed","ping_status":"closed","sticky":false,"template":"","format":"standard","meta":[],"categories":[1],"tags":[],"acf":[],"_links":{"self":[{"href":"https:\/\/www.kanvas.no\/skrellinga\/wp-json\/wp\/v2\/posts\/10111"}],"collection":[{"href":"https:\/\/www.kanvas.no\/skrellinga\/wp-json\/wp\/v2\/posts"}],"about":[{"href":"https:\/\/www.kanvas.no\/skrellinga\/wp-json\/wp\/v2\/types\/post"}],"author":[{"embeddable":true,"href":"https:\/\/www.kanvas.no\/skrellinga\/wp-json\/wp\/v2\/users\/1"}],"replies":[{"embeddable":true,"href":"https:\/\/www.kanvas.no\/skrellinga\/wp-json\/wp\/v2\/comments?post=10111"}],"version-history":[{"count":0,"href":"https:\/\/www.kanvas.no\/skrellinga\/wp-json\/wp\/v2\/posts\/10111\/revisions"}],"wp:attachment":[{"href":"https:\/\/www.kanvas.no\/skrellinga\/wp-json\/wp\/v2\/media?parent=10111"}],"wp:term":[{"taxonomy":"category","embeddable":true,"href":"https:\/\/www.kanvas.no\/skrellinga\/wp-json\/wp\/v2\/categories?post=10111"},{"taxonomy":"post_tag","embeddable":true,"href":"https:\/\/www.kanvas.no\/skrellinga\/wp-json\/wp\/v2\/tags?post=10111"}],"curies":[{"name":"wp","href":"https:\/\/api.w.org\/{rel}","templated":true}]}}